{"id":625171,"date":"2025-12-27T12:06:13","date_gmt":"2025-12-27T12:06:13","guid":{"rendered":"https:\/\/www.europesays.com\/fr\/625171\/"},"modified":"2025-12-27T12:06:13","modified_gmt":"2025-12-27T12:06:13","slug":"grippe-vigilance-dans-les-alpes-maritimes-pendant-les-fetes","status":"publish","type":"post","link":"https:\/\/www.europesays.com\/fr\/625171\/","title":{"rendered":"Grippe : vigilance dans les Alpes-Maritimes pendant les f\u00eates"},"content":{"rendered":"<p><strong>La grippe circule activement dans les Alpes-Maritimes depuis d\u00e9but d\u00e9cembre. \u00c0 Nice, les urgences et les cabinets m\u00e9dicaux font face \u00e0 une hausse marqu\u00e9e des consultations. Le CHU de Nice et la ville de Nice appellent \u00e0 la vigilance, au respect des gestes barri\u00e8res et \u00e0 la vaccination.<\/strong><\/p>\n<p>Dans les Alpes-Maritimes, <strong>la grippe est bien install\u00e9e<\/strong>. Le virus circule depuis d\u00e9but d\u00e9cembre. La situation est observ\u00e9e sur l\u2019ensemble du territoire, mais les indicateurs locaux montrent une activit\u00e9 plus soutenue que dans le reste de la r\u00e9gion Provence-Alpes-C\u00f4te d\u2019Azur.<\/p>\n<p>Au <a href=\"https:\/\/www.nicepremium.fr\/actualites\/qui-est-rodolphe-bourret-le-nouveau-directeur-du-chu-de-nice\/\" target=\"_blank\" data-type=\"link\" data-id=\"https:\/\/www.nicepremium.fr\/actualites\/qui-est-rodolphe-bourret-le-nouveau-directeur-du-chu-de-nice\/\" rel=\"noreferrer noopener\">CHU de Nice<\/a>, la pression est nette. Depuis plusieurs jours, les services d\u2019urgences enregistrent une augmentation de <strong>plus de 200 % des hospitalisations li\u00e9es \u00e0 la grippe<\/strong>. Cette hausse rapide est intervenu \u00e0 quelques jours des f\u00eates de fin d\u2019ann\u00e9e, p\u00e9riode marqu\u00e9e par de nombreux d\u00e9placements et des rassemblements familiaux.<\/p>\n<p>Parmi les<strong> patients <\/strong>hospitalis\u00e9s, <strong>75 % ont 75 ans et plus<\/strong>. Ces chiffres confirment la vuln\u00e9rabilit\u00e9 particuli\u00e8re des personnes \u00e2g\u00e9es face \u00e0 l\u2019infection grippale. Les complications concernent en priorit\u00e9 ce public. Les s\u00e9jours hospitaliers se multiplient, avec un impact direct sur l\u2019organisation des soins.<\/p>\n<p><strong>Cabinets satur\u00e9s et hausse des passages aux urgences<\/strong><\/p>\n<p>La tension hospitali\u00e8re se prolonge en m\u00e9decine de ville. \u00c0 Nice, <strong>les cabinets m\u00e9dicaux <\/strong>d\u2019urgence sont fortement sollicit\u00e9s. Les consultations pour la grippe repr\u00e9sentent jusqu\u2019\u00e0 60 % des patients re\u00e7us chez certains m\u00e9decins. Cette affluence complique la prise en charge des autres pathologies et allonge les d\u00e9lais d\u2019obtention d\u2019un rendez-vous.<\/p>\n<p>Les chiffres de l\u2019Agence r\u00e9gionale de sant\u00e9 PACA confirment cette dynamique. Dans les Alpes-Maritimes, <strong>le taux de passage aux urgences pour<\/strong> <strong>la grippe atteint 3,6 %<\/strong>. Ce taux est sup\u00e9rieur \u00e0 la moyenne r\u00e9gionale, \u00e9tablie \u00e0 2,4 %, selon le dernier relev\u00e9 de l\u2019ARS PACA, en attente de r\u00e9actualisation.<\/p>\n<p><strong>Les enfants sont \u00e9galement concern\u00e9s<\/strong>. Les 0-4 ans repr\u00e9sentent une part importante des passages aux urgences. Dans le d\u00e9partement, les enfants gripp\u00e9s comptent pour 7,4 % des passages, soit le double des adultes. Cette situation p\u00e8se sur les services p\u00e9diatriques et les urgences g\u00e9n\u00e9rales.<\/p>\n<p>Face \u00e0 cette circulation virale, le CHU de Nice a d\u00e9cid\u00e9 de <strong>r\u00e9tablir l\u2019obligation du port du masque<\/strong> dans l\u2019ensemble de ses locaux. Cette mesure vise \u00e0 prot\u00e9ger les patients les plus fragiles, \u00e0 limiter les contaminations internes et \u00e0 pr\u00e9server la continuit\u00e9 des soins pendant la p\u00e9riode des f\u00eates.<\/p>\n<p>Le port du masque reste \u00e9galement fortement recommand\u00e9 dans les lieux accueillant des personnes fragiles. Cette recommandation concerne notamment les visiteurs en <a href=\"https:\/\/www.nicepremium.fr\/actualites\/nouvel-ehpad-au-coeur-du-quartier-saint-roch\/\" target=\"_blank\" data-type=\"link\" data-id=\"https:\/\/www.nicepremium.fr\/actualites\/nouvel-ehpad-au-coeur-du-quartier-saint-roch\/\" rel=\"noreferrer noopener\">EHPAD<\/a> et en r\u00e9sidences autonomie. La pr\u00e9vention des contaminations dans ces structures reste un enjeu central.<\/p>\n<p>\u00c0 l\u2019approche des f\u00eates de fin d\u2019ann\u00e9e, les autorit\u00e9s sanitaires rappellent<strong> les gestes barri\u00e8res<\/strong>. Le port du masque d\u00e8s l\u2019apparition de sympt\u00f4mes comme la toux, la fi\u00e8vre ou le mal de gorge reste conseill\u00e9. <strong>L\u2019a\u00e9ration r\u00e9guli\u00e8re du logement<\/strong> fait partie des recommandations. Le lavage fr\u00e9quent des mains reste essentiel. Tousser dans son coude permet de limiter la diffusion du virus, selon l\u2019ARS PACA.<\/p>\n<blockquote class=\"twitter-tweet\" data-width=\"550\" data-dnt=\"true\">\n<p lang=\"fr\" dir=\"ltr\"><a href=\"https:\/\/twitter.com\/hashtag\/VirusDeLHiver?src=hash&amp;ref_src=twsrc%5Etfw\" target=\"_blank\" rel=\"noopener\">#VirusDeLHiver<\/a> | Contre les virus de l\u2019hiver, <a href=\"https:\/\/twitter.com\/hashtag\/COVID19?src=hash&amp;ref_src=twsrc%5Etfw\" target=\"_blank\" rel=\"noopener\">#COVID19<\/a>, <a href=\"https:\/\/twitter.com\/hashtag\/grippe?src=hash&amp;ref_src=twsrc%5Etfw\" target=\"_blank\" rel=\"noopener\">#grippe<\/a> et <a href=\"https:\/\/twitter.com\/hashtag\/bronchiolite?src=hash&amp;ref_src=twsrc%5Etfw\" target=\"_blank\" rel=\"noopener\">#bronchiolite<\/a>, portez le masque en pr\u00e9sence de sympt\u00f4mes (toux, nez qui coule, mal de gorge, fi\u00e8vre), afin de limiter leur transmission \ud83d\ude37<\/p>\n<p>Plus d&#39;infos sur les gestes barri\u00e8res : <a href=\"https:\/\/t.co\/q4fDwZ04oN\">https:\/\/t.co\/q4fDwZ04oN<\/a>\u2026 <a href=\"https:\/\/t.co\/T0rk3dxLPI\">pic.twitter.com\/T0rk3dxLPI<\/a><\/p>\n<p>&mdash; Minist\u00e8re de la Sant\u00e9 (@Sante_Gouv) <a href=\"https:\/\/twitter.com\/Sante_Gouv\/status\/2003020181639991433?ref_src=twsrc%5Etfw\" target=\"_blank\" rel=\"noopener\">December 22, 2025<\/a><\/p><\/blockquote>\n<p><script async src=\"https:\/\/platform.twitter.com\/widgets.js\" charset=\"utf-8\"><\/script>\n<\/p>\n<p><a href=\"https:\/\/www.nicepremium.fr\/actualites\/grippe-covid-la-vaccination-debute-gratuitement-aujourdhui\/\" data-type=\"link\" data-id=\"https:\/\/www.nicepremium.fr\/actualites\/grippe-covid-la-vaccination-debute-gratuitement-aujourdhui\/\" target=\"_blank\" rel=\"noreferrer noopener\"><strong>La vaccination<\/strong> <\/a>reste la mesure la plus efficace pour r\u00e9duire les risques de formes graves, les hospitalisations et la transmission de la grippe. La campagne de vaccination contre la grippe et le Covid-19 se poursuit <strong>jusqu\u2019au 31 janvier 2026<\/strong>. La vaccination est accessible chez les pharmaciens, chez les m\u00e9decins traitants et dans les centres de vaccination. \u00c0 Nice, <strong><a href=\"https:\/\/www.google.com\/maps\/place\/10+Rue+Hancy,+06000+Nice\/@43.7046747,7.2656764,17z\/data=!3m1!4b1!4m6!3m5!1s0x12cddaa8f419c07d:0xbe7fb419653f2163!8m2!3d43.7046709!4d7.2682513!16s%2Fg%2F11rp38z3fr?entry=ttu&amp;g_ep=EgoyMDI1MTIwOS4wIKXMDSoASAFQAw%3D%3D\" data-type=\"link\" data-id=\"https:\/\/www.google.com\/maps\/place\/10+Rue+Hancy,+06000+Nice\/@43.7046747,7.2656764,17z\/data=!3m1!4b1!4m6!3m5!1s0x12cddaa8f419c07d:0xbe7fb419653f2163!8m2!3d43.7046709!4d7.2682513!16s%2Fg%2F11rp38z3fr?entry=ttu&amp;g_ep=EgoyMDI1MTIwOS4wIKXMDSoASAFQAw%3D%3D\" target=\"_blank\" rel=\"noreferrer noopener\">le centre de la rue Hancy<\/a><\/strong> reste mobilis\u00e9. L\u2019acc\u00e8s \u00e0 la vaccination est assur\u00e9 dans les centres municipaux. Des conseils de pr\u00e9vention sont propos\u00e9s dans les maisons de sant\u00e9.<\/p>\n<p>Dans ce contexte, la mobilisation individuelle reste d\u00e9terminante. Le respect des gestes barri\u00e8res et le recours \u00e0 la vaccination participent \u00e0 la limitation de la circulation du virus. Ces pratiques conditionnent aussi la capacit\u00e9 des services de soins \u00e0<strong> faire face \u00e0 la p\u00e9riode des f\u00eates <\/strong>dans des conditions ma\u00eetris\u00e9es.<\/p>\n<p><strong>NicePremium est un m\u00e9dia local ind\u00e9pendant et gratuit.<\/strong><br \/>Pour nous aider \u00e0 continuer, vous pouvez soutenir notre travail \u00e0 partir de 5 \u20ac par mois.<\/p>\n<p><a class=\"np-soutien-btn\" href=\"https:\/\/www.nicepremium.fr\/faire-un-don\/\" target=\"_blank\" rel=\"noopener\">Soutenir NicePremium<\/a><\/p>\n<p>        <script async src=\"https:\/\/platform.twitter.com\/widgets.js\" charset=\"utf-8\"><\/script><\/p>\n","protected":false},"excerpt":{"rendered":"La grippe circule activement dans les Alpes-Maritimes depuis d\u00e9but d\u00e9cembre. \u00c0 Nice, les urgences et les cabinets m\u00e9dicaux&hellip;\n","protected":false},"author":2,"featured_media":625172,"comment_status":"","ping_status":"","sticky":false,"template":"","format":"standard","meta":{"footnotes":""},"categories":[2819],"tags":[1111,11,1777,674,1011,27,12,2401,882,25],"class_list":{"0":"post-625171","1":"post","2":"type-post","3":"status-publish","4":"format-standard","5":"has-post-thumbnail","7":"category-nice","8":"tag-actu","9":"tag-actualites","10":"tag-eu","11":"tag-europe","12":"tag-fr","13":"tag-france","14":"tag-news","15":"tag-nice","16":"tag-provence-alpes-cote-dazur","17":"tag-republique-francaise"},"share_on_mastodon":{"url":"https:\/\/pubeurope.com\/@fr\/115791448333877662","error":""},"_links":{"self":[{"href":"https:\/\/www.europesays.com\/fr\/wp-json\/wp\/v2\/posts\/625171","targetHints":{"allow":["GET"]}}],"collection":[{"href":"https:\/\/www.europesays.com\/fr\/wp-json\/wp\/v2\/posts"}],"about":[{"href":"https:\/\/www.europesays.com\/fr\/wp-json\/wp\/v2\/types\/post"}],"author":[{"embeddable":true,"href":"https:\/\/www.europesays.com\/fr\/wp-json\/wp\/v2\/users\/2"}],"replies":[{"embeddable":true,"href":"https:\/\/www.europesays.com\/fr\/wp-json\/wp\/v2\/comments?post=625171"}],"version-history":[{"count":0,"href":"https:\/\/www.europesays.com\/fr\/wp-json\/wp\/v2\/posts\/625171\/revisions"}],"wp:featuredmedia":[{"embeddable":true,"href":"https:\/\/www.europesays.com\/fr\/wp-json\/wp\/v2\/media\/625172"}],"wp:attachment":[{"href":"https:\/\/www.europesays.com\/fr\/wp-json\/wp\/v2\/media?parent=625171"}],"wp:term":[{"taxonomy":"category","embeddable":true,"href":"https:\/\/www.europesays.com\/fr\/wp-json\/wp\/v2\/categories?post=625171"},{"taxonomy":"post_tag","embeddable":true,"href":"https:\/\/www.europesays.com\/fr\/wp-json\/wp\/v2\/tags?post=625171"}],"curies":[{"name":"wp","href":"https:\/\/api.w.org\/{rel}","templated":true}]}}