{"id":625173,"date":"2025-12-27T12:07:10","date_gmt":"2025-12-27T12:07:10","guid":{"rendered":"https:\/\/www.europesays.com\/fr\/625173\/"},"modified":"2025-12-27T12:07:10","modified_gmt":"2025-12-27T12:07:10","slug":"a-nantes-ce-festival-annonce-ne-pas-revenir-en-2026","status":"publish","type":"post","link":"https:\/\/www.europesays.com\/fr\/625173\/","title":{"rendered":"\u00c0 Nantes, ce festival annonce ne pas revenir en 2026"},"content":{"rendered":"<p>                    Par<br \/>\n        <strong><br \/>\n            <a href=\"https:\/\/actu.fr\/auteur\/thomas-bernard\" title=\"Consulter tous les articles de Thomas Bernard\" target=\"_blank\" rel=\"noopener\">Thomas Bernard<\/a><br \/>\n                    <\/strong><\/p>\n<p>        Publi\u00e9 le<\/p>\n<p>            27 d\u00e9c. 2025 \u00e0 12h46        <\/p>\n<p>Mauvaise nouvelle pour les amateurs de p\u00eache. <b>Du 23 au 25\u00a0mai 2025<\/b>, le parc des expositions de Nantes avait accueilli<a href=\"https:\/\/actu.fr\/pays-de-la-loire\/nantes_44109\/nantes-un-nouveau-festival-de-la-peche-va-reunir-passionnes-et-novices_62418031.html\" target=\"_blank\" rel=\"noopener\"> la premi\u00e8re \u00e9dition du festival national de la p\u00eache<\/a>. Un \u00e9v\u00e9nement organis\u00e9 par le GIFAP (Groupement des Industries et Fabricants d\u2019Articles de P\u00eache) et Exponantes, et en partenariat avec la F\u00e9d\u00e9ration Nationale de la P\u00eache en France (FNPF) et la Conf\u00e9d\u00e9ration Mer &amp; Libert\u00e9 (CML).<\/p>\n<p>\u00ab\u2009Le festival ne se tiendra pas en 2026\u2009\u00bb<\/p>\n<p class=\" wall-content\"><b>\u00ab\u2009Le Festival ne se tiendra pas en 2026<\/b>. Nous travaillons d\u00e8s aujourd\u2019hui \u00e0 la prochaine \u00e9tape de l\u2019\u00e9v\u00e9nement\u2009\u00bb, ont annonc\u00e9 les organisateurs dans une publication sur <a href=\"https:\/\/www.facebook.com\/photo?fbid=1282885690548517&amp;set=a.560156156154811\" target=\"_blank\" rel=\"noopener\">leurs r\u00e9seaux sociaux<\/a>.<\/p>\n<p class=\" wall-content\">Personnalisez votre actualit\u00e9 en ajoutant vos villes et m\u00e9dias en favori avec <a href=\"https:\/\/moncompte.actu.fr\" title=\"D\u00e9couvez Mon Actu\" rel=\"nofollow noopener\" data-trk=\"{&quot;cta&quot;:{&quot;action&quot;:&quot;https:\\\/\\\/moncompte.actu.fr&quot;,&quot;category&quot;:&quot;mon compte&quot;,&quot;from&quot;:&quot;article footer&quot;,&quot;name&quot;:&quot;Mon actu&quot;,&quot;type&quot;:&quot;cta&quot;}}\" target=\"_blank\">Mon Actu<\/a>.<\/p>\n","protected":false},"excerpt":{"rendered":"Par Thomas Bernard Publi\u00e9 le 27 d\u00e9c. 2025 \u00e0 12h46 Mauvaise nouvelle pour les amateurs de p\u00eache. Du&hellip;\n","protected":false},"author":2,"featured_media":625174,"comment_status":"","ping_status":"","sticky":false,"template":"","format":"standard","meta":{"footnotes":""},"categories":[2818],"tags":[1111,11,1777,674,1011,27,1652,766,12,2636,4838,25],"class_list":{"0":"post-625173","1":"post","2":"type-post","3":"status-publish","4":"format-standard","5":"has-post-thumbnail","7":"category-nantes","8":"tag-actu","9":"tag-actualites","10":"tag-eu","11":"tag-europe","12":"tag-fr","13":"tag-france","14":"tag-loisirs-culture","15":"tag-nantes","16":"tag-news","17":"tag-pays-de-la-loire","18":"tag-peche","19":"tag-republique-francaise"},"share_on_mastodon":{"url":"https:\/\/pubeurope.com\/@fr\/115791452272888921","error":""},"_links":{"self":[{"href":"https:\/\/www.europesays.com\/fr\/wp-json\/wp\/v2\/posts\/625173","targetHints":{"allow":["GET"]}}],"collection":[{"href":"https:\/\/www.europesays.com\/fr\/wp-json\/wp\/v2\/posts"}],"about":[{"href":"https:\/\/www.europesays.com\/fr\/wp-json\/wp\/v2\/types\/post"}],"author":[{"embeddable":true,"href":"https:\/\/www.europesays.com\/fr\/wp-json\/wp\/v2\/users\/2"}],"replies":[{"embeddable":true,"href":"https:\/\/www.europesays.com\/fr\/wp-json\/wp\/v2\/comments?post=625173"}],"version-history":[{"count":0,"href":"https:\/\/www.europesays.com\/fr\/wp-json\/wp\/v2\/posts\/625173\/revisions"}],"wp:featuredmedia":[{"embeddable":true,"href":"https:\/\/www.europesays.com\/fr\/wp-json\/wp\/v2\/media\/625174"}],"wp:attachment":[{"href":"https:\/\/www.europesays.com\/fr\/wp-json\/wp\/v2\/media?parent=625173"}],"wp:term":[{"taxonomy":"category","embeddable":true,"href":"https:\/\/www.europesays.com\/fr\/wp-json\/wp\/v2\/categories?post=625173"},{"taxonomy":"post_tag","embeddable":true,"href":"https:\/\/www.europesays.com\/fr\/wp-json\/wp\/v2\/tags?post=625173"}],"curies":[{"name":"wp","href":"https:\/\/api.w.org\/{rel}","templated":true}]}}