{"id":625176,"date":"2025-12-27T12:08:11","date_gmt":"2025-12-27T12:08:11","guid":{"rendered":"https:\/\/www.europesays.com\/fr\/625176\/"},"modified":"2025-12-27T12:08:11","modified_gmt":"2025-12-27T12:08:11","slug":"nantes-previsions-meteo-du-samedi-27-decembre-2025","status":"publish","type":"post","link":"https:\/\/www.europesays.com\/fr\/625176\/","title":{"rendered":"Nantes : pr\u00e9visions m\u00e9t\u00e9o du samedi 27 d\u00e9cembre 2025"},"content":{"rendered":"<p>\u00c0 Nantes, la journ\u00e9e du samedi 27 d\u00e9cembre 2025 sera g\u00e9n\u00e9ralement froide avec un ciel tr\u00e8s nuageux le matin avant une am\u00e9lioration ensoleill\u00e9e l\u2019apr\u00e8s-midi. Le vent d\u2019est souffle mod\u00e9r\u00e9ment sans risque de pr\u00e9cipitation.<\/p>\n<p>Un flux continental sec apporte fra\u00eecheur et ciel d\u00e9gag\u00e9 sur Nantes ce vendredi 27 d\u00e9cembre 2025. Les mod\u00e8les s\u2019accordent sur une journ\u00e9e sans pluie, caract\u00e9ris\u00e9e par un vent d\u2019est mod\u00e9r\u00e9 et des temp\u00e9ratures r\u00e9solument hivernales.<\/p>\n<p>Aucune pluie \u00e0 l\u2019horizon, avec un maximum de <b>5 \u00b0C<\/b> et un minimum de <b>1 \u00b0C<\/b> : une journ\u00e9e typiquement hivernale, sans exc\u00e8s, mais sous l\u2019influence persistante d\u2019un vent d\u2019est marqu\u00e9.<\/p>\n<p>Matin : lever de soleil \u00e0 08 h 52<\/p>\n<p>Le soleil se l\u00e8ve \u00e0 08 h 52, mais la matin\u00e9e reste sous un ciel tr\u00e8s nuageux.<\/p>\n<p>\u00c0 09 h, le thermom\u00e8tre affiche seulement <b>1 \u00b0C<\/b>, avec un ressenti glacial de <b>-4 \u00b0C<\/b> sous l\u2019effet d\u2019un vent de Nord-Est soufflant \u00e0 20 km\/h.<\/p>\n<p>Humidit\u00e9 \u00e0 84 %, pression \u00e0 1 026 hPa : l\u2019atmosph\u00e8re froide et humide favorise la formation de givre sur les pare-brise et les trottoirs.<\/p>\n<p>La qualit\u00e9 de l\u2019air est indiqu\u00e9e comme ind\u00e9finie ; l\u2019absence de pr\u00e9cipitations ne permet pas le nettoyage naturel des particules, m\u00eame si la ventilation limite leur accumulation.<\/p>\n<ul>\n<li>Gratte-pare-brise conseill\u00e9 avant 09 h.<\/li>\n<li>Privil\u00e9giez des gants isolants pour les d\u00e9placements \u00e0 v\u00e9lo.<\/li>\n<li>Surveillez les surfaces humides susceptibles de geler.<\/li>\n<\/ul>\n<p>Apr\u00e8s-midi<\/p>\n<p>Le ciel se d\u00e9gage compl\u00e8tement en milieu de journ\u00e9e, laissant place \u00e0 un franc soleil qui r\u00e9chauffe timidement l\u2019atmosph\u00e8re.<\/p>\n<p>\u00c0 15 h, on enregistre <b>5 \u00b0C<\/b>, ressenti <b>0 \u00b0C<\/b> sous la m\u00eame bise d\u2019est-nord-est \u00e0 20 km\/h.<\/p>\n<p>L\u2019humidit\u00e9 descend \u00e0 75 %, ce qui facilite le s\u00e9chage des sols, mais l\u2019air reste mordant ; lunettes de soleil et gants demeurent conseill\u00e9s.<\/p>\n<p>La lumi\u00e8re s\u2019impose, mais l\u2019indice UV hivernal reste faible ; un voile nuageux d\u2019altitude, parfois travers\u00e9 par le soleil, rappelle l\u2019importance de la cr\u00e8me solaire, m\u00eame par 5 \u00b0C.<\/p>\n<ul>\n<li>Pensez \u00e0 hydrater votre peau expos\u00e9e au froid.<\/li>\n<li>Limitez votre vitesse \u00e0 v\u00e9lo face au vent.<\/li>\n<li>S\u00e9chez le linge en ext\u00e9rieur : air sec et vent sont favorables.<\/li>\n<\/ul>\n<p>Soir : coucher de soleil \u00e0 17 h 22<\/p>\n<p>Le soleil se couche \u00e0 17 h 22, et le mercure chute rapidement sous un ciel toujours parfaitement d\u00e9gag\u00e9.<\/p>\n<p>\u00c0 21 h, la temp\u00e9rature descend \u00e0 <b>2 \u00b0C<\/b>, ressenti <b>-3 \u00b0C<\/b> sous un flux est-nord-est de 18 km\/h.<\/p>\n<p>Humidit\u00e9 \u00e0 89 % : un l\u00e9ger brouillard est possible pr\u00e8s de la Loire, et la vigilance s\u2019impose sur les chauss\u00e9es qui peuvent devenir glissantes apr\u00e8s l\u2019activit\u00e9.<\/p>\n<p>Il est conseill\u00e9 de maintenir un chauffage stable dans les foyers ; avec une amplitude de seulement 4 \u00b0C, la consommation restera mod\u00e9r\u00e9e, mais la sensation de froid exigera des v\u00eatements adapt\u00e9s pour les retours tardifs.<\/p>\n<p>Pour planifier vos sorties hivernales, consultez <a href=\"https:\/\/www.meteocity.com\/france\/nantes-v2990969\" target=\"_blank\" rel=\"noopener\">le bulletin complet de Nantes<\/a> mis \u00e0 jour en temps r\u00e9el.<\/p>\n<p>Tendance g\u00e9n\u00e9rale pour le lendemain<\/p>\n<p>La journ\u00e9e du samedi 28 d\u00e9cembre s\u2019annonce tr\u00e8s nuageuse, dans la continuit\u00e9 du flux continental.<\/p>\n<p>Temp\u00e9ratures pr\u00e9vues : <b>0 \u00b0C<\/b> \u00e0 l\u2019aube, <b>5 \u00b0C<\/b> au meilleur de l\u2019apr\u00e8s-midi.<\/p>\n<p>Le vent de nord-est restera mod\u00e9r\u00e9, autour de 22 km\/h, accentuant le ressenti jusqu\u2019\u00e0 <b>-5 \u00b0C<\/b> la nuit.<\/p>\n<p>Toujours aucune pluie en perspective, mais l\u2019humidit\u00e9 proche de 85 % pourra favoriser quelques brumes matinales.<\/p>\n<p>Cette succession de journ\u00e9es s\u00e8ches confirme la domination d\u2019un anticyclone hivernal ; les sp\u00e9cialistes du GIEC rappellent que ces situations, plus fr\u00e9quentes, modifient la r\u00e9partition des pluies saisonni\u00e8res sur l\u2019ouest du pays.<\/p>\n<p>Dans l\u2019attente d\u2019un \u00e9ventuel changement de masse d\u2019air en d\u00e9but de semaine prochaine, il conviendra de rester attentif aux mises \u00e0 jour ; la moindre variation pourrait ramener des pr\u00e9cipitations bienvenues pour des nappes encore d\u00e9ficitaires.<\/p>\n<p>Si vous anticipez vos d\u00e9placements du weekend prolong\u00e9, jetez un \u0153il \u00e0 <a href=\"https:\/\/www.meteocity.com\/france\/nantes-v2990969\/meteo-week-end\" target=\"_blank\" rel=\"noopener\">nos pr\u00e9visions week-end<\/a>.<\/p>\n","protected":false},"excerpt":{"rendered":"\u00c0 Nantes, la journ\u00e9e du samedi 27 d\u00e9cembre 2025 sera g\u00e9n\u00e9ralement froide avec un ciel tr\u00e8s nuageux le&hellip;\n","protected":false},"author":2,"featured_media":625177,"comment_status":"","ping_status":"","sticky":false,"template":"","format":"standard","meta":{"footnotes":""},"categories":[2818],"tags":[1111,11,1777,674,1011,27,766,12,2636,25],"class_list":{"0":"post-625176","1":"post","2":"type-post","3":"status-publish","4":"format-standard","5":"has-post-thumbnail","7":"category-nantes","8":"tag-actu","9":"tag-actualites","10":"tag-eu","11":"tag-europe","12":"tag-fr","13":"tag-france","14":"tag-nantes","15":"tag-news","16":"tag-pays-de-la-loire","17":"tag-republique-francaise"},"share_on_mastodon":{"url":"https:\/\/pubeurope.com\/@fr\/115791456121599921","error":""},"_links":{"self":[{"href":"https:\/\/www.europesays.com\/fr\/wp-json\/wp\/v2\/posts\/625176","targetHints":{"allow":["GET"]}}],"collection":[{"href":"https:\/\/www.europesays.com\/fr\/wp-json\/wp\/v2\/posts"}],"about":[{"href":"https:\/\/www.europesays.com\/fr\/wp-json\/wp\/v2\/types\/post"}],"author":[{"embeddable":true,"href":"https:\/\/www.europesays.com\/fr\/wp-json\/wp\/v2\/users\/2"}],"replies":[{"embeddable":true,"href":"https:\/\/www.europesays.com\/fr\/wp-json\/wp\/v2\/comments?post=625176"}],"version-history":[{"count":0,"href":"https:\/\/www.europesays.com\/fr\/wp-json\/wp\/v2\/posts\/625176\/revisions"}],"wp:featuredmedia":[{"embeddable":true,"href":"https:\/\/www.europesays.com\/fr\/wp-json\/wp\/v2\/media\/625177"}],"wp:attachment":[{"href":"https:\/\/www.europesays.com\/fr\/wp-json\/wp\/v2\/media?parent=625176"}],"wp:term":[{"taxonomy":"category","embeddable":true,"href":"https:\/\/www.europesays.com\/fr\/wp-json\/wp\/v2\/categories?post=625176"},{"taxonomy":"post_tag","embeddable":true,"href":"https:\/\/www.europesays.com\/fr\/wp-json\/wp\/v2\/tags?post=625176"}],"curies":[{"name":"wp","href":"https:\/\/api.w.org\/{rel}","templated":true}]}}