{"id":625178,"date":"2025-12-27T12:09:12","date_gmt":"2025-12-27T12:09:12","guid":{"rendered":"https:\/\/www.europesays.com\/fr\/625178\/"},"modified":"2025-12-27T12:09:12","modified_gmt":"2025-12-27T12:09:12","slug":"quest-ce-que-les-procedures-afafe-chargees-de-reparer-les-territoires-traverses","status":"publish","type":"post","link":"https:\/\/www.europesays.com\/fr\/625178\/","title":{"rendered":"qu\u2019est-ce que les proc\u00e9dures Afafe, charg\u00e9es de \u00ab\u00a0r\u00e9parer\u00a0\u00bb les territoires travers\u00e9s\u00a0?"},"content":{"rendered":"<p>1 Une d\u00e9cision locale<\/p>\n<p>En cas de r\u00e9alisation du projet de LGV, le passage de la future ligne \u00e0 grande vitesse Bordeaux-Toulouse entra\u00eenera n\u00e9cessairement des coupures de parcelles sur le territoire. Des exploitations&#8230;<\/p>\n<p>1 Une d\u00e9cision locale<\/p>\n<p>En cas de r\u00e9alisation du projet de LGV, le passage de la future ligne \u00e0 grande vitesse Bordeaux-Toulouse entra\u00eenera n\u00e9cessairement des coupures de parcelles sur le territoire. Des exploitations s\u00e9par\u00e9es par la voie ferr\u00e9e et, plus g\u00e9n\u00e9ralement, des modifications durables du paysage agricole et forestier. Pour tenter d\u2019y r\u00e9pondre et de compenser les \u00ab\u00a0dommages \u00e9ventuels\u00a0\u00bb, des commissions communales ou intercommunales d\u2019am\u00e9nagement foncier (CCAF et CIAF) sont mises en place dans les territoires concern\u00e9s.<\/p>\n<p>Leur r\u00f4le est d\u00e9terminant\u00a0: lors d\u2019une premi\u00e8re r\u00e9union, elles doivent se prononcer sur l\u2019opportunit\u00e9 m\u00eame de recourir \u00e0 cette proc\u00e9dure d\u2019Afafe. En cas de vote favorable des membres de la commission, le Conseil d\u00e9partemental devra ensuite engager des \u00e9tudes d\u2019un an, afin de d\u00e9finir un p\u00e9rim\u00e8tre d\u2019intervention, distinct de celui du projet ferroviaire. Ce p\u00e9rim\u00e8tre peut \u00eatre tr\u00e8s \u00e9tendu, bien au-del\u00e0 de la surface de l\u2019emprise de la ligne, afin de permettre une r\u00e9organisation globale des terres.<\/p>\n<p>2 Qui d\u00e9cide, qui finance\u00a0?<\/p>\n<p>Ces commissions rassemblent propri\u00e9taires fonciers, agriculteurs, \u00e9lus locaux, ainsi que trois personnes qualifi\u00e9es pour la protection de la nature. En cas de vote favorable, c\u2019est SNCF R\u00e9seau, ma\u00eetre d\u2019ouvrage du projet, qui est tenue de financer les am\u00e9nagements fonciers, comme le pr\u00e9voit la d\u00e9claration d\u2019utilit\u00e9 publique (DUP) de 2016 (art.\u00a03). Le ma\u00eetre d\u2019ouvrage ne participe en revanche pas au vote.<\/p>\n<p>\u00ab\u00a0La zone d\u2019emprise, c\u2019est nous, ma\u00eetre d\u2019ouvrage, qui nous en occupons. Mais la DUP pr\u00e9voit que c\u2019est bien nous qui sommes tenus de financer ces am\u00e9nagements fonciers dans le p\u00e9rim\u00e8tre qui sera d\u00e9fini\u00a0\u00bb, rappelle Armand Thomas, responsable foncier de SNCF R\u00e9seau pour la LNSO. Sur l\u2019ensemble du trac\u00e9 Bordeaux-Toulouse (tous d\u00e9partements confondus), 20\u00a0commissions communales et intercommunales se sont d\u00e9j\u00e0 prononc\u00e9es, dont 18 favorablement.<\/p>\n<p>Si la commission vote en faveur de l\u2019am\u00e9nagement foncier, la proc\u00e9dure peut ensuite d\u00e9boucher sur des \u00e9changes de parcelles, mais aussi sur la cr\u00e9ation de nouveaux acc\u00e8s, de chemins d\u2019exploitation ou encore des travaux hydrauliques. En revanche, en cas de refus du jury, pas de remembrement global sur le secteur concern\u00e9\u00a0: \u00ab\u00a0Les compensations se n\u00e9gocient alors au cas par cas entre la SNCF et les propri\u00e9taires. Si ce n\u2019est pas de l\u2019ing\u00e9nierie fonci\u00e8re globale, il peut y avoir des indemnisations financi\u00e8res plus importantes\u00a0\u00bb, reprend Armand Thomas. Int\u00e9r\u00eats collectifs et personnels peuvent donc faire irruption lors de ces commissions, au-del\u00e0 du simple avis positif ou n\u00e9gatif au sujet de la LGV.<\/p>\n<p>3 Une logique de compensation contest\u00e9e<\/p>\n<p>Pour SNCF R\u00e9seau, ces proc\u00e9dures rel\u00e8vent d\u2019une logique de \u00ab\u00a0r\u00e9paration\u00a0\u00bb des impacts du projet. L\u2019objectif affich\u00e9 est de maintenir la viabilit\u00e9 des exploitations agricoles et foresti\u00e8res, malgr\u00e9 les coupures induites par la ligne, en repensant l\u2019organisation fonci\u00e8re du territoire.<\/p>\n<p>Mais cette approche ne fait pas l\u2019unanimit\u00e9. Pr\u00e9sident de <a href=\"https:\/\/www.sudouest.fr\/environnement\/environnement-en-gironde-ils-creent-une-association-pour-donner-des-droits-au-ciron-bien-commun-environnemental-24813996.php\" target=\"_blank\" rel=\"noopener\">l\u2019association Ciron bien commun<\/a> et membre de plusieurs de ces commissions en Gironde, Jean-Yves Boutet estime que les d\u00e9g\u00e2ts caus\u00e9s par le trac\u00e9 dans la vall\u00e9e du Ciron seraient irr\u00e9versibles. \u00ab\u00a0Tous les remembrements ont le m\u00eame effet\u00a0: ils ne vont pas dans le sens du maintien de la biodiversit\u00e9\u00a0\u00bb, affirme ce biologiste de formation, qui a vot\u00e9 contre lors de la commission de Landiras, le 18\u00a0d\u00e9cembre dernier. Selon lui, \u00ab\u00a0il n\u2019existe aucune compensation possible face \u00e0 un tel d\u00e9sastre \u00e9cologique. [\u2026] Refaire des maillages de parcelles, \u00e7a entra\u00eene la modification des \u00e9cosyst\u00e8mes. Vous vous retrouvez avec des terrains plus grands, avec un type de v\u00e9g\u00e9tation, d\u2019arbre ou de culture\u2026 \u00c7a bouleverse tout\u00a0\u00bb, craint le pr\u00e9sident de cette association.<\/p>\n<p>Si Ciron bien commun ne s\u2019oppose pas \u00e0 proprement parler aux mesures compensatoires, l\u2019association juge n\u00e9anmoins que les d\u00e9cisions sont prises \u00ab\u00a0trop rapidement\u00a0\u00bb, alors m\u00eame que le trac\u00e9 reste contest\u00e9 par certains acteurs locaux.<\/p>\n<p>4 O\u00f9 en est-on en Gironde\u00a0?<\/p>\n<p>En Gironde, onze commissions d\u2019am\u00e9nagement foncier sont concern\u00e9es par la LGV Bordeaux-Toulouse\u00a0: sept commissions communales et quatre intercommunales. Si Landiras a vot\u00e9 positivement pour le d\u00e9clenchement de la proc\u00e9dure le 18\u00a0d\u00e9cembre dernier, Balizac, Captieux ou encore Pr\u00e9chac seront aussi concern\u00e9es avant la fin du mois de janvier. Toutes doivent tenir cette premi\u00e8re r\u00e9union strat\u00e9gique, au cours de laquelle se jouera l\u2019avenir \u2013 ou non \u2013 de la proc\u00e9dure AFAFE sur leur territoire.<\/p>\n","protected":false},"excerpt":{"rendered":"1 Une d\u00e9cision locale En cas de r\u00e9alisation du projet de LGV, le passage de la future ligne&hellip;\n","protected":false},"author":2,"featured_media":571387,"comment_status":"","ping_status":"","sticky":false,"template":"","format":"standard","meta":{"footnotes":""},"categories":[2817],"tags":[1111,11,1997,1777,674,1011,27,12,2219,25],"class_list":{"0":"post-625178","1":"post","2":"type-post","3":"status-publish","4":"format-standard","5":"has-post-thumbnail","7":"category-bordeaux","8":"tag-actu","9":"tag-actualites","10":"tag-bordeaux","11":"tag-eu","12":"tag-europe","13":"tag-fr","14":"tag-france","15":"tag-news","16":"tag-nouvelle-aquitaine","17":"tag-republique-francaise"},"share_on_mastodon":{"url":"https:\/\/pubeurope.com\/@fr\/115791460070977838","error":""},"_links":{"self":[{"href":"https:\/\/www.europesays.com\/fr\/wp-json\/wp\/v2\/posts\/625178","targetHints":{"allow":["GET"]}}],"collection":[{"href":"https:\/\/www.europesays.com\/fr\/wp-json\/wp\/v2\/posts"}],"about":[{"href":"https:\/\/www.europesays.com\/fr\/wp-json\/wp\/v2\/types\/post"}],"author":[{"embeddable":true,"href":"https:\/\/www.europesays.com\/fr\/wp-json\/wp\/v2\/users\/2"}],"replies":[{"embeddable":true,"href":"https:\/\/www.europesays.com\/fr\/wp-json\/wp\/v2\/comments?post=625178"}],"version-history":[{"count":0,"href":"https:\/\/www.europesays.com\/fr\/wp-json\/wp\/v2\/posts\/625178\/revisions"}],"wp:featuredmedia":[{"embeddable":true,"href":"https:\/\/www.europesays.com\/fr\/wp-json\/wp\/v2\/media\/571387"}],"wp:attachment":[{"href":"https:\/\/www.europesays.com\/fr\/wp-json\/wp\/v2\/media?parent=625178"}],"wp:term":[{"taxonomy":"category","embeddable":true,"href":"https:\/\/www.europesays.com\/fr\/wp-json\/wp\/v2\/categories?post=625178"},{"taxonomy":"post_tag","embeddable":true,"href":"https:\/\/www.europesays.com\/fr\/wp-json\/wp\/v2\/tags?post=625178"}],"curies":[{"name":"wp","href":"https:\/\/api.w.org\/{rel}","templated":true}]}}