{"id":625179,"date":"2025-12-27T12:10:28","date_gmt":"2025-12-27T12:10:28","guid":{"rendered":"https:\/\/www.europesays.com\/fr\/625179\/"},"modified":"2025-12-27T12:10:28","modified_gmt":"2025-12-27T12:10:28","slug":"en-gironde-la-coordination-rurale-leve-le-barrage-sur-lautoroute-a-63","status":"publish","type":"post","link":"https:\/\/www.europesays.com\/fr\/625179\/","title":{"rendered":"en Gironde, la Coordination rurale l\u00e8ve le barrage sur l\u2019autoroute A\u00a063"},"content":{"rendered":"<p>Un \u00e9norme tas de palettes se consume dans son dos, d\u00e9gageant une \u00e9paisse fum\u00e9e. Le trafic dans le sens Espagne-Bordeaux est coup\u00e9 depuis le dimanche 14\u00a0d\u00e9cembre au soir. Une d\u00e9viation fastidieuse envoie l\u2019habituel mur de camions dans des voies parall\u00e8les malais\u00e9es. Dans l\u2019autre sens, la circulation est d\u00e9vi\u00e9e juste pour le franchissement de l\u2019\u00e9changeur assi\u00e9g\u00e9. De nombreux v\u00e9hicules passent en klaxonnant, signe de soutien ou, peut-\u00eatre, joie de voir sauter le barrage.<\/p>\n<p>Ils sont une vingtaine encore sur place ce vendredi matin, bonnet jaune sur le cr\u00e2ne et visage las. Fatigu\u00e9s. \u00ab\u00a0Le bilan\u00a0? Rien\u00a0! On a parl\u00e9 \u00e0 un mur, on n\u2019a rien du tout, r\u00e2le Vincent Collineau, \u00e9leveur \u00e0 Mons\u00e9gur, copr\u00e9sident de la CR33. L\u2019abattage total est toujours l\u00e0, les exploitations sont en vrac \u2013\u00a0douze jours sans s\u2019occuper des b\u00eates, c\u2019est comme si vous laissez une \u00e9cole primaire douze jours sans adultes. On a tenu douze jours, mais qui peut \u00eatre content de partir comme \u00e7a\u00a0? Un blocage aussi long, l\u2019A\u00a063 coup\u00e9e, je ne sais pas si on se rend compte de ce qu\u2019on a fait. Normalement \u00e7a aurait d\u00fb bouger.\u00a0\u00bb<\/p>\n<p>\u00ab\u00a0Ils se moquent de nous\u00a0\u00bb<\/p>\n<p>S\u00e9bastien Lecourt, \u00e9leveur de vaches \u00e0 viande et viticulteur \u00e0 Saint-Sulpice-de-Pommiers, ne cache pas son amertume\u00a0: \u00ab\u00a0On s\u2019en va, ils se moquent de nous, ils sont au chaud, ils passent les f\u00eates en vacances.\u00a0\u00bb Ils, ce sont les politiques, le gouvernement rest\u00e9 sourd aux demandes de la\u00a0CR.<\/p>\n<p>\u00ab\u00a0Les revendications port\u00e9es par la CR33 aupr\u00e8s de monsieur le pr\u00e9fet, de monsieur le pr\u00e9sident de R\u00e9gion et des d\u00e9put\u00e9s n\u2019ont, \u00e0 ce jour, re\u00e7u aucun retour. Alors que les institutions sont \u00e0 l\u2019arr\u00eat et que les r\u00e9ponses ne viennent pas, continuer dans les m\u00eames conditions n\u2019aurait plus d\u2019impact. Lever le blocage, c\u2019est refuser l\u2019\u00e9puisement inutile et choisir de pr\u00e9parer la suite\u00a0\u00bb, justifie le syndicat dans un communiqu\u00e9 publi\u00e9 ce vendredi.<\/p>\n<p>        <img decoding=\"async\" id=\"27218597\" src=\"https:\/\/www.europesays.com\/fr\/wp-content\/uploads\/2025\/12\/20251226150530-a14a437.jpg\" alt=\"L\u2019occupation du site par la Coordination rurale\u00a033 a laiss\u00e9 des traces sur le bitume et autour. \" itemprop=\"contentURL\"\/><\/p>\n<p>    L\u2019occupation du site par la Coordination rurale\u00a033 a laiss\u00e9 des traces sur le bitume et autour. <\/p>\n<p>GUILLAUME BONNAUD\u00a0\/\u00a0SO<\/p>\n<p>Us\u00e9s et d\u00e9\u00e7us, les agriculteurs expriment n\u00e9anmoins un sentiment de fiert\u00e9. \u00ab\u00a0Quelle profession a manifest\u00e9 dehors, dans le froid, sur une autoroute, pour No\u00ebl\u00a0? Si on fait \u00e7a, c\u2019est que ce qu\u2019on demande est vital. Depuis 2024, il n\u2019y a plus que la CR et la Conf\u2019 [Conf\u00e9d\u00e9ration paysanne, NDLR] qui se battent\u00a0\u00bb, note Vincent Collineau.<\/p>\n<p>Pour S\u00e9bastien Lecourt, ce ne fut pas une mobilisation pour rien, en d\u00e9pit de l\u2019absence de r\u00e9sultats\u00a0: \u00ab\u00a0On a su rallier du monde \u00e0 nous, vu l\u2019ampleur du mouvement. Il y a eu z\u00e9ro annonces, mais la CR a su mobiliser. On n\u2019y croyait pas nous-m\u00eame au d\u00e9but, on partait pour une belle mobilisation, mais pas autant que \u00e7a.\u00a0\u00bb <\/p>\n<p>Selon Jean-Paul Ayres, les adh\u00e9sions se multiplient depuis le d\u00e9but du mouvement de grogne. \u00ab\u00a0C\u2019est des gens qui viennent de la F\u00e9d\u00e9 [F\u00e9d\u00e9ration nationale des syndicats d\u2019exploitants agricoles, FNSEA] et des Jeunes Agriculteurs\u00a0\u00bb, pr\u00e9cise-t-il, visant les deux syndicats concurrents, jug\u00e9s trop proches du pouvoir. Autre b\u00e9n\u00e9fice du mouvement, selon la CR\u00a0: un coup d\u2019acc\u00e9l\u00e9rateur \u00e0 la campagne de vaccination.<\/p>\n","protected":false},"excerpt":{"rendered":"Un \u00e9norme tas de palettes se consume dans son dos, d\u00e9gageant une \u00e9paisse fum\u00e9e. Le trafic dans le&hellip;\n","protected":false},"author":2,"featured_media":625180,"comment_status":"","ping_status":"","sticky":false,"template":"","format":"standard","meta":{"footnotes":""},"categories":[2817],"tags":[1111,11,1997,1777,674,1011,27,12,2219,25],"class_list":{"0":"post-625179","1":"post","2":"type-post","3":"status-publish","4":"format-standard","5":"has-post-thumbnail","7":"category-bordeaux","8":"tag-actu","9":"tag-actualites","10":"tag-bordeaux","11":"tag-eu","12":"tag-europe","13":"tag-fr","14":"tag-france","15":"tag-news","16":"tag-nouvelle-aquitaine","17":"tag-republique-francaise"},"share_on_mastodon":{"url":"https:\/\/pubeurope.com\/@fr\/115791465073132934","error":""},"_links":{"self":[{"href":"https:\/\/www.europesays.com\/fr\/wp-json\/wp\/v2\/posts\/625179","targetHints":{"allow":["GET"]}}],"collection":[{"href":"https:\/\/www.europesays.com\/fr\/wp-json\/wp\/v2\/posts"}],"about":[{"href":"https:\/\/www.europesays.com\/fr\/wp-json\/wp\/v2\/types\/post"}],"author":[{"embeddable":true,"href":"https:\/\/www.europesays.com\/fr\/wp-json\/wp\/v2\/users\/2"}],"replies":[{"embeddable":true,"href":"https:\/\/www.europesays.com\/fr\/wp-json\/wp\/v2\/comments?post=625179"}],"version-history":[{"count":0,"href":"https:\/\/www.europesays.com\/fr\/wp-json\/wp\/v2\/posts\/625179\/revisions"}],"wp:featuredmedia":[{"embeddable":true,"href":"https:\/\/www.europesays.com\/fr\/wp-json\/wp\/v2\/media\/625180"}],"wp:attachment":[{"href":"https:\/\/www.europesays.com\/fr\/wp-json\/wp\/v2\/media?parent=625179"}],"wp:term":[{"taxonomy":"category","embeddable":true,"href":"https:\/\/www.europesays.com\/fr\/wp-json\/wp\/v2\/categories?post=625179"},{"taxonomy":"post_tag","embeddable":true,"href":"https:\/\/www.europesays.com\/fr\/wp-json\/wp\/v2\/tags?post=625179"}],"curies":[{"name":"wp","href":"https:\/\/api.w.org\/{rel}","templated":true}]}}