{"id":625181,"date":"2025-12-27T12:12:18","date_gmt":"2025-12-27T12:12:18","guid":{"rendered":"https:\/\/www.europesays.com\/fr\/625181\/"},"modified":"2025-12-27T12:12:18","modified_gmt":"2025-12-27T12:12:18","slug":"le-conducteur-cherche-a-sechapper-sur-une-moto-electrique-et-percute-un-policier","status":"publish","type":"post","link":"https:\/\/www.europesays.com\/fr\/625181\/","title":{"rendered":"Le conducteur cherche \u00e0 s\u2019\u00e9chapper sur une moto \u00e9lectrique et percute un policier"},"content":{"rendered":"<p>\n                                                                    l&rsquo;essentiel<br \/>\n                                                                Un policier a \u00e9t\u00e9 l\u00e9g\u00e8rement bless\u00e9 dans la nuit, \u00e0 Toulouse. Le conducteur d\u2019une moto \u00e9lectrique l\u2019a heurt\u00e9 en voulant \u00e9chapper \u00e0 un contr\u00f4le.\n                            <\/p>\n<p>Un policier bless\u00e9, ses coll\u00e8gues choqu\u00e9s et le conducteur d\u2019une moto \u00e9lectrique en garde \u00e0 vue. Triste bilan de ce qui aurait d\u00fb rester une simple intervention de contr\u00f4le dans la nuit de vendredi \u00e0 samedi, quartier de Bellefontaine \u00e0 Toulouse.<\/p>\n<p>Peu apr\u00e8s minuit, des policiers en patrouille p\u00e9destre ont rep\u00e9r\u00e9 le conducteur d\u2019une moto et son passager, pas tr\u00e8s attentifs aux r\u00e8gles du Code de la route et au respect des autres usagers. Un premier agent a voulu stopper ce conducteur mais ce dernier l\u2019a \u00e9vit\u00e9 avant de foncer tout droit.<\/p>\n<p>Violences avec armes<\/p>\n<p>Pr\u00e9sent un peu plus loin, un deuxi\u00e8me fonctionnaire s\u2019est mis sur la chauss\u00e9e, incitant l\u2019homme au guidon \u00e0 s\u2019arr\u00eater. Ce dernier n\u2019a pas ma\u00eetris\u00e9 son deux-roues et a heurt\u00e9 le policier. \u00ab\u00a0Les blessures sont l\u00e9g\u00e8res\u00a0\u00bb, rassure ce samedi matin le commissaire de permanence.<\/p>\n<p>Le conducteur, un gar\u00e7on \u00e2g\u00e9 de 21 ans, a \u00e9t\u00e9 arr\u00eat\u00e9, comme son passager. Si ce dernier a \u00e9t\u00e9 rapidement laiss\u00e9 libre, le pilote de l\u2019engin a \u00e9t\u00e9 plac\u00e9 en garde \u00e0 vue. Pour des violences avec arme, la moto, sur personne d\u00e9positaire de l\u2019autorit\u00e9 publique avec arme par destination mais \u00e9galement pour un d\u00e9faut d\u2019assurance.<\/p>\n","protected":false},"excerpt":{"rendered":"l&rsquo;essentiel Un policier a \u00e9t\u00e9 l\u00e9g\u00e8rement bless\u00e9 dans la nuit, \u00e0 Toulouse. Le conducteur d\u2019une moto \u00e9lectrique l\u2019a&hellip;\n","protected":false},"author":2,"featured_media":625182,"comment_status":"","ping_status":"","sticky":false,"template":"","format":"standard","meta":{"footnotes":""},"categories":[2816],"tags":[1111,11,1777,674,118,1011,27,2722,12,2680,25,2312],"class_list":{"0":"post-625181","1":"post","2":"type-post","3":"status-publish","4":"format-standard","5":"has-post-thumbnail","7":"category-toulouse","8":"tag-actu","9":"tag-actualites","10":"tag-eu","11":"tag-europe","12":"tag-faits-divers","13":"tag-fr","14":"tag-france","15":"tag-haute-garonne","16":"tag-news","17":"tag-occitanie","18":"tag-republique-francaise","19":"tag-toulouse"},"share_on_mastodon":{"url":"https:\/\/pubeurope.com\/@fr\/115791471910450129","error":""},"_links":{"self":[{"href":"https:\/\/www.europesays.com\/fr\/wp-json\/wp\/v2\/posts\/625181","targetHints":{"allow":["GET"]}}],"collection":[{"href":"https:\/\/www.europesays.com\/fr\/wp-json\/wp\/v2\/posts"}],"about":[{"href":"https:\/\/www.europesays.com\/fr\/wp-json\/wp\/v2\/types\/post"}],"author":[{"embeddable":true,"href":"https:\/\/www.europesays.com\/fr\/wp-json\/wp\/v2\/users\/2"}],"replies":[{"embeddable":true,"href":"https:\/\/www.europesays.com\/fr\/wp-json\/wp\/v2\/comments?post=625181"}],"version-history":[{"count":0,"href":"https:\/\/www.europesays.com\/fr\/wp-json\/wp\/v2\/posts\/625181\/revisions"}],"wp:featuredmedia":[{"embeddable":true,"href":"https:\/\/www.europesays.com\/fr\/wp-json\/wp\/v2\/media\/625182"}],"wp:attachment":[{"href":"https:\/\/www.europesays.com\/fr\/wp-json\/wp\/v2\/media?parent=625181"}],"wp:term":[{"taxonomy":"category","embeddable":true,"href":"https:\/\/www.europesays.com\/fr\/wp-json\/wp\/v2\/categories?post=625181"},{"taxonomy":"post_tag","embeddable":true,"href":"https:\/\/www.europesays.com\/fr\/wp-json\/wp\/v2\/tags?post=625181"}],"curies":[{"name":"wp","href":"https:\/\/api.w.org\/{rel}","templated":true}]}}