{"id":625183,"date":"2025-12-27T12:13:12","date_gmt":"2025-12-27T12:13:12","guid":{"rendered":"https:\/\/www.europesays.com\/fr\/625183\/"},"modified":"2025-12-27T12:13:12","modified_gmt":"2025-12-27T12:13:12","slug":"peut-on-circuler-de-toulouse-au-pas-de-la-case-avant-le-nouvel-an","status":"publish","type":"post","link":"https:\/\/www.europesays.com\/fr\/625183\/","title":{"rendered":"peut-on circuler de Toulouse au Pas-de-la-Case avant le nouvel an\u00a0?"},"content":{"rendered":"<p>                    Par<br \/>\n        <strong><br \/>\n            <a href=\"https:\/\/actu.fr\/auteur\/redaction-toulouse\" title=\"Consulter tous les articles de R\u00e9daction de Toulouse\" target=\"_blank\" rel=\"noopener\">R\u00e9daction de Toulouse<\/a><br \/>\n                    <\/strong><\/p>\n<p>        Publi\u00e9 le<\/p>\n<p>            27 d\u00e9c. 2025 \u00e0 10h43<br \/>\n        ; mis \u00e0 jour le 27 d\u00e9c. 2025 \u00e0 10h44    <\/p>\n<p>Le nouvel an approche et pour beaucoup de Toulousains, il est l\u2019heure d\u2019aller faire un aller-retour jusqu\u2019au Pas-de-la-Case en <a href=\"https:\/\/actu.fr\/tag\/andorre\" target=\"_blank\" rel=\"noopener\">Andorre<\/a> pour se pr\u00e9parer aux festivit\u00e9s de mise. Si la m\u00e9t\u00e9o le permet\u2009: l\u2019Ari\u00e8ge \u00e9tait plac\u00e9e en vigilance jaune neige et verglas, jusqu\u2019\u00e0 ce vendredi 26\u00a0d\u00e9cembre.<\/p>\n<p class=\" wall-content\">\n<p class=\" wall-content\">On fait le point sur <strong>les conditions m\u00e9t\u00e9o<\/strong>, sur la route qui m\u00e8ne \u00e0 la fronti\u00e8re espagnole.<\/p>\n<p>Chauss\u00e9e l\u00e9g\u00e8rement enneig\u00e9e au col de Puymorens<\/p>\n<p class=\" wall-content\">Ce samedi 27\u00a0d\u00e9cembre 2025, Bison Fut\u00e9 indique que les voyants sont au vert sur le tron\u00e7on qui m\u00e8ne de Toulouse jusqu\u2019en Andorre\u2026 \u00e0 l\u2019exception de la section reliant La Croisade au Col de Puymorens, \u00e0 l\u2019entr\u00e9e du Pas-de-la-Case\u2009: les conditions de conduite y sont jug\u00e9es \u00ab\u2009d\u00e9licates\u2009\u00bb.<\/p>\n<p class=\" wall-content\">La chauss\u00e9e est<strong> partiellement enneig\u00e9e<\/strong>, et bien que le traitement de la voie soit en cours, il est conseill\u00e9 de se munir d\u2019\u00e9quipements adapt\u00e9s pour y circuler.<\/p>\n<p>C\u00f4t\u00e9 espagnol, une \u00e9paisse couche de neige<\/p>\n<p class=\" wall-content\">En-dessous, au niveau du Port Envalira, la couche de neige sur la chauss\u00e9e est encore plus \u00e9paisse. En t\u00e9moignent ces photos, prises c\u00f4t\u00e9 Andorre.<\/p>\n<p>    <a href=\"https:\/\/www.facebook.com\/plugins\/post.php?href=https%3A%2F%2Fwww.facebook.com%2Fphoto.php%3Ffbid%3D1185131563786904%26set%3Da.486714993628568%26type%3D3&amp;show_text=true&amp;width=350\" title=\"Ouvrie le lien\" target=\"_blank\" rel=\"noopener\">Cliquez ici pour visualiser le contenu<\/a><\/p>\n<p>Vid\u00e9os : en ce moment sur ActuLes prochains jours<\/p>\n<p class=\" wall-content\">Pour tout savoir sur les conditions de circulation ces prochains jours, Bison Fut\u00e9 propose un suivi en direct, avec <a href=\"https:\/\/www.bison-fute.gouv.fr\/andorre.html\" target=\"_blank\" rel=\"noopener\">la retransmission d\u2019images de vid\u00e9osurveillance en direct<\/a>.<\/p>\n<p class=\" wall-content\">Personnalisez votre actualit\u00e9 en ajoutant vos villes et m\u00e9dias en favori avec <a href=\"https:\/\/moncompte.actu.fr\" title=\"D\u00e9couvez Mon Actu\" rel=\"nofollow noopener\" data-trk=\"{&quot;cta&quot;:{&quot;action&quot;:&quot;https:\\\/\\\/moncompte.actu.fr&quot;,&quot;category&quot;:&quot;mon compte&quot;,&quot;from&quot;:&quot;article footer&quot;,&quot;name&quot;:&quot;Mon actu&quot;,&quot;type&quot;:&quot;cta&quot;}}\" target=\"_blank\">Mon Actu<\/a>.<\/p>\n","protected":false},"excerpt":{"rendered":"Par R\u00e9daction de Toulouse Publi\u00e9 le 27 d\u00e9c. 2025 \u00e0 10h43 ; mis \u00e0 jour le 27 d\u00e9c.&hellip;\n","protected":false},"author":2,"featured_media":625184,"comment_status":"","ping_status":"","sticky":false,"template":"","format":"standard","meta":{"footnotes":""},"categories":[2816],"tags":[1111,11,53541,3542,1777,674,1011,27,2357,12,2680,25,104,2312],"class_list":{"0":"post-625183","1":"post","2":"type-post","3":"status-publish","4":"format-standard","5":"has-post-thumbnail","7":"category-toulouse","8":"tag-actu","9":"tag-actualites","10":"tag-andorre","11":"tag-circulation","12":"tag-eu","13":"tag-europe","14":"tag-fr","15":"tag-france","16":"tag-meteo-france","17":"tag-news","18":"tag-occitanie","19":"tag-republique-francaise","20":"tag-societe","21":"tag-toulouse"},"share_on_mastodon":{"url":"https:\/\/pubeurope.com\/@fr\/115791475907994965","error":""},"_links":{"self":[{"href":"https:\/\/www.europesays.com\/fr\/wp-json\/wp\/v2\/posts\/625183","targetHints":{"allow":["GET"]}}],"collection":[{"href":"https:\/\/www.europesays.com\/fr\/wp-json\/wp\/v2\/posts"}],"about":[{"href":"https:\/\/www.europesays.com\/fr\/wp-json\/wp\/v2\/types\/post"}],"author":[{"embeddable":true,"href":"https:\/\/www.europesays.com\/fr\/wp-json\/wp\/v2\/users\/2"}],"replies":[{"embeddable":true,"href":"https:\/\/www.europesays.com\/fr\/wp-json\/wp\/v2\/comments?post=625183"}],"version-history":[{"count":0,"href":"https:\/\/www.europesays.com\/fr\/wp-json\/wp\/v2\/posts\/625183\/revisions"}],"wp:featuredmedia":[{"embeddable":true,"href":"https:\/\/www.europesays.com\/fr\/wp-json\/wp\/v2\/media\/625184"}],"wp:attachment":[{"href":"https:\/\/www.europesays.com\/fr\/wp-json\/wp\/v2\/media?parent=625183"}],"wp:term":[{"taxonomy":"category","embeddable":true,"href":"https:\/\/www.europesays.com\/fr\/wp-json\/wp\/v2\/categories?post=625183"},{"taxonomy":"post_tag","embeddable":true,"href":"https:\/\/www.europesays.com\/fr\/wp-json\/wp\/v2\/tags?post=625183"}],"curies":[{"name":"wp","href":"https:\/\/api.w.org\/{rel}","templated":true}]}}