{"id":625185,"date":"2025-12-27T12:14:43","date_gmt":"2025-12-27T12:14:43","guid":{"rendered":"https:\/\/www.europesays.com\/fr\/625185\/"},"modified":"2025-12-27T12:14:43","modified_gmt":"2025-12-27T12:14:43","slug":"oenologie-le-nez-et-les-aromes-du-vin-niveau-2-a-lille-59","status":"publish","type":"post","link":"https:\/\/www.europesays.com\/fr\/625185\/","title":{"rendered":"Oenologie, le nez et les ar\u00f4mes du vin niveau 2 \u00e0 Lille (59)"},"content":{"rendered":"<p class=\"fw-bold font-size-16 my-1\"> 157 avenue de la Marne | <a href=\"https:\/\/www.jds.fr\/lille\/marcq-en-baroeul-1118_V\" target=\"_blank\" rel=\"noopener\">Marcq-en-Baroeul<\/a><\/p>\n<p class=\"fw-bold font-size-16 my-1\"> Niveau 2 &#8211; 4h, Prix \/ personne : 80,50\u00a0\u20ac <\/p>\n<ul class=\"list-unstyled d-flex flex-wrap mt-2\">\n<li class=\"me-2 mb-2\">sensoriel<\/li>\n<li class=\"me-2 mb-2\">\u00e9ducatif<\/li>\n<li class=\"me-2 mb-2\">adultes<\/li>\n<li class=\"me-2 mb-2\">int\u00e9rieur<\/li>\n<li class=\"me-2 mb-2\">demi-journ\u00e9e<\/li>\n<li class=\"me-2 mb-2\">gastronomie<\/li>\n<li class=\"me-2 mb-2\">oenologie<\/li>\n<\/ul>\n<p><a class=\"btn btn-lg shadow-lg btn-primary rounded-pill fnac_link\" data-fnac=\"haut\" href=\"https:\/\/lb.affilae.com\/r\/?p=5f7dd9b02760126e01e487b3&amp;af=628&amp;lp=https%3A%2F%2Fwww.funbooker.com%2Ffr%2Fannonce%2Foenologie-le-nez-et-les-aromes-du-vin-niveau-2-a-lille-59%2Fvoir%3Futm_source%3Daffilae%26utm_medium%3Djds\" target=\"_blank\" rel=\"nofollow noopener\"> Acheter des billets<\/a><\/p>\n<p>Poursuivez votre apprentissage avec ce 2e cours d\u2019\u0153nologie (niveau 2), qui approfondira vos connaissances et vous apprendra \u00e0 m\u00e9moriser les ar\u00f4mes et \u00e0 structurer votre m\u00e9moire olfactive. L\u2019objectif est de classer les ar\u00f4mes et les saveurs du vin afin de d\u00e9crire et de parler d\u2019un vin de mani\u00e8re plus pr\u00e9cise.<\/p>\n<p><a data-lightbox=\"article\" data-title=\"Oenologie, le nez et les ar\u00f4mes du vin niveau 2 \u00e0 Lille (59) DR\" class=\"image detail fullwidth  position-relative d-block\" href=\"https:\/\/www.jds.fr\/medias\/image\/oenologie-le-nez-et-les-aromes-du-vin-niveau-2-a-l-805098-920-0-F.webp\" title=\"Oenologie, le nez et les ar\u00f4mes du vin niveau 2 \u00e0 Lille (59) DR\" target=\"_blank\" rel=\"noopener\"><br \/>\n<img decoding=\"async\" loading=\"lazy\" src=\"https:\/\/www.europesays.com\/fr\/wp-content\/uploads\/2025\/12\/oenologie-le-nez-et-les-aromes-du-vin-niveau-2-a-l-805098-1200-0.webp.webp\"   width=\"685\" alt=\"Oenologie, le nez et les ar\u00f4mes du vin niveau 2 \u00e0 Lille (59)\" class=\"border\"\/><br \/>\nDR<br \/>\nOenologie, le nez et les ar\u00f4mes du vin niveau 2 \u00e0 Lille (59)<br \/>\n<\/a><\/p>\n<p><strong>D\u00e9roulement de l\u2019activit\u00e9 (4 h)<\/strong><\/p>\n<p>Ce cours alternera des sujets th\u00e9oriques, des ateliers ludiques de reconnaissance d\u2019ar\u00f4mes et des d\u00e9gustations. Parmi les sujets abord\u00e9s\u00a0:<\/p>\n<ul>\n<li>Apprendre \u00e0 identifier et reconna\u00eetre les ar\u00f4mes<\/li>\n<li>D\u00e9couverte des grandes familles d\u2019ar\u00f4mes<\/li>\n<li>Savoir reconna\u00eetre les ar\u00f4mes primaires, secondaires et tertiaires<\/li>\n<li>Apprendre \u00e0 identifier les principaux d\u00e9fauts d\u2019un vin<\/li>\n<li>Juger le potentiel de garde d\u2019un vin<\/li>\n<li>Les grandes r\u00e8gles des accords mets-vins<\/li>\n<li>Tests ludiques de reconnaissance d\u2019ar\u00f4mes<\/li>\n<\/ul>\n<p>D\u00e9gustation et analyse de 7 vins diff\u00e9rents.<\/p>\n<p>Un livret de 50 pages contenant l\u2019int\u00e9gralit\u00e9 du contenu du cours sera envoy\u00e9 par mail 48 h apr\u00e8s la fin du cours.<\/p>\n<p>Vous d\u00e9velopperez votre capacit\u00e9 \u00e0 reconna\u00eetre la provenance d\u2019un vin, ses caract\u00e9ristiques et ses qualit\u00e9s.<\/p>\n<p>            Renseignements<\/p>\n<p><strong class=\"font-size-18\">O\u00f9\u00a0:<\/strong><br \/> 157 avenue de la Marne<a class=\"mt-1 d-block ps-4\" href=\"https:\/\/www.jds.fr\/lille\/marcq-en-baroeul-1118_V\" target=\"_blank\" rel=\"noopener\"> 59700 Marcq-en-Baroeul<\/a><\/p>\n<p>Tarifs et billetterie\u00a0: <\/p>\n<p>Niveau 2 &#8211; 4h, Prix \/ personne : 80,50\u00a0\u20ac<\/p>\n<p><a href=\"https:\/\/www.jds.fr\/lille\/magazine\/\" class=\"btn btn-outline-primary py-2 px-4\" target=\"_blank\" rel=\"noopener\">Voir toutes les actualit\u00e9s \u00e0 Lille<\/a><\/p>\n<p class=\"mt-0 mb-3 h2\">Newsletter JDS Lille<\/p>\n<p class=\"font-size-18 fw-normal lh-sm\">Pr\u00eat pour un week-end de folie\u00a0? Chaque jeudi tous les bons plans sorties<\/p>\n","protected":false},"excerpt":{"rendered":"157 avenue de la Marne | Marcq-en-Baroeul Niveau 2 &#8211; 4h, Prix \/ personne : 80,50\u00a0\u20ac sensoriel \u00e9ducatif&hellip;\n","protected":false},"author":2,"featured_media":625186,"comment_status":"","ping_status":"","sticky":false,"template":"","format":"standard","meta":{"footnotes":""},"categories":[2815],"tags":[1111,11,1777,674,1011,27,811,1307,12,25],"class_list":{"0":"post-625185","1":"post","2":"type-post","3":"status-publish","4":"format-standard","5":"has-post-thumbnail","7":"category-lille","8":"tag-actu","9":"tag-actualites","10":"tag-eu","11":"tag-europe","12":"tag-fr","13":"tag-france","14":"tag-hauts-de-france","15":"tag-lille","16":"tag-news","17":"tag-republique-francaise"},"share_on_mastodon":{"url":"https:\/\/pubeurope.com\/@fr\/115791481136428759","error":""},"_links":{"self":[{"href":"https:\/\/www.europesays.com\/fr\/wp-json\/wp\/v2\/posts\/625185","targetHints":{"allow":["GET"]}}],"collection":[{"href":"https:\/\/www.europesays.com\/fr\/wp-json\/wp\/v2\/posts"}],"about":[{"href":"https:\/\/www.europesays.com\/fr\/wp-json\/wp\/v2\/types\/post"}],"author":[{"embeddable":true,"href":"https:\/\/www.europesays.com\/fr\/wp-json\/wp\/v2\/users\/2"}],"replies":[{"embeddable":true,"href":"https:\/\/www.europesays.com\/fr\/wp-json\/wp\/v2\/comments?post=625185"}],"version-history":[{"count":0,"href":"https:\/\/www.europesays.com\/fr\/wp-json\/wp\/v2\/posts\/625185\/revisions"}],"wp:featuredmedia":[{"embeddable":true,"href":"https:\/\/www.europesays.com\/fr\/wp-json\/wp\/v2\/media\/625186"}],"wp:attachment":[{"href":"https:\/\/www.europesays.com\/fr\/wp-json\/wp\/v2\/media?parent=625185"}],"wp:term":[{"taxonomy":"category","embeddable":true,"href":"https:\/\/www.europesays.com\/fr\/wp-json\/wp\/v2\/categories?post=625185"},{"taxonomy":"post_tag","embeddable":true,"href":"https:\/\/www.europesays.com\/fr\/wp-json\/wp\/v2\/tags?post=625185"}],"curies":[{"name":"wp","href":"https:\/\/api.w.org\/{rel}","templated":true}]}}