{"id":625187,"date":"2025-12-27T12:16:33","date_gmt":"2025-12-27T12:16:33","guid":{"rendered":"https:\/\/www.europesays.com\/fr\/625187\/"},"modified":"2025-12-27T12:16:33","modified_gmt":"2025-12-27T12:16:33","slug":"olivier-letang-va-devoir-trancher-sur-ce-profil-a-la-adam-ounas","status":"publish","type":"post","link":"https:\/\/www.europesays.com\/fr\/625187\/","title":{"rendered":"Olivier L\u00e9tang va devoir trancher sur ce profil \u00e0 la Adam Ounas"},"content":{"rendered":"<p>\t\t\t\t\t Envoy\u00e9 prendre de l&rsquo;exp\u00e9rience en Eerste Divisie pour glaner du temps de jeu, Ichem Ferrah fait bien mieux que de la figuration : il est en train de devenir l&rsquo;attraction principale du SC Cambuur. <\/p>\n<p>C\u2019est le sc\u00e9nario id\u00e9al dont r\u00eavent toutes les cellules de recrutement lorsqu&rsquo;elles valident un pr\u00eat sans option d&rsquo;achat. Loin du confort du Domaine de Luchin, Ichem Ferrah s&rsquo;est m\u00e9tamorphos\u00e9 en v\u00e9ritable patron technique aux Pays-Bas. Le pari est d&rsquo;ores et d\u00e9j\u00e0 gagnant pour le jeune ailier, dont les performances commencent \u00e0 faire grand bruit bien au-del\u00e0 des fronti\u00e8res n\u00e9erlandaises. <\/p>\n<p>Le joueur form\u00e9 au LOSC r\u00e9alise une premi\u00e8re partie de saison de tout premier plan avec 4 buts et 5 passes d\u00e9cisives en 18 matchs. Mais au del\u00e0 des statistiques, c&rsquo;est l&rsquo;influence de Ferrah dans le jeu de Cambuur qui impressionne. <\/p>\n<p>Sur le terrain, le Franco-Alg\u00e9rien qui a de sacr\u00e9es similitudes avec l&rsquo;ex lillois, Adam Ounas, \u00ab\u00a0r\u00e9gale\u00a0\u00bb litt\u00e9ralement. Sa capacit\u00e9 \u00e0 \u00e9liminer en un contre un et sa vision du jeu ont transform\u00e9 l&rsquo;animation offensive du club n\u00e9erlandais. Ce pr\u00eat, initialement con\u00e7u pour lui donner du rythme, s&rsquo;est transform\u00e9 en une v\u00e9ritable d\u00e9monstration de force, confirmant tout le potentiel entrevu lors de ses apparitions avec la r\u00e9serve lilloise. <\/p>\n<p>Cette r\u00e9ussite fulgurante ne passe \u00e9videmment pas inaper\u00e7ue en Europe. Toujours selon les indiscr\u00e9tions de S\u00e9bastien Denis, les performances du \u00ab\u00a0virevoltant milieu\u00a0\u00bb ont alert\u00e9 plusieurs \u00e9curies europ\u00e9ennes. Des clubs de premi\u00e8re division en Belgique, aux Pays-Bas et m\u00eame en Allemagne ont d\u00e9j\u00e0 manifest\u00e9 leur int\u00e9r\u00eat pour le Dogue. <\/p>\n<p>La direction lilloise, men\u00e9e par Olivier L\u00e9tang, se retrouve donc face \u00e0 un dilemme strat\u00e9gique pour les mois \u00e0 venir. Faut-il rapatrier le joueur pour l&rsquo;int\u00e9grer \u00e0 la rotation de l&rsquo;\u00e9quipe premi\u00e8re d\u00e8s la saison prochaine, ou profiter de sa cote qui grimpe en fl\u00e8che pour r\u00e9aliser une op\u00e9ration financi\u00e8re int\u00e9ressante ? Sous contrat au LOSC jusqu&rsquo;en 2027, Ichem Ferrah voudra \u00e0 coup s\u00fbr \u00eatre rapidement fix\u00e9 sur son sort.\u00a0\n\t\t\t\t <\/p>\n","protected":false},"excerpt":{"rendered":"Envoy\u00e9 prendre de l&rsquo;exp\u00e9rience en Eerste Divisie pour glaner du temps de jeu, Ichem Ferrah fait bien mieux&hellip;\n","protected":false},"author":2,"featured_media":625188,"comment_status":"","ping_status":"","sticky":false,"template":"","format":"standard","meta":{"footnotes":""},"categories":[2815],"tags":[1111,11,1777,674,1011,27,811,1307,12,25],"class_list":{"0":"post-625187","1":"post","2":"type-post","3":"status-publish","4":"format-standard","5":"has-post-thumbnail","7":"category-lille","8":"tag-actu","9":"tag-actualites","10":"tag-eu","11":"tag-europe","12":"tag-fr","13":"tag-france","14":"tag-hauts-de-france","15":"tag-lille","16":"tag-news","17":"tag-republique-francaise"},"share_on_mastodon":{"url":"https:\/\/pubeurope.com\/@fr\/115791487491000711","error":""},"_links":{"self":[{"href":"https:\/\/www.europesays.com\/fr\/wp-json\/wp\/v2\/posts\/625187","targetHints":{"allow":["GET"]}}],"collection":[{"href":"https:\/\/www.europesays.com\/fr\/wp-json\/wp\/v2\/posts"}],"about":[{"href":"https:\/\/www.europesays.com\/fr\/wp-json\/wp\/v2\/types\/post"}],"author":[{"embeddable":true,"href":"https:\/\/www.europesays.com\/fr\/wp-json\/wp\/v2\/users\/2"}],"replies":[{"embeddable":true,"href":"https:\/\/www.europesays.com\/fr\/wp-json\/wp\/v2\/comments?post=625187"}],"version-history":[{"count":0,"href":"https:\/\/www.europesays.com\/fr\/wp-json\/wp\/v2\/posts\/625187\/revisions"}],"wp:featuredmedia":[{"embeddable":true,"href":"https:\/\/www.europesays.com\/fr\/wp-json\/wp\/v2\/media\/625188"}],"wp:attachment":[{"href":"https:\/\/www.europesays.com\/fr\/wp-json\/wp\/v2\/media?parent=625187"}],"wp:term":[{"taxonomy":"category","embeddable":true,"href":"https:\/\/www.europesays.com\/fr\/wp-json\/wp\/v2\/categories?post=625187"},{"taxonomy":"post_tag","embeddable":true,"href":"https:\/\/www.europesays.com\/fr\/wp-json\/wp\/v2\/tags?post=625187"}],"curies":[{"name":"wp","href":"https:\/\/api.w.org\/{rel}","templated":true}]}}