{"id":625189,"date":"2025-12-27T12:19:16","date_gmt":"2025-12-27T12:19:16","guid":{"rendered":"https:\/\/www.europesays.com\/fr\/625189\/"},"modified":"2025-12-27T12:19:16","modified_gmt":"2025-12-27T12:19:16","slug":"lom-vise-une-enorme-surprise-au-portugal","status":"publish","type":"post","link":"https:\/\/www.europesays.com\/fr\/625189\/","title":{"rendered":"L&rsquo;OM vise une \u00e9norme surprise au Portugal"},"content":{"rendered":"<p><b>L&rsquo;OM ne restera pas inactif lors du march\u00e9 hivernal des transferts et c&rsquo;est dans ce cadre que Marseille s&rsquo;int\u00e9resse de pr\u00e8s \u00e0 un joueur de Rio Ave. <\/b><\/p>\n<p>L&rsquo;Olympique de Marseille a une puissance offensive d\u00e9j\u00e0 impressionnante, mais Pablo Longoria et Medhi Benatia ont l&rsquo;intention d&rsquo;offrir encore plus de choix \u00e0 Roberto De Zerbi. C&rsquo;est dans ce cadre que, selon Goal, l&rsquo;OM suit Andr\u00e9 Luiz, l&rsquo;ailier droit de 23 ans qui \u00e9volue sous le maillot du club portugais d&rsquo;Ave Rio. Form\u00e9 \u00e0 Flamengo, le joueur br\u00e9silien a rejoint Rio Ave au <a href=\"https:\/\/www.foot01.com\/mercato\" title=\"Mercato\" target=\"_blank\" rel=\"noopener\">mercato<\/a> d&rsquo;hiver 2025. Titulaire indiscutable cette saison, puisqu&rsquo;il n&rsquo;a rat\u00e9 aucun match, Andr\u00e9 Luiz a d\u00e9j\u00e0 marqu\u00e9 cinq buts et r\u00e9alis\u00e9 six passes d\u00e9cisives. De quoi forc\u00e9ment lui valoir l&rsquo;int\u00e9r\u00eat de plusieurs clubs, et notamment de Marseille.L&rsquo;OM a vu les stats d&rsquo;Andr\u00e9 Luiz<\/p>\n<p>Notre confr\u00e8re pr\u00e9cise que, selon ses sources, Roberto De Zerbi a d&rsquo;ores et d\u00e9j\u00e0 valid\u00e9 cette piste. Pour concr\u00e9tiser cet int\u00e9r\u00eat, l&rsquo;Olympique de Marseille a d\u00e9j\u00e0 contact\u00e9 les dirigeants de Rio Ave, club qui appartient \u00e0 Evangelos Marinakis. Le sulfureux propri\u00e9taire du club portugais, qui poss\u00e8de \u00e9galement Nottingham Forest et l&rsquo;Olympiakos, est bien \u00e9videmment inform\u00e9 du souhait de l&rsquo;OM de faire signer Andr\u00e9 Luiz en janvier. Mais, si Marinakis n&rsquo;avait pas pour intention de vendre l&rsquo;ailier br\u00e9silien, le fait que Marseille, mais \u00e9galement Leverkusen, entrent dans la danse, peut le faire changer radicalement d&rsquo;avis.\u00a0<\/p>\n<\/p>\n<p>De son c\u00f4t\u00e9, l&rsquo;Olympique de Marseille maintient la pression et ne rate aucune occasion de superviser Andr\u00e9 Luiz. Ce dernier, dont la valeur a doubl\u00e9 en moins d&rsquo;un an, pourrait rejoindre le club phoc\u00e9en pour 4 millions d&rsquo;euros. Un prix tout \u00e0 fait abordable pour l&rsquo;OM, qui essaiera probablement de se faire pr\u00eater l&rsquo;attaquant de 23 ans avec une option d&rsquo;achat. Pablo Longoria et Medhi Benatia suivent l&rsquo;exemple du PSG, qui a d\u00e9montr\u00e9 que du c\u00f4t\u00e9 du Portugal on pouvait d\u00e9nicher de vrais talents.<\/p>\n","protected":false},"excerpt":{"rendered":"L&rsquo;OM ne restera pas inactif lors du march\u00e9 hivernal des transferts et c&rsquo;est dans ce cadre que Marseille&hellip;\n","protected":false},"author":2,"featured_media":625190,"comment_status":"","ping_status":"","sticky":false,"template":"","format":"standard","meta":{"footnotes":""},"categories":[2814],"tags":[1111,11,8936,1777,674,66690,1011,27,884,1434,12,149,882,25],"class_list":{"0":"post-625189","1":"post","2":"type-post","3":"status-publish","4":"format-standard","5":"has-post-thumbnail","7":"category-marseille","8":"tag-actu","9":"tag-actualites","10":"tag-breaking-news","11":"tag-eu","12":"tag-europe","13":"tag-foot-europeen","14":"tag-fr","15":"tag-france","16":"tag-marseille","17":"tag-mercato","18":"tag-news","19":"tag-om","20":"tag-provence-alpes-cote-dazur","21":"tag-republique-francaise"},"share_on_mastodon":{"url":"https:\/\/pubeurope.com\/@fr\/115791499388156563","error":""},"_links":{"self":[{"href":"https:\/\/www.europesays.com\/fr\/wp-json\/wp\/v2\/posts\/625189","targetHints":{"allow":["GET"]}}],"collection":[{"href":"https:\/\/www.europesays.com\/fr\/wp-json\/wp\/v2\/posts"}],"about":[{"href":"https:\/\/www.europesays.com\/fr\/wp-json\/wp\/v2\/types\/post"}],"author":[{"embeddable":true,"href":"https:\/\/www.europesays.com\/fr\/wp-json\/wp\/v2\/users\/2"}],"replies":[{"embeddable":true,"href":"https:\/\/www.europesays.com\/fr\/wp-json\/wp\/v2\/comments?post=625189"}],"version-history":[{"count":0,"href":"https:\/\/www.europesays.com\/fr\/wp-json\/wp\/v2\/posts\/625189\/revisions"}],"wp:featuredmedia":[{"embeddable":true,"href":"https:\/\/www.europesays.com\/fr\/wp-json\/wp\/v2\/media\/625190"}],"wp:attachment":[{"href":"https:\/\/www.europesays.com\/fr\/wp-json\/wp\/v2\/media?parent=625189"}],"wp:term":[{"taxonomy":"category","embeddable":true,"href":"https:\/\/www.europesays.com\/fr\/wp-json\/wp\/v2\/categories?post=625189"},{"taxonomy":"post_tag","embeddable":true,"href":"https:\/\/www.europesays.com\/fr\/wp-json\/wp\/v2\/tags?post=625189"}],"curies":[{"name":"wp","href":"https:\/\/api.w.org\/{rel}","templated":true}]}}