{"id":625196,"date":"2025-12-27T12:24:15","date_gmt":"2025-12-27T12:24:15","guid":{"rendered":"https:\/\/www.europesays.com\/fr\/625196\/"},"modified":"2025-12-27T12:24:15","modified_gmt":"2025-12-27T12:24:15","slug":"pourquoi-food-society-lun-des-plus-grands-food-courts-deurope-ferme-a-paris","status":"publish","type":"post","link":"https:\/\/www.europesays.com\/fr\/625196\/","title":{"rendered":"Pourquoi Food Society, l\u2019un des plus grands food courts d\u2019Europe, ferme \u00e0 Paris"},"content":{"rendered":"<p>                    Par<br \/>\n        <strong><br \/>\n            <a href=\"https:\/\/actu.fr\/auteur\/thomas-rideau\" title=\"Consulter tous les articles de Thomas Rideau\" target=\"_blank\" rel=\"noopener\">Thomas Rideau<\/a><br \/>\n                    <\/strong><\/p>\n<p>        Publi\u00e9 le<\/p>\n<p>            27 d\u00e9c. 2025 \u00e0 11h48        <\/p>\n<p>Food Society, dans les <strong>Ateliers Ga\u00eet\u00e9<\/strong>, c\u2019est fini. Lanc\u00e9 avec beaucoup d\u2019ambition il y a plus de 3 ans, le food court situ\u00e9 dans le quartier <a href=\"https:\/\/actu.fr\/tag\/montparnasse\" target=\"_blank\" rel=\"noopener\">Montparnasse<\/a> \u00e0 <a href=\"https:\/\/actu.fr\/paris\/\" target=\"_blank\" rel=\"noopener\">Paris<\/a> a annonc\u00e9 sur ses r\u00e9seaux sociaux sa fermeture d\u00e9finitive ce 1er\u00a0janvier 2026. <strong>Une proc\u00e9dure de redressement judiciaire<\/strong>, lanc\u00e9e au mois d\u2019ao\u00fbt\u00a02025 aupr\u00e8s du tribunal de commerce de Paris, montrait que la soci\u00e9t\u00e9 faisait face \u00e0 d\u2019importants probl\u00e8mes financiers.<\/p>\n<p>Un passif \u00e0 plus de 8 millions d\u2019euros<\/p>\n<p class=\" wall-content\">L\u2019un des plus grands food courts d\u2019Europe va fermer ses portes. R\u00e9put\u00e9 comme l\u2019un des plus qualitatifs de Paris, il ne verra pas l\u2019ann\u00e9e 2026. Par <strong>un simple message<\/strong> sur Instagram, Food Society a annonc\u00e9 la fin de l\u2019aventure.<\/p>\n<p class=\" wall-content\"><a href=\"https:\/\/www.instagram.com\/p\/DSnXaY5EaAV\/embed\" title=\"Ouvrir le lien sur Instagram\" target=\"_blank\" rel=\"noopener\">Visualiser le contenu sur Instagram<\/a><\/p>\n<p class=\" wall-content\">\u00abCette derni\u00e8re semaine, on vous attend pour partager une ultime fois l\u2019\u00e9nergie Food Society et c\u00e9l\u00e9brer tout ce que ce lieu a repr\u00e9sent\u00e9.<strong> Un immense merci \u00e0 nos \u00e9quipes<\/strong>, nos partenaires et \u00e0 vous tous qui avez fait vivre ce food court\u2009\u00bb, pr\u00e9cise la soci\u00e9t\u00e9 sur Instagram dans un message post\u00e9 le jour du r\u00e9veillon de No\u00ebl.<\/p>\n<p class=\" wall-content\">Clap de fin donc pour les quinze restaurants, les deux bars et le melting-pot de saveurs qui \u00e9tait propos\u00e9 chaque jour. Mais pourquoi les quelques milliers de m\u00e8tres carr\u00e9s de Food Society ferment d\u00e9finitivement\u2009?<\/p>\n<p class=\" wall-content\">Un d\u00e9but de r\u00e9ponse se trouve dans la proc\u00e9dure collective lanc\u00e9e par l\u2019entreprise \u00e0 l\u2019\u00e9t\u00e9 2025. Apr\u00e8s <strong>un d\u00e9p\u00f4t de cessation de paiements <\/strong>en juillet 2025, Food Society s\u2019est pr\u00e9sent\u00e9 devant le tribunal de commerce, fin ao\u00fbt, pour demander un placement en redressement judiciaire.<\/p>\n<p>\u00ab Un manque de moyens financiers et d\u2019un passif trop important\u2009\u00bb<\/p>\n<p class=\" wall-content\">Dans le jugement rendu apr\u00e8s le d\u00e9but du redressement judiciaire, on d\u00e9couvre que l\u2019entreprise, qui emploie presque 100 salari\u00e9s, a <strong>un passif de 8,2 millions<\/strong> d\u2019euros. Un chiffre cons\u00e9quent qui regroupe tout ce que l\u2019entreprise\u00a0doit \u00e0 ses cr\u00e9anciers. D\u2019autant plus que son chiffre d\u2019affaires n\u2019est \u00ab\u2009que\u2009\u00bb de 6,2 millions d\u2019euros.<\/p>\n<p class=\" wall-content\">Le tribunal de commerce point d\u2019ailleurs que l\u2019entreprise \u00ab\u2009se trouve en \u00e9tat de cessation des paiements, notamment du fait d\u2019un manque de moyens financiers et d\u2019un passif trop important\u2009\u00bb. Une p\u00e9riode d\u2019observation de six mois a alors \u00e9t\u00e9 ouverte. Une p\u00e9riode qui devait permettre aux dirigeants de <strong>remonter la pente<\/strong>. Ces derniers souhaitaient d\u2019ailleurs \u00ab\u2009pr\u00e9senter \u00e0 terme un plan de redressement\u2009\u00bb.<\/p>\n<p>Votre r\u00e9gion, votre actu !<\/p>\n<p>Recevez chaque jour les infos qui comptent pour vous.<\/p>\n<p>\t<a href=\"https:\/\/actu.fr\/newsletter\" class=\"ac-btn ac-btn--corner ac-btn--medium ac-btn--blue800\" target=\"_blank\" rel=\"noopener\">S&rsquo;incrire<\/a><\/p>\n<p class=\" wall-content\">Qu\u2019en est-il aujourd\u2019hui\u2009? Est-ce que la fermeture du food court dans les Ateliers Ga\u00eet\u00e9 va laisser place \u00e0 une nouvelle structure\u2009? Une nouvelle aventure\u2009? Ou au contraire, la fermeture d\u00e9finitive du food court signe la fin de Food Society avenue du Maine\u2009? R\u00e9ponse tr\u00e8s bient\u00f4t.<\/p>\n<p class=\" wall-content\">Personnalisez votre actualit\u00e9 en ajoutant vos villes et m\u00e9dias en favori avec <a href=\"https:\/\/moncompte.actu.fr\" title=\"D\u00e9couvez Mon Actu\" rel=\"nofollow noopener\" data-trk=\"{&quot;cta&quot;:{&quot;action&quot;:&quot;https:\\\/\\\/moncompte.actu.fr&quot;,&quot;category&quot;:&quot;mon compte&quot;,&quot;from&quot;:&quot;article footer&quot;,&quot;name&quot;:&quot;Mon actu&quot;,&quot;type&quot;:&quot;cta&quot;}}\" target=\"_blank\">Mon Actu<\/a>.<\/p>\n<p>                    <script async src=\"\/\/www.instagram.com\/embed.js\"><\/script><\/p>\n","protected":false},"excerpt":{"rendered":"Par Thomas Rideau Publi\u00e9 le 27 d\u00e9c. 2025 \u00e0 11h48 Food Society, dans les Ateliers Ga\u00eet\u00e9, c\u2019est fini.&hellip;\n","protected":false},"author":2,"featured_media":625197,"comment_status":"","ping_status":"","sticky":false,"template":"","format":"standard","meta":{"footnotes":""},"categories":[1888],"tags":[1111,1928,11,1927,1777,674,1011,27,11674,12,1926,626,1925,25,104,10479],"class_list":{"0":"post-625196","1":"post","2":"type-post","3":"status-publish","4":"format-standard","5":"has-post-thumbnail","7":"category-paris","8":"tag-actu","9":"tag-actu-paris","10":"tag-actualites","11":"tag-actualites-paris","12":"tag-eu","13":"tag-europe","14":"tag-fr","15":"tag-france","16":"tag-montparnasse","17":"tag-news","18":"tag-news-paris","19":"tag-paris","20":"tag-paris-news","21":"tag-republique-francaise","22":"tag-societe","23":"tag-street-food"},"share_on_mastodon":{"url":"https:\/\/pubeurope.com\/@fr\/115791519049464273","error":""},"_links":{"self":[{"href":"https:\/\/www.europesays.com\/fr\/wp-json\/wp\/v2\/posts\/625196","targetHints":{"allow":["GET"]}}],"collection":[{"href":"https:\/\/www.europesays.com\/fr\/wp-json\/wp\/v2\/posts"}],"about":[{"href":"https:\/\/www.europesays.com\/fr\/wp-json\/wp\/v2\/types\/post"}],"author":[{"embeddable":true,"href":"https:\/\/www.europesays.com\/fr\/wp-json\/wp\/v2\/users\/2"}],"replies":[{"embeddable":true,"href":"https:\/\/www.europesays.com\/fr\/wp-json\/wp\/v2\/comments?post=625196"}],"version-history":[{"count":0,"href":"https:\/\/www.europesays.com\/fr\/wp-json\/wp\/v2\/posts\/625196\/revisions"}],"wp:featuredmedia":[{"embeddable":true,"href":"https:\/\/www.europesays.com\/fr\/wp-json\/wp\/v2\/media\/625197"}],"wp:attachment":[{"href":"https:\/\/www.europesays.com\/fr\/wp-json\/wp\/v2\/media?parent=625196"}],"wp:term":[{"taxonomy":"category","embeddable":true,"href":"https:\/\/www.europesays.com\/fr\/wp-json\/wp\/v2\/categories?post=625196"},{"taxonomy":"post_tag","embeddable":true,"href":"https:\/\/www.europesays.com\/fr\/wp-json\/wp\/v2\/tags?post=625196"}],"curies":[{"name":"wp","href":"https:\/\/api.w.org\/{rel}","templated":true}]}}