{"id":625202,"date":"2025-12-27T12:27:24","date_gmt":"2025-12-27T12:27:24","guid":{"rendered":"https:\/\/www.europesays.com\/fr\/625202\/"},"modified":"2025-12-27T12:27:24","modified_gmt":"2025-12-27T12:27:24","slug":"ca-va-nous-changer-la-vie-a-paris-les-chiens-tenus-en-laisse-sont-les-bienvenus-au-parc-de-bercy","status":"publish","type":"post","link":"https:\/\/www.europesays.com\/fr\/625202\/","title":{"rendered":"\u00ab\u00a0\u00c7a va nous changer la vie\u00a0\u00bb\u00a0: \u00e0 Paris, les chiens tenus en laisse sont les bienvenus au parc de Bercy"},"content":{"rendered":"<p class=\"paragraph text_align_left lp-f-body-02\">59 000 m2, \u00e7a en fait de la place pour gambader ! Au bout de la laisse de leurs propri\u00e9taires, sur les hauteurs du parc de Bercy \u00e0 <a href=\"https:\/\/www.leparisien.fr\/paris-75\/\" target=\"_self\" rel=\"noopener\">Paris<\/a> (XIIe), Mizu, un shiba \u00e2g\u00e9 d\u2019un an, et Verdi, une femelle retriever de trois ans, fr\u00e9tillent de plaisir. Arnaud et J\u00e9r\u00f4me, leurs ma\u00eetres, ont appris un peu par hasard qu\u2019il leur \u00e9tait d\u00e9sormais possible d\u2019arpenter les all\u00e9es du parc avec leurs chiens, \u00e0 condition qu\u2019ils soient tenus en laisse.<\/p>\n<p class=\"\">Un dispositif mis en place par la Ville depuis le 17 d\u00e9cembre, qui r\u00e9sulte d\u2019un v\u0153u adopt\u00e9 \u00e0 l\u2019unanimit\u00e9 au Conseil de Paris en octobre dernier, en vue d\u2019accorder <a href=\"https:\/\/www.leparisien.fr\/paris-75\/les-maitres-sont-aussi-des-electeurs-les-chiens-auront-bientot-acces-a-davantage-despaces-verts-a-paris-02-12-2025-P7DKDLWJJ5GDHL4PSBX3H7O2ZA.php\" target=\"_self\" rel=\"noopener\">plus de place aux quelque 100 000 compagnons \u00e0 quatre pattes<\/a> dans les jardins et les squares de la capitale. \u00c0 ce jour, 163 espaces verts publics sont accessibles aux chiens, soit 28 % de la superficie de Paris, qui compte aussi 43 espaces canins.<\/p>\n","protected":false},"excerpt":{"rendered":"59 000 m2, \u00e7a en fait de la place pour gambader ! Au bout de la laisse de&hellip;\n","protected":false},"author":2,"featured_media":625203,"comment_status":"","ping_status":"","sticky":false,"template":"","format":"standard","meta":{"footnotes":""},"categories":[1888],"tags":[11,1867,1777,674,1011,27,1944,12,626,25],"class_list":{"0":"post-625202","1":"post","2":"type-post","3":"status-publish","4":"format-standard","5":"has-post-thumbnail","7":"category-paris","8":"tag-actualites","9":"tag-animaux","10":"tag-eu","11":"tag-europe","12":"tag-fr","13":"tag-france","14":"tag-ma-ville","15":"tag-news","16":"tag-paris","17":"tag-republique-francaise"},"share_on_mastodon":{"url":"https:\/\/pubeurope.com\/@fr\/115791530899997750","error":""},"_links":{"self":[{"href":"https:\/\/www.europesays.com\/fr\/wp-json\/wp\/v2\/posts\/625202","targetHints":{"allow":["GET"]}}],"collection":[{"href":"https:\/\/www.europesays.com\/fr\/wp-json\/wp\/v2\/posts"}],"about":[{"href":"https:\/\/www.europesays.com\/fr\/wp-json\/wp\/v2\/types\/post"}],"author":[{"embeddable":true,"href":"https:\/\/www.europesays.com\/fr\/wp-json\/wp\/v2\/users\/2"}],"replies":[{"embeddable":true,"href":"https:\/\/www.europesays.com\/fr\/wp-json\/wp\/v2\/comments?post=625202"}],"version-history":[{"count":0,"href":"https:\/\/www.europesays.com\/fr\/wp-json\/wp\/v2\/posts\/625202\/revisions"}],"wp:featuredmedia":[{"embeddable":true,"href":"https:\/\/www.europesays.com\/fr\/wp-json\/wp\/v2\/media\/625203"}],"wp:attachment":[{"href":"https:\/\/www.europesays.com\/fr\/wp-json\/wp\/v2\/media?parent=625202"}],"wp:term":[{"taxonomy":"category","embeddable":true,"href":"https:\/\/www.europesays.com\/fr\/wp-json\/wp\/v2\/categories?post=625202"},{"taxonomy":"post_tag","embeddable":true,"href":"https:\/\/www.europesays.com\/fr\/wp-json\/wp\/v2\/tags?post=625202"}],"curies":[{"name":"wp","href":"https:\/\/api.w.org\/{rel}","templated":true}]}}