{"id":625206,"date":"2025-12-27T12:29:13","date_gmt":"2025-12-27T12:29:13","guid":{"rendered":"https:\/\/www.europesays.com\/fr\/625206\/"},"modified":"2025-12-27T12:29:13","modified_gmt":"2025-12-27T12:29:13","slug":"zelensky-annonce-quil-sentretiendra-avec-ses-allies-europeens-avant-sa-rencontre-avec-trump","status":"publish","type":"post","link":"https:\/\/www.europesays.com\/fr\/625206\/","title":{"rendered":"Zelensky annonce qu&rsquo;il s&rsquo;entretiendra avec ses alli\u00e9s europ\u00e9ens avant sa rencontre avec Trump"},"content":{"rendered":"<p>\n    Le pr\u00e9sident ukrainien est en route vers la Floride pour s\u2019entretenir avec Donald Trump au sujet de la proposition am\u00e9ricaine de paix en Ukraine.<\/p>\n<p class=\"fig-paragraph\">Le pr\u00e9sident ukrainien Volodymyr Zelensky s&rsquo;entretiendra avec des alli\u00e9s europ\u00e9ens lors d&rsquo;une escale au Canada, a-t-il annonc\u00e9 lors d&rsquo;un dialogue avec des journalistes via une application de messagerie pendant son vol vers les \u00c9tats-Unis, o\u00f9 il doit rencontrer Donald Trump dimanche.<\/p>\n<p class=\"fig-paragraph\">\u00abNous sommes actuellement en vol vers la Floride, aux \u00c9tats-Unis. En route, nous ferons une escale au Canada. J&rsquo;aurai une r\u00e9union avec le Premier ministre du Canada (Mark) Carney. Ensemble, nous pr\u00e9voyons de nous entretenir en ligne avec des dirigeants europ\u00e9ens\u00bb, a d\u00e9clar\u00e9\u00a0<a href=\"http:\/\/www.lefigaro.fr\/international\/guerre-en-ukraine-volodymyr-zelensky-n-a-rien-tant-que-je-ne-donne-pas-mon-accord-previent-donald-trump-20251226\" target=\"_blank\" data-fig-type=\"NewsFlash\" rel=\"noopener\" data-gtm-custom-categorie=\"navigation\" data-gtm-custom-action=\"crossclick\" data-gtm-custom-label=\"Contextuel\" data-gtm-event=\"customEventSPE\" data-fig-domain=\"LEFIGARO\">Volodymyr Zelensky<\/a>.<\/p>\n<p>                                            <a class=\"fig-a11y-skip\" href=\"#fig-a11y-skip-main-inarticle\" data-module=\"a11y-skip\" data-context=\"was @visible\"><br \/>\n    Passer la publicit\u00e9<br \/>\n<\/a>            <\/p>\n<p class=\"fig-paragraph\">Avec Donald Trump, il doit \u00e9voquer la question sensible des territoires, dans le cadre des n\u00e9gociations visant \u00e0 mettre fin \u00e0 la guerre entre la Russie et l&rsquo;Ukraine.<\/p>\n","protected":false},"excerpt":{"rendered":"Le pr\u00e9sident ukrainien est en route vers la Floride pour s\u2019entretenir avec Donald Trump au sujet de la&hellip;\n","protected":false},"author":2,"featured_media":625207,"comment_status":"","ping_status":"","sticky":false,"template":"","format":"standard","meta":{"footnotes":""},"categories":[1590],"tags":[11,75,1777,674,131,12,220,134],"class_list":{"0":"post-625206","1":"post","2":"type-post","3":"status-publish","4":"format-standard","5":"has-post-thumbnail","7":"category-ukraine","8":"tag-actualites","9":"tag-donald-trump","10":"tag-eu","11":"tag-europe","12":"tag-guerre-en-ukraine","13":"tag-news","14":"tag-ukraine","15":"tag-volodymyr-zelensky"},"share_on_mastodon":{"url":"https:\/\/pubeurope.com\/@fr\/115791538733541946","error":""},"_links":{"self":[{"href":"https:\/\/www.europesays.com\/fr\/wp-json\/wp\/v2\/posts\/625206","targetHints":{"allow":["GET"]}}],"collection":[{"href":"https:\/\/www.europesays.com\/fr\/wp-json\/wp\/v2\/posts"}],"about":[{"href":"https:\/\/www.europesays.com\/fr\/wp-json\/wp\/v2\/types\/post"}],"author":[{"embeddable":true,"href":"https:\/\/www.europesays.com\/fr\/wp-json\/wp\/v2\/users\/2"}],"replies":[{"embeddable":true,"href":"https:\/\/www.europesays.com\/fr\/wp-json\/wp\/v2\/comments?post=625206"}],"version-history":[{"count":0,"href":"https:\/\/www.europesays.com\/fr\/wp-json\/wp\/v2\/posts\/625206\/revisions"}],"wp:featuredmedia":[{"embeddable":true,"href":"https:\/\/www.europesays.com\/fr\/wp-json\/wp\/v2\/media\/625207"}],"wp:attachment":[{"href":"https:\/\/www.europesays.com\/fr\/wp-json\/wp\/v2\/media?parent=625206"}],"wp:term":[{"taxonomy":"category","embeddable":true,"href":"https:\/\/www.europesays.com\/fr\/wp-json\/wp\/v2\/categories?post=625206"},{"taxonomy":"post_tag","embeddable":true,"href":"https:\/\/www.europesays.com\/fr\/wp-json\/wp\/v2\/tags?post=625206"}],"curies":[{"name":"wp","href":"https:\/\/api.w.org\/{rel}","templated":true}]}}