{"id":625208,"date":"2025-12-27T12:30:14","date_gmt":"2025-12-27T12:30:14","guid":{"rendered":"https:\/\/www.europesays.com\/fr\/625208\/"},"modified":"2025-12-27T12:30:14","modified_gmt":"2025-12-27T12:30:14","slug":"aux-etats-unis-la-protection-des-especes-menacees-au-coeur-dune-bataille-judiciaire","status":"publish","type":"post","link":"https:\/\/www.europesays.com\/fr\/625208\/","title":{"rendered":"Aux \u00c9tats-Unis, la protection des esp\u00e8ces menac\u00e9es au c\u0153ur d\u2019une bataille judiciaire"},"content":{"rendered":"<p>\n    <strong>D\u00c9CRYPTAGE<\/strong> &#8211; l\u2019Administration Trump entend r\u00e9former l\u2019Endangered Species Act, une loi qui a permis de pr\u00e9venir l\u2019extinction d\u2019environ 300 esp\u00e8ces depuis son adoption en 1973.<\/p>\n<p class=\"fig-paragraph\">Comme elles l\u2019avaient fait durant le premier mandat de\u00a0<a href=\"http:\/\/www.lefigaro.fr\/sciences\/accord-de-paris-petrole-renouvelables-ce-que-le-retour-de-donald-trump-pourrait-changer-pour-le-climat-20241106\" data-fig-type=\"Article\" data-gtm-custom-categorie=\"navigation\" data-gtm-custom-action=\"crossclick\" data-gtm-custom-label=\"Contextuel\" data-gtm-event=\"customEventSPE\" data-fig-domain=\"LEFIGARO\" target=\"_blank\" rel=\"noopener\">Donald Trump<\/a>, les associations de d\u00e9fense de la nature ont engag\u00e9 une lutte pied \u00e0 pied pour limiter\u00a0<a href=\"http:\/\/www.lefigaro.fr\/sciences\/etats-unis-l-administration-trump-veut-revoir-la-definition-du-mal-fait-aux-especes-en-danger-20250417\" data-fig-type=\"NewsFlash\" data-gtm-custom-categorie=\"navigation\" data-gtm-custom-action=\"crossclick\" data-gtm-custom-label=\"Contextuel\" data-gtm-event=\"customEventSPE\" data-fig-domain=\"LEFIGARO\" target=\"_blank\" rel=\"noopener\">les atteintes de l\u2019Administration am\u00e9ricaine \u00e0 la biodiversit\u00e9<\/a>. Entre 2017 et 2021, le Centre pour la diversit\u00e9 biologique (CDB) avait ainsi intent\u00e9 266\u00a0actions en justice contre des projets de r\u00e9glementation visant \u00e0 contourner ou assouplir\u00a0<a href=\"http:\/\/www.lefigaro.fr\/sciences\/aux-etats-unis-le-sabotage-en-regle-de-la-recherche-sur-l-environnement-par-l-administration-trump-20250505\" data-fig-type=\"Article\" data-gtm-custom-categorie=\"navigation\" data-gtm-custom-action=\"crossclick\" data-gtm-custom-label=\"Contextuel\" data-gtm-event=\"customEventSPE\" data-fig-domain=\"LEFIGARO\" target=\"_blank\" rel=\"noopener\">le droit de l\u2019environnement<\/a>. L\u2019association dit avoir remport\u00e9 90\u00a0% de ces proc\u00e8s. Mais la bataille judiciaire a repris en janvier dernier\u00a0: depuis le retour au pouvoir du pr\u00e9sident r\u00e9publicain, le CDB a d\u00e9pos\u00e9 65\u00a0plaintes. \u00ab\u00a0Nous avons embauch\u00e9 davantage d\u2019avocats et intensifi\u00e9 consid\u00e9rablement nos efforts juridiques\u00a0\u00bb, indique Noah Greenwald, sp\u00e9cialiste des esp\u00e8ces menac\u00e9es au sein du centre.<\/p>\n<p class=\"fig-paragraph\">R\u00e9cemment, l\u2019association a contest\u00e9 en justice le permis de construire d\u2019un port de plaisance et de logements de luxe sur le lac Pend Oreille, dans l\u2019Idaho, accord\u00e9 par des agences f\u00e9d\u00e9rales. Le projet<\/p>\n<p class=\"fig-premium-paywall__infos\">\n        Cet article est r\u00e9serv\u00e9 aux abonn\u00e9s.        Il vous reste 78% \u00e0 d\u00e9couvrir.\n    <\/p>\n<p>                <img  data- alt=\"Le Figaro\" class=\"fig-img--complete fig-img\"\/><\/p>\n<p class=\"fig-premium-paywall__title\">Vous avez envie de lire la suite ?<\/p>\n<p class=\"fig-premium-paywall__subtitle\">D\u00e9bloquez tous les articles imm\u00e9diatement.<\/p>\n<p class=\"fig-premium-paywall__connect\">\n                D\u00e9j\u00e0 abonn\u00e9\u00a0?                <a class=\"fig-premium-paywall__connect-link\" href=\"https:\/\/connect.lefigaro.fr\/login?client=horizon_web&amp;type=main&amp;redirect_uri=https%3A%2F%2Fwww.lefigaro.fr%2Fsciences%2Faux-etats-unis-la-protection-des-especes-menacees-au-coeur-d-une-bataille-judiciaire-20251227\" data-js-gtm=\"{&quot;customCategorie&quot;: &quot;conversion&quot;, &quot;customAction&quot;: &quot;before_Landing_Connexion_paywall_auto&quot;, &quot;customLabel&quot;: &quot;bGVmaWdhcm8uZnJfXzFmMGRjZjgzLTY0MTgtNjFmOC1iYmUwLTZiYTlhMzEzOTM0MF9fQXJ0aWNsZQ==_Aux \u00c9tats-Unis, la protection des esp\u00e8ces menac\u00e9es au c\u0153ur d\u2019une bataille judiciaire_195&quot;, &quot;customIDSPE&quot;: &quot;bGVmaWdhcm8uZnJfXzFmMGRjZjgzLTY0MTgtNjFmOC1iYmUwLTZiYTlhMzEzOTM0MF9fQXJ0aWNsZQ==&quot;, &quot;event&quot;: &quot;customEventSPE&quot;}\" target=\"_blank\" rel=\"noopener\"><br \/>\n                    Connectez-vous<br \/>\n                <\/a>\n            <\/p>\n","protected":false},"excerpt":{"rendered":"D\u00c9CRYPTAGE &#8211; l\u2019Administration Trump entend r\u00e9former l\u2019Endangered Species Act, une loi qui a permis de pr\u00e9venir l\u2019extinction d\u2019environ&hellip;\n","protected":false},"author":2,"featured_media":625209,"comment_status":"","ping_status":"","sticky":false,"template":"","format":"standard","meta":{"footnotes":""},"categories":[1589],"tags":[11,1130,7442,73,1866,12,1864,1865,1863,308],"class_list":{"0":"post-625208","1":"post","2":"type-post","3":"status-publish","4":"format-standard","5":"has-post-thumbnail","7":"category-etats-unis","8":"tag-actualites","9":"tag-biodiversite","10":"tag-especes-menacees","11":"tag-etats-unis","12":"tag-etats-unis-damerique","13":"tag-news","14":"tag-united-states","15":"tag-united-states-of-america","16":"tag-us","17":"tag-usa"},"share_on_mastodon":{"url":"https:\/\/pubeurope.com\/@fr\/115791542675324869","error":""},"_links":{"self":[{"href":"https:\/\/www.europesays.com\/fr\/wp-json\/wp\/v2\/posts\/625208","targetHints":{"allow":["GET"]}}],"collection":[{"href":"https:\/\/www.europesays.com\/fr\/wp-json\/wp\/v2\/posts"}],"about":[{"href":"https:\/\/www.europesays.com\/fr\/wp-json\/wp\/v2\/types\/post"}],"author":[{"embeddable":true,"href":"https:\/\/www.europesays.com\/fr\/wp-json\/wp\/v2\/users\/2"}],"replies":[{"embeddable":true,"href":"https:\/\/www.europesays.com\/fr\/wp-json\/wp\/v2\/comments?post=625208"}],"version-history":[{"count":0,"href":"https:\/\/www.europesays.com\/fr\/wp-json\/wp\/v2\/posts\/625208\/revisions"}],"wp:featuredmedia":[{"embeddable":true,"href":"https:\/\/www.europesays.com\/fr\/wp-json\/wp\/v2\/media\/625209"}],"wp:attachment":[{"href":"https:\/\/www.europesays.com\/fr\/wp-json\/wp\/v2\/media?parent=625208"}],"wp:term":[{"taxonomy":"category","embeddable":true,"href":"https:\/\/www.europesays.com\/fr\/wp-json\/wp\/v2\/categories?post=625208"},{"taxonomy":"post_tag","embeddable":true,"href":"https:\/\/www.europesays.com\/fr\/wp-json\/wp\/v2\/tags?post=625208"}],"curies":[{"name":"wp","href":"https:\/\/api.w.org\/{rel}","templated":true}]}}