{"id":625212,"date":"2025-12-27T12:32:19","date_gmt":"2025-12-27T12:32:19","guid":{"rendered":"https:\/\/www.europesays.com\/fr\/625212\/"},"modified":"2025-12-27T12:32:19","modified_gmt":"2025-12-27T12:32:19","slug":"un-automobiliste-mortellement-percute-alors-quil-etait-sorti-de-sa-voiture-sur-la5","status":"publish","type":"post","link":"https:\/\/www.europesays.com\/fr\/625212\/","title":{"rendered":"un automobiliste mortellement percut\u00e9 alors qu\u2019il \u00e9tait sorti de sa voiture sur l\u2019A5"},"content":{"rendered":"<p>Un homme est d\u00e9c\u00e9d\u00e9 jeudi soir, sur l\u2019autoroute A 5, entre Appenweier et Achern, non loin de Strasbourg. Un conducteur de Mercedes \u00e2g\u00e9 de 49 ans a d\u00e9pass\u00e9 un camion, puis a frein\u00e9 brusquement et le camion l\u2019a percut\u00e9. Le conducteur a alors gar\u00e9 sa voiture sur la bande d\u2019arr\u00eat d\u2019urgence et, pour des raisons encore inconnues, s\u2019est engag\u00e9 sur la chauss\u00e9e o\u00f9 il a \u00e9t\u00e9 percut\u00e9 par le conducteur d\u2019une Renault \u00e2g\u00e9 de 65 ans. Les secours ont tent\u00e9 de le r\u00e9animer, mais ils n\u2019ont pu que constater le d\u00e9c\u00e8s de l\u2019homme.<\/p>\n<p>Le conducteur de la Renault n\u2019est pas bless\u00e9, mais a \u00e9t\u00e9 choqu\u00e9. L\u2019autoroute a \u00e9t\u00e9 longuement coup\u00e9e pour permettre les op\u00e9rations de d\u00e9gagement. L\u2019enqu\u00eate a \u00e9t\u00e9 confi\u00e9e au service des accidents de la circulation de Baden-Baden.<\/p>\n","protected":false},"excerpt":{"rendered":"Un homme est d\u00e9c\u00e9d\u00e9 jeudi soir, sur l\u2019autoroute A 5, entre Appenweier et Achern, non loin de Strasbourg.&hellip;\n","protected":false},"author":2,"featured_media":625104,"comment_status":"","ping_status":"","sticky":false,"template":"","format":"standard","meta":{"footnotes":""},"categories":[1587],"tags":[119,11,672,2389,1804,1805,1803,1777,674,274,107,329,1801,12,1802,1806],"class_list":{"0":"post-625212","1":"post","2":"type-post","3":"status-publish","4":"format-standard","5":"has-post-thumbnail","7":"category-allemagne","8":"tag-accident","9":"tag-actualites","10":"tag-allemagne","11":"tag-alsace","12":"tag-bundesrepublik-deutschland","13":"tag-de","14":"tag-deutschland","15":"tag-eu","16":"tag-europe","17":"tag-faits-divers-justice","18":"tag-fil-info","19":"tag-france-monde","20":"tag-germany","21":"tag-news","22":"tag-republique-federale-dallemagne","23":"tag-rheinblick"},"share_on_mastodon":{"url":"https:\/\/pubeurope.com\/@fr\/115791551059283020","error":""},"_links":{"self":[{"href":"https:\/\/www.europesays.com\/fr\/wp-json\/wp\/v2\/posts\/625212","targetHints":{"allow":["GET"]}}],"collection":[{"href":"https:\/\/www.europesays.com\/fr\/wp-json\/wp\/v2\/posts"}],"about":[{"href":"https:\/\/www.europesays.com\/fr\/wp-json\/wp\/v2\/types\/post"}],"author":[{"embeddable":true,"href":"https:\/\/www.europesays.com\/fr\/wp-json\/wp\/v2\/users\/2"}],"replies":[{"embeddable":true,"href":"https:\/\/www.europesays.com\/fr\/wp-json\/wp\/v2\/comments?post=625212"}],"version-history":[{"count":0,"href":"https:\/\/www.europesays.com\/fr\/wp-json\/wp\/v2\/posts\/625212\/revisions"}],"wp:featuredmedia":[{"embeddable":true,"href":"https:\/\/www.europesays.com\/fr\/wp-json\/wp\/v2\/media\/625104"}],"wp:attachment":[{"href":"https:\/\/www.europesays.com\/fr\/wp-json\/wp\/v2\/media?parent=625212"}],"wp:term":[{"taxonomy":"category","embeddable":true,"href":"https:\/\/www.europesays.com\/fr\/wp-json\/wp\/v2\/categories?post=625212"},{"taxonomy":"post_tag","embeddable":true,"href":"https:\/\/www.europesays.com\/fr\/wp-json\/wp\/v2\/tags?post=625212"}],"curies":[{"name":"wp","href":"https:\/\/api.w.org\/{rel}","templated":true}]}}