{"id":625230,"date":"2025-12-27T12:47:14","date_gmt":"2025-12-27T12:47:14","guid":{"rendered":"https:\/\/www.europesays.com\/fr\/625230\/"},"modified":"2025-12-27T12:47:14","modified_gmt":"2025-12-27T12:47:14","slug":"mason-greenwood-fait-craquer-pierre-menes","status":"publish","type":"post","link":"https:\/\/www.europesays.com\/fr\/625230\/","title":{"rendered":"Mason Greenwood fait craquer Pierre M\u00e9n\u00e8s"},"content":{"rendered":"<p><b><a href=\"https:\/\/www.foot01.com\/mason-greenwood\" title=\"Mason Greenwood\" target=\"_blank\" rel=\"noopener\">Mason Greenwood<\/a> a brill\u00e9 lors de cette premi\u00e8re partie de saison en <a href=\"https:\/\/www.foot01.com\/ligue1\" title=\"Ligue 1\" target=\"_blank\" rel=\"noopener\">Ligue 1<\/a> et pour Pierre M\u00e9n\u00e8s, il n\u2019y a pas de honte \u00e0 dire que le joueur de l\u2019OM est le meilleur attaquant du championnat de France actuellement.<\/b>Auteur de 15 buts et 4 passes d\u00e9cisives toutes comp\u00e9titions confondues (11 buts, 3 passes en Ligue 1), <a href=\"https:\/\/www.foot01.com\/marseille\/100-millions-deuros-lom-met-greenwood-en-vente\" target=\"_self\" rel=\"noopener\">Mason Greenwood a r\u00e9alis\u00e9 une premi\u00e8re partie de saison tout simplement parfaite<\/a> avec l\u2019Olympique de Marseille. L\u2019attaquant anglais de 24 ans confirme sa mont\u00e9e en puissance, apr\u00e8s une saison aboutie en 2024-2025. L\u2019ancien joueur de Manchester United semble plus fort que jamais. Davantage connect\u00e9 au reste de l\u2019\u00e9quipe, plus altruiste et moins avare en efforts, Mason Greenwood a s\u00e9duit Pierre M\u00e9n\u00e8s.<\/p>\n<p>L\u2019ancien journaliste de Canal+ a publi\u00e9 sur sa cha\u00eene YouTube son \u00e9quipe-type de la premi\u00e8re partie de la saison en Ligue 1. Et selon lui, impossible de choisir un autre joueur que Mason Greenwood pour le poste d\u2019ailier droit tant l\u2019attaquant de l\u2019OM domine le championnat de France \u00e0 ses yeux. \u00ab A droite (de l\u2019\u00e9quipe-type) obligatoirement c\u2019est Mason Greenwood. Il marque toujours autant de buts et en plus il a progress\u00e9 dans la participation au jeu, dans l\u2019investissement personnel, dans le repli d\u00e9fensif. On le voit beaucoup plus que la saison derni\u00e8re, o\u00f9 il avait tendance \u00e0 dispara\u00eetre de la circulation pendant de longues minutes \u00bb explique le journaliste avant de conclure.<\/p>\n<p>Mason Greenwood meilleur attaquant de Ligue 1 ?<\/p>\n<p>\u00ab Ses p\u00e9riodes d\u2019\u00e9clipse sont bien moindres. C\u2019est certainement le meilleur attaquant de cette premi\u00e8re partie de saison en Ligue 1 \u00bb a analys\u00e9 Pierre M\u00e9n\u00e8s, totalement charm\u00e9 par les prestations de Mason Greenwood lors de cette premi\u00e8re partie de saison. Une analyse tr\u00e8s certainement partag\u00e9e par les supporters de l\u2019OM ainsi que par Roberto De Zerbi. L\u2019entra\u00eeneur italien a r\u00e9ussi \u00e0 faire passer un cap \u00e0 l\u2019attaquant anglais et c\u2019est sans doute pour l\u2019instant l\u2019une de ses plus beaux accomplissements en Provence. Du c\u00f4t\u00e9 de Marseille, on esp\u00e8re maintenant que Greenwood conservera ce niveau exceptionnel le plus longtemps possible afin d\u2019atteindre les objectifs du club en Ligue 1 mais aussi en Ligue des Champions.<\/p>\n","protected":false},"excerpt":{"rendered":"Mason Greenwood a brill\u00e9 lors de cette premi\u00e8re partie de saison en Ligue 1 et pour Pierre M\u00e9n\u00e8s,&hellip;\n","protected":false},"author":2,"featured_media":625231,"comment_status":"","ping_status":"","sticky":false,"template":"","format":"standard","meta":{"footnotes":""},"categories":[1410],"tags":[63,1011,27,66,4242,149,60],"class_list":{"0":"post-625230","1":"post","2":"type-post","3":"status-publish","4":"format-standard","5":"has-post-thumbnail","7":"category-football","8":"tag-football","9":"tag-fr","10":"tag-france","11":"tag-ligue-1","12":"tag-mason-greenwood","13":"tag-om","14":"tag-sports"},"share_on_mastodon":{"url":"https:\/\/pubeurope.com\/@fr\/115791609535923561","error":""},"_links":{"self":[{"href":"https:\/\/www.europesays.com\/fr\/wp-json\/wp\/v2\/posts\/625230","targetHints":{"allow":["GET"]}}],"collection":[{"href":"https:\/\/www.europesays.com\/fr\/wp-json\/wp\/v2\/posts"}],"about":[{"href":"https:\/\/www.europesays.com\/fr\/wp-json\/wp\/v2\/types\/post"}],"author":[{"embeddable":true,"href":"https:\/\/www.europesays.com\/fr\/wp-json\/wp\/v2\/users\/2"}],"replies":[{"embeddable":true,"href":"https:\/\/www.europesays.com\/fr\/wp-json\/wp\/v2\/comments?post=625230"}],"version-history":[{"count":0,"href":"https:\/\/www.europesays.com\/fr\/wp-json\/wp\/v2\/posts\/625230\/revisions"}],"wp:featuredmedia":[{"embeddable":true,"href":"https:\/\/www.europesays.com\/fr\/wp-json\/wp\/v2\/media\/625231"}],"wp:attachment":[{"href":"https:\/\/www.europesays.com\/fr\/wp-json\/wp\/v2\/media?parent=625230"}],"wp:term":[{"taxonomy":"category","embeddable":true,"href":"https:\/\/www.europesays.com\/fr\/wp-json\/wp\/v2\/categories?post=625230"},{"taxonomy":"post_tag","embeddable":true,"href":"https:\/\/www.europesays.com\/fr\/wp-json\/wp\/v2\/tags?post=625230"}],"curies":[{"name":"wp","href":"https:\/\/api.w.org\/{rel}","templated":true}]}}