{"id":625236,"date":"2025-12-27T12:51:18","date_gmt":"2025-12-27T12:51:18","guid":{"rendered":"https:\/\/www.europesays.com\/fr\/625236\/"},"modified":"2025-12-27T12:51:18","modified_gmt":"2025-12-27T12:51:18","slug":"clip-de-fin-pour-mtv-france-une-chaine-dont-lheritage-circule-encore","status":"publish","type":"post","link":"https:\/\/www.europesays.com\/fr\/625236\/","title":{"rendered":"Clip de fin pour MTV France, une cha\u00eene dont l\u2019h\u00e9ritage circule encore"},"content":{"rendered":"<p>                        <img viewbox=\"0 0 664 443\"   width=\"664\" height=\"443\" alt=\"De gauche \u00e0 droite et de haut en bat : publicit\u00e9 pour le lancement de la cha\u00eene MTV en\u00a01984\u00a0; David Bowie dans\u00a0la pub \u00ab\u2009I want my MTV\u2009\u00bb\u00a0; le\u00a0programme \u00ab\u2009Ka\u00efra shopping\u2009\u00bb avec Jib Pocthier, Medi Sadoun et\u00a0Franck Gastambide\u00a0; Rokhaya Diallo\u00a0; Madonna\u00a0; Ramzy Bedia\u00a0; Boy George\u00a0; Diam\u2019s\u00a0; China Moses et Mouloud Achour\u00a0; Kurt Cobain\u00a0; Madonna\u00a0; Mouloud Achour.\"\/>    De gauche \u00e0 droite et de haut en bat : publicit\u00e9 pour le lancement de la cha\u00eene MTV en\u00a01984\u00a0; David Bowie dans\u00a0la pub \u00ab\u2009I want my MTV\u2009\u00bb\u00a0; le\u00a0programme \u00ab\u2009Ka\u00efra shopping\u2009\u00bb avec Jib Pocthier, Medi Sadoun et\u00a0Franck Gastambide\u00a0; Rokhaya Diallo\u00a0; Madonna\u00a0; Ramzy Bedia\u00a0; Boy George\u00a0; Diam\u2019s\u00a0; China Moses et Mouloud Achour\u00a0; Kurt Cobain\u00a0; Madonna\u00a0; Mouloud Achour.                          <\/p>\n<p class=\"article__paragraph article__paragraph--lf \">\u00ab\u00a0Le premier truc dont je me souviens, c\u2019est que je ne me souviens de rien.\u00a0\u00bb Mouloud Achour rit. Vingt ans plus tard, c\u2019est \u00e0 peu pr\u00e8s tout ce qu\u2019il lui reste de ses d\u00e9buts \u00e0 la t\u00e9l\u00e9vision. \u00ab\u00a0C\u2019est comme les meilleures f\u00eates. Quand c\u2019est vraiment bien, on oublie tout.\u00a0\u00bb Il a commenc\u00e9 \u00e0 MTV\u00a0France en septembre\u00a02004, quatre ans apr\u00e8s son lancement. La cha\u00eene veut alors installer un rendez-vous musical quotidien incarn\u00e9.<\/p>\n<p class=\"article__paragraph article__paragraph--lf \">Pour la premi\u00e8re de l\u2019\u00e9mission \u00ab\u00a0MTV\u202fSelect\u00a0\u00bb, le d\u00e9cor est r\u00e9duit \u00e0 l\u2019essentiel\u00a0: un canap\u00e9 blanc et une table basse. Mouloud Achour porte un tee-shirt des B\u00e9rurier noir. A ses c\u00f4t\u00e9s China Moses, fille de la chanteuse de jazz am\u00e9ricaine Dee Dee Bridgewater. Ils ont moins de 30\u00a0ans et un m\u00eame go\u00fbt pour les d\u00e9bats culturels.<\/p>\n<p class=\"reading-mode-only \"><strong>Il vous reste 95.92% de cet article \u00e0 lire. La suite est r\u00e9serv\u00e9e aux abonn\u00e9s.<\/strong><\/p>\n","protected":false},"excerpt":{"rendered":"De gauche \u00e0 droite et de haut en bat : publicit\u00e9 pour le lancement de la cha\u00eene MTV&hellip;\n","protected":false},"author":2,"featured_media":625237,"comment_status":"","ping_status":"","sticky":false,"template":"","format":"standard","meta":{"footnotes":""},"categories":[1356],"tags":[58,59,1011,27,252,1364],"class_list":{"0":"post-625236","1":"post","2":"type-post","3":"status-publish","4":"format-standard","5":"has-post-thumbnail","7":"category-television","8":"tag-divertissement","9":"tag-entertainment","10":"tag-fr","11":"tag-france","12":"tag-television","13":"tag-tv"},"share_on_mastodon":{"url":"https:\/\/pubeurope.com\/@fr\/115791625330050131","error":""},"_links":{"self":[{"href":"https:\/\/www.europesays.com\/fr\/wp-json\/wp\/v2\/posts\/625236","targetHints":{"allow":["GET"]}}],"collection":[{"href":"https:\/\/www.europesays.com\/fr\/wp-json\/wp\/v2\/posts"}],"about":[{"href":"https:\/\/www.europesays.com\/fr\/wp-json\/wp\/v2\/types\/post"}],"author":[{"embeddable":true,"href":"https:\/\/www.europesays.com\/fr\/wp-json\/wp\/v2\/users\/2"}],"replies":[{"embeddable":true,"href":"https:\/\/www.europesays.com\/fr\/wp-json\/wp\/v2\/comments?post=625236"}],"version-history":[{"count":0,"href":"https:\/\/www.europesays.com\/fr\/wp-json\/wp\/v2\/posts\/625236\/revisions"}],"wp:featuredmedia":[{"embeddable":true,"href":"https:\/\/www.europesays.com\/fr\/wp-json\/wp\/v2\/media\/625237"}],"wp:attachment":[{"href":"https:\/\/www.europesays.com\/fr\/wp-json\/wp\/v2\/media?parent=625236"}],"wp:term":[{"taxonomy":"category","embeddable":true,"href":"https:\/\/www.europesays.com\/fr\/wp-json\/wp\/v2\/categories?post=625236"},{"taxonomy":"post_tag","embeddable":true,"href":"https:\/\/www.europesays.com\/fr\/wp-json\/wp\/v2\/tags?post=625236"}],"curies":[{"name":"wp","href":"https:\/\/api.w.org\/{rel}","templated":true}]}}