{"id":625238,"date":"2025-12-27T12:52:14","date_gmt":"2025-12-27T12:52:14","guid":{"rendered":"https:\/\/www.europesays.com\/fr\/625238\/"},"modified":"2025-12-27T12:52:14","modified_gmt":"2025-12-27T12:52:14","slug":"sa-maison-a-echevannes-une-ferme-avec-douves","status":"publish","type":"post","link":"https:\/\/www.europesays.com\/fr\/625238\/","title":{"rendered":"sa maison \u00e0 \u00c9chevannes, une ferme avec douves"},"content":{"rendered":"<p>Il a marqu\u00e9 l\u2019histoire de la chanson fran\u00e7aise gr\u00e2ce \u00e0 de<br \/>\nnombreux succ\u00e8s, Florent Pagny est une vraie star, interpr\u00e8te<br \/>\nvirtuose, tr\u00e8s appr\u00e9ci\u00e9e de tous. Apr\u00e8s des ann\u00e9es en Patagonie,<br \/>\nl\u2019artiste a achet\u00e9 une demeure dans la r\u00e9gion bourguignonne, comme<br \/>\nle souligne un r\u00e9cent article de Pure People.<\/p>\n<p>Florent Pagny a d\u00e9cid\u00e9 de quitter la Patagonie pour revenir en<br \/>\nFrance<\/p>\n<p>D\u00e8s les ann\u00e9es 1980, Florent Pagny a commenc\u00e9 <strong>\u00e0 chanter<br \/>\net \u00e0 s\u2019ouvrir au public.<\/strong> Apr\u00e8s une tentative de carri\u00e8re,<br \/>\nplut\u00f4t rat\u00e9e il faut l\u2019admettre, <a href=\"https:\/\/www.lejournaldelamaison.fr\/le-journal-de-la-maison\/reportages-maisons\/maisons-reportages-maisons\/louis-de-funes-chateau-roseraie-potager-526966.html\" target=\"_blank\" rel=\"noopener\">en tant qu\u2019acteur<\/a>, ce dernier a,<br \/>\n<strong>\u00e0 la fin de sa vingtaine<\/strong>, fait le choix de sa<br \/>\ndeuxi\u00e8me passion. La musique. Et le moins que l\u2019on puisse dire,<br \/>\n<strong>c\u2019est qu\u2019il a bien fait !<\/strong><\/p>\n<p>Apr\u00e8s les ann\u00e9es 1990 et 2000, Florent Pagny est devenu<br \/>\n<strong>une figure incontournable<\/strong> de la <a href=\"https:\/\/www.lejournaldelamaison.fr\/le-journal-de-la-maison\/reportages-maisons\/appartements\/caroline-loeb-grande-chineuse-chanteuse-appartement-bariole-pere-lachaise-paris-522065.html\" target=\"_blank\" rel=\"noopener\">chanson fran\u00e7aise<\/a>. Ces titres<br \/>\ncomme Ma libert\u00e9 de penser ou Savoir aimer ont<br \/>\nconnu <strong>un succ\u00e8s international<\/strong>. Depuis plusieurs<br \/>\nann\u00e9es, l\u2019artiste est install\u00e9 <strong>en Patagonie<\/strong> avec<br \/>\nsa femme, originaire de la r\u00e9gion, et ses deux enfants.<\/p>\n<p>Les probl\u00e8mes de sant\u00e9 de Florent Pagny l\u2019ont pouss\u00e9 \u00e0 revenir<br \/>\ns\u2019installer en France<\/p>\n<p>Outre la carri\u00e8re artistique de <a href=\"https:\/\/www.lejournaldelamaison.fr\/le-journal-de-la-maison\/reportages-maisons\/maisons-campagne\/florent-pagny-suis-fascine-par-ruines-chateaux-fermes-forts-maison-fortifiee-echevannes-avec-pont-levis-douves-526876.html\" target=\"_blank\" rel=\"noopener\">Florent Pagny<\/a>, ce dernier est<br \/>\naussi connu pour <strong>se battre contre un cancer depuis bient\u00f4t<br \/>\nquatre ans.<\/strong> Un cancer du poumon, qui n\u2019a pas emp\u00each\u00e9 au<br \/>\nchanteur de <strong>garder espoir<\/strong>. Il expliquait par<br \/>\nailleurs \u00e0 Closer Magazine \u00ab\u00a0Je ne peux pas affirmer<br \/>\nque j\u00a0\u00bbai vaincu le cancer puisqu&rsquo;il est d\u00e9j\u00e0 revenu. Je fais<br \/>\ntoujours des contr\u00f4les.\u00a0\u00bb<\/p>\n<p>Ce sont justement ces contr\u00f4les qui ont <strong>incit\u00e9 le<br \/>\nchanteur \u00e0 revenir en France<\/strong>, o\u00f9 il est toujours suivi<br \/>\nm\u00e9dicalement. Mais aussi, son attachement \u00e0 sa r\u00e9gion natale,<br \/>\n<a href=\"https:\/\/www.lejournaldelamaison.fr\/le-journal-de-la-maison\/reportages-maisons\/maisons-reportages-maisons\/serge-gainsbourg-deux-tableaux-ours-peluche-moulin-particulier-bourgogne-passa-derniers-jours-530188.html\" target=\"_blank\" rel=\"noopener\">la Bourgogne<\/a>, <strong>et ses<br \/>\nactivit\u00e9s professionnelles<\/strong>. \u00ab\u00a0Je suis revenu parce que<br \/>\nmes exils compliquaient beaucoup les choses. Mon activit\u00e9 est en<br \/>\nFrance. Tout ce que je pouvais faire et produire \u00e9tait<br \/>\nfranco-fran\u00e7ais\u00a0\u00bb a t-il d\u00e9clar\u00e9 \u00e0 Pure People.<\/p>\n<blockquote class=\"instagram-media\" style=\"background: #ffffff;border: 0;margin: 1px;width: 100%;padding: 0;max-width: 500px;\" data-instgrm-permalink=\"https:\/\/www.instagram.com\/p\/DDZLL9LgpX_\/?utm_source=ig_web_copy_link\" data-instgrm-version=\"14\"\/><p>\nFlorent Pagny a achet\u00e9 une demeure<br \/>\nd\u2019exception en Bourgogne<\/p>\n<p>En rendant visite en Bourgogne \u00e0 son ami <a href=\"https:\/\/www.lejournaldelamaison.fr\/le-journal-de-la-maison\/reportages-maisons\/maisons-campagne\/florent-pagny-maison-bourgogne-retapee-architecte-kad-merad-504963.html\" target=\"_blank\" rel=\"noopener\">Kad Merad<\/a>, Florent Pagny a fait<br \/>\nun constat sans appel, qui va au-del\u00e0 de son \u00e9tat de sant\u00e9. \u00ab\u00a0Je<br \/>\nme suis aper\u00e7u que mon grand-p\u00e8re paternel, que je n\u2019ai pas connu,<br \/>\nest enterr\u00e9 \u00e0 3 km de l\u00e0. <strong>J\u2019ai eu envie de me rapprocher de<br \/>\nmes racines,<\/strong> et j\u2019ai craqu\u00e9 [&#8230;]. Mais je ne fais qu\u2019y<br \/>\npasser. <strong>J\u2019adore cette vie un peu boh\u00e8me chic,<\/strong> je<br \/>\nme balade, n\u2019accumule rien, je m\u2019amuse, j\u2019en profite comme<br \/>\njamais.\u00a0\u00bb<\/p>\n<p>Ainsi, il a achet\u00e9 l\u2019ancienne Ferme du Foss\u00e9, <strong>un<br \/>\nmonument class\u00e9 historique \u00e0 \u00c9chevannes,<\/strong> un village de 87<br \/>\nhabitants en C\u00f4te-d&rsquo;Or. C\u2019est <a href=\"https:\/\/www.lejournaldelamaison.fr\/le-journal-de-la-maison\/reportages-maisons\/maisons-reportages-maisons\/christophe-beaugrand-jaime-chiner-des-vieilleries-dans-les-brocantes-dans-son-ancienne-maison-meuniere-en-essonne-entierement-renovee-513190.html\" target=\"_blank\" rel=\"noopener\">une maison ancienne<\/a>,<br \/>\n<strong>magnifique et nich\u00e9e en pleine nature.<\/strong> Elle<br \/>\ndispose m\u00eame de douves et d\u2019un pont-levis. \u00ab\u00a0Florent Pagny va<br \/>\nl&rsquo;entretenir, la faire revivre donc pour nous et pour la Ferme du<br \/>\nFoss\u00e9 c&rsquo;est un bonheur.\u00a0\u00bb a m\u00eame expliqu\u00e9 Michel Boirin, maire<br \/>\ndu village. Toutefois, Florent Pagny risque toujours de passer<br \/>\nbeaucoup de temps <strong>de l\u2019autre c\u00f4t\u00e9 du monde<\/strong>, avec<br \/>\nsa femme Azucena.<\/p>\n<p><script async src=\"\/\/www.instagram.com\/embed.js\"><\/script><\/p>\n","protected":false},"excerpt":{"rendered":"Il a marqu\u00e9 l\u2019histoire de la chanson fran\u00e7aise gr\u00e2ce \u00e0 de nombreux succ\u00e8s, Florent Pagny est une vraie&hellip;\n","protected":false},"author":2,"featured_media":625239,"comment_status":"","ping_status":"","sticky":false,"template":"","format":"standard","meta":{"footnotes":""},"categories":[1355],"tags":[13041,8108,3396,73460,1805,58,66562,73461,59,20598,12219,1777,9095,47642,1011,27,72425,391,73462,2142,73459,17937,1361,873,73458,5604,40823,36514,10649,96],"class_list":{"0":"post-625238","1":"post","2":"type-post","3":"status-publish","4":"format-standard","5":"has-post-thumbnail","7":"category-musique","8":"tag-a","9":"tag-ancienne","10":"tag-avec","11":"tag-craque","12":"tag-de","13":"tag-divertissement","14":"tag-douves","15":"tag-echevannes","16":"tag-entertainment","17":"tag-envie","18":"tag-et","19":"tag-eu","20":"tag-ferme","21":"tag-florent","22":"tag-fr","23":"tag-france","24":"tag-isolee","25":"tag-jai","26":"tag-levis","27":"tag-maison","28":"tag-me","29":"tag-mes","30":"tag-music","31":"tag-musique","32":"tag-pagny","33":"tag-pont","34":"tag-racines","35":"tag-rapprocher","36":"tag-sa","37":"tag-une"},"share_on_mastodon":{"url":"https:\/\/pubeurope.com\/@fr\/115791629094488339","error":""},"_links":{"self":[{"href":"https:\/\/www.europesays.com\/fr\/wp-json\/wp\/v2\/posts\/625238","targetHints":{"allow":["GET"]}}],"collection":[{"href":"https:\/\/www.europesays.com\/fr\/wp-json\/wp\/v2\/posts"}],"about":[{"href":"https:\/\/www.europesays.com\/fr\/wp-json\/wp\/v2\/types\/post"}],"author":[{"embeddable":true,"href":"https:\/\/www.europesays.com\/fr\/wp-json\/wp\/v2\/users\/2"}],"replies":[{"embeddable":true,"href":"https:\/\/www.europesays.com\/fr\/wp-json\/wp\/v2\/comments?post=625238"}],"version-history":[{"count":0,"href":"https:\/\/www.europesays.com\/fr\/wp-json\/wp\/v2\/posts\/625238\/revisions"}],"wp:featuredmedia":[{"embeddable":true,"href":"https:\/\/www.europesays.com\/fr\/wp-json\/wp\/v2\/media\/625239"}],"wp:attachment":[{"href":"https:\/\/www.europesays.com\/fr\/wp-json\/wp\/v2\/media?parent=625238"}],"wp:term":[{"taxonomy":"category","embeddable":true,"href":"https:\/\/www.europesays.com\/fr\/wp-json\/wp\/v2\/categories?post=625238"},{"taxonomy":"post_tag","embeddable":true,"href":"https:\/\/www.europesays.com\/fr\/wp-json\/wp\/v2\/tags?post=625238"}],"curies":[{"name":"wp","href":"https:\/\/api.w.org\/{rel}","templated":true}]}}