{"id":625265,"date":"2025-12-27T13:13:20","date_gmt":"2025-12-27T13:13:20","guid":{"rendered":"https:\/\/www.europesays.com\/fr\/625265\/"},"modified":"2025-12-27T13:13:20","modified_gmt":"2025-12-27T13:13:20","slug":"lecole-georges-rascol-se-mobilise-pour-les-paniers-de-lespoir","status":"publish","type":"post","link":"https:\/\/www.europesays.com\/fr\/625265\/","title":{"rendered":"L\u2019\u00e9cole Georges-Rascol se mobilise pour les Paniers de l\u2019espoir"},"content":{"rendered":"<p>\u00c0 l\u2019or\u00e9e des f\u00eates de fin d\u2019ann\u00e9e, les \u00e9l\u00e8ves de l\u2019\u00e9cole primaire Georges-Rascol se sont mobilis\u00e9s avec l\u2019appui de leur directeur, de toute l\u2019\u00e9quipe \u00e9ducative, du p\u00e9riscolaire et de l\u2019Aesh, pour faire \u0153uvre de solidarit\u00e9 en apportant leur concours \u00e0 l\u2019association v\u00e9dasienne des Paniers de l\u2019espoir.<\/p>\n<p><b>Solidarit\u00e9 et chaleur humaine pour No\u00ebl<\/b><\/p>\n<p>Bien plus que des cadeaux qu\u2019ils ont ainsi r\u00e9colt\u00e9s ou confectionn\u00e9s afin qu\u2019ils soient offerts aux b\u00e9n\u00e9ficiaires de l\u2019association, ce sont des instants de chaleur humaine, d\u2019\u00e9coute et d\u2019espoir qu\u2019ils ont souhait\u00e9 apporter. En compl\u00e9ment, un repas de No\u00ebl, g\u00e9n\u00e9reusement pr\u00e9par\u00e9 par Cathy et Thierry, a \u00e9t\u00e9 offert aux b\u00e9n\u00e9ficiaires permettant \u00e0 chacun de partager un moment chaleureux et digne, fid\u00e8le \u00e0 l\u2019esprit des f\u00eates. Au menu : coquilles de quenelles saumon et petits feuillet\u00e9s, suivi de poulet sauce morilles avec riz et ch\u00e2taignes puis b\u00fbche aux marrons. Les b\u00e9n\u00e9voles ont ensuite assur\u00e9 la distribution des cadeaux : \u00ab\u00a0L\u2019occasion \u00e9galement de signaler qu\u2019une dame qui est venue il y a quelques semaines nous d\u00e9poser une bo\u00eete de No\u00ebl qu\u2019elle souhaitait offrir \u00e0 une femme sans domicile fixe, ce qui a \u00e9t\u00e9 fait au plus grand plaisir de la b\u00e9n\u00e9ficiaire. \u00a0\u00bb Autant de gestes qui rappellent combien la solidarit\u00e9 et l\u2019entraide donnent tout leur sens aux actions collectives.<\/p>\n<p>Correspondant Midi Libre : 06 22 59 83 96<\/p>\n","protected":false},"excerpt":{"rendered":"\u00c0 l\u2019or\u00e9e des f\u00eates de fin d\u2019ann\u00e9e, les \u00e9l\u00e8ves de l\u2019\u00e9cole primaire Georges-Rascol se sont mobilis\u00e9s avec l\u2019appui&hellip;\n","protected":false},"author":2,"featured_media":625266,"comment_status":"","ping_status":"","sticky":false,"template":"","format":"standard","meta":{"footnotes":""},"categories":[9599],"tags":[1111,11,1777,674,1011,27,7089,2208,12,2680,25,72356,801,1857],"class_list":{"0":"post-625265","1":"post","2":"type-post","3":"status-publish","4":"format-standard","5":"has-post-thumbnail","7":"category-montpellier","8":"tag-actu","9":"tag-actualites","10":"tag-eu","11":"tag-europe","12":"tag-fr","13":"tag-france","14":"tag-herault","15":"tag-montpellier","16":"tag-news","17":"tag-occitanie","18":"tag-republique-francaise","19":"tag-saintjeandevedas","20":"tag-social","21":"tag-sociu00e9tu00e9"},"share_on_mastodon":{"url":"https:\/\/pubeurope.com\/@fr\/115791711700791180","error":""},"_links":{"self":[{"href":"https:\/\/www.europesays.com\/fr\/wp-json\/wp\/v2\/posts\/625265","targetHints":{"allow":["GET"]}}],"collection":[{"href":"https:\/\/www.europesays.com\/fr\/wp-json\/wp\/v2\/posts"}],"about":[{"href":"https:\/\/www.europesays.com\/fr\/wp-json\/wp\/v2\/types\/post"}],"author":[{"embeddable":true,"href":"https:\/\/www.europesays.com\/fr\/wp-json\/wp\/v2\/users\/2"}],"replies":[{"embeddable":true,"href":"https:\/\/www.europesays.com\/fr\/wp-json\/wp\/v2\/comments?post=625265"}],"version-history":[{"count":0,"href":"https:\/\/www.europesays.com\/fr\/wp-json\/wp\/v2\/posts\/625265\/revisions"}],"wp:featuredmedia":[{"embeddable":true,"href":"https:\/\/www.europesays.com\/fr\/wp-json\/wp\/v2\/media\/625266"}],"wp:attachment":[{"href":"https:\/\/www.europesays.com\/fr\/wp-json\/wp\/v2\/media?parent=625265"}],"wp:term":[{"taxonomy":"category","embeddable":true,"href":"https:\/\/www.europesays.com\/fr\/wp-json\/wp\/v2\/categories?post=625265"},{"taxonomy":"post_tag","embeddable":true,"href":"https:\/\/www.europesays.com\/fr\/wp-json\/wp\/v2\/tags?post=625265"}],"curies":[{"name":"wp","href":"https:\/\/api.w.org\/{rel}","templated":true}]}}