{"id":625272,"date":"2025-12-27T13:21:22","date_gmt":"2025-12-27T13:21:22","guid":{"rendered":"https:\/\/www.europesays.com\/fr\/625272\/"},"modified":"2025-12-27T13:21:22","modified_gmt":"2025-12-27T13:21:22","slug":"incendie-dappartement-a-rennes-28-personnes-evacuees-une-femme-de-46-ans-hospitalisee","status":"publish","type":"post","link":"https:\/\/www.europesays.com\/fr\/625272\/","title":{"rendered":"Incendie d&rsquo;appartement \u00e0 Rennes\u00a0: 28 personnes \u00e9vacu\u00e9es, une femme de 46 ans hospitalis\u00e9e"},"content":{"rendered":"<p>Un incendie d&rsquo;appartement dans le quartier de La Pommeraie \u00e0 Rennes (Ille-et-Vilaine) a provoqu\u00e9 l&rsquo;\u00e9vacuation de 28 personnes dans la nuit de vendredi \u00e0 samedi. Une femme de 46 ans a \u00e9t\u00e9 hospitalis\u00e9e. <\/p>\n<p>28 personnes ont \u00e9t\u00e9 \u00e9vacu\u00e9es d&rsquo;un immeuble au 2 square du Docteur Fernand Jacques, quartier La Pommeraie, \u00e0 Rennes (Ille-et-Vilaine), dans la nuit du vendredi 26 au samedi\u00a0 27 d\u00e9cembre, \u00e0 la suite d&rsquo;un <strong>feu d&rsquo;appartement.<\/strong> L&rsquo;incendie est parti d&rsquo;un appartement en duplex au troisi\u00e8me \u00e9tage vers 1h34 selon les pompiers.<\/p>\n<p>Une soixantaine de pompiers mobilis\u00e9s<\/p>\n<p>Onze habitants ont \u00e9t\u00e9 pris en charge par les secours, dont une femme de 46 ans hospitalis\u00e9e au CHU de Pontchaillou \u00e0 Rennes, l\u00e9g\u00e8rement bless\u00e9e. Les pompiers sont <strong>rest\u00e9s sur place jusqu&rsquo;\u00e0 8h<\/strong>, samedi matin. Ils ont eu besoin de deux lances \u00e0 incendie pour \u00e9teindre le feu. Au plus fort de l&rsquo;intervention, 61 soldats du feu ont \u00e9t\u00e9 mobilis\u00e9s. Une enqu\u00eate est en cours.<\/p>\n","protected":false},"excerpt":{"rendered":"Un incendie d&rsquo;appartement dans le quartier de La Pommeraie \u00e0 Rennes (Ille-et-Vilaine) a provoqu\u00e9 l&rsquo;\u00e9vacuation de 28 personnes&hellip;\n","protected":false},"author":2,"featured_media":625273,"comment_status":"","ping_status":"","sticky":false,"template":"","format":"standard","meta":{"footnotes":""},"categories":[2821],"tags":[1111,11,829,1777,674,1011,27,12,584,25],"class_list":{"0":"post-625272","1":"post","2":"type-post","3":"status-publish","4":"format-standard","5":"has-post-thumbnail","7":"category-rennes","8":"tag-actu","9":"tag-actualites","10":"tag-bretagne","11":"tag-eu","12":"tag-europe","13":"tag-fr","14":"tag-france","15":"tag-news","16":"tag-rennes","17":"tag-republique-francaise"},"share_on_mastodon":{"url":"https:\/\/pubeurope.com\/@fr\/115791743280404801","error":""},"_links":{"self":[{"href":"https:\/\/www.europesays.com\/fr\/wp-json\/wp\/v2\/posts\/625272","targetHints":{"allow":["GET"]}}],"collection":[{"href":"https:\/\/www.europesays.com\/fr\/wp-json\/wp\/v2\/posts"}],"about":[{"href":"https:\/\/www.europesays.com\/fr\/wp-json\/wp\/v2\/types\/post"}],"author":[{"embeddable":true,"href":"https:\/\/www.europesays.com\/fr\/wp-json\/wp\/v2\/users\/2"}],"replies":[{"embeddable":true,"href":"https:\/\/www.europesays.com\/fr\/wp-json\/wp\/v2\/comments?post=625272"}],"version-history":[{"count":0,"href":"https:\/\/www.europesays.com\/fr\/wp-json\/wp\/v2\/posts\/625272\/revisions"}],"wp:featuredmedia":[{"embeddable":true,"href":"https:\/\/www.europesays.com\/fr\/wp-json\/wp\/v2\/media\/625273"}],"wp:attachment":[{"href":"https:\/\/www.europesays.com\/fr\/wp-json\/wp\/v2\/media?parent=625272"}],"wp:term":[{"taxonomy":"category","embeddable":true,"href":"https:\/\/www.europesays.com\/fr\/wp-json\/wp\/v2\/categories?post=625272"},{"taxonomy":"post_tag","embeddable":true,"href":"https:\/\/www.europesays.com\/fr\/wp-json\/wp\/v2\/tags?post=625272"}],"curies":[{"name":"wp","href":"https:\/\/api.w.org\/{rel}","templated":true}]}}