{"id":625274,"date":"2025-12-27T13:22:11","date_gmt":"2025-12-27T13:22:11","guid":{"rendered":"https:\/\/www.europesays.com\/fr\/625274\/"},"modified":"2025-12-27T13:22:11","modified_gmt":"2025-12-27T13:22:11","slug":"strasbourg-jai-teste-pour-vous-la-color-room-une-experience-de-peinture-liberatrice","status":"publish","type":"post","link":"https:\/\/www.europesays.com\/fr\/625274\/","title":{"rendered":"Strasbourg. J\u2019ai test\u00e9 pour vous la Color Room, une exp\u00e9rience de peinture lib\u00e9ratrice"},"content":{"rendered":"<p>Qui dit vacances scolaires dit occuper les gamins\u2026 C\u2019est donc avec ma s\u0153ur Laurence et mes deux neveux &#8211; Jules, 7 ans, et Chlo\u00e9, 5 ans &#8211; que je me suis lanc\u00e9e dans une aventure artistique et d\u00e9foulante. On se donne rendez-vous un dimanche apr\u00e8s-midi au 4, rue Spielmann \u00e0 Strasbourg. Surprise pour ma s\u0153ur et mes neveux &#8211; un brin fatigu\u00e9s et pas plus motiv\u00e9s que \u00e7a &#8211; qui ne savent pas dans quoi ils vont s\u2019embarquer. C\u2019est sans excitation qu\u2019ils me suivent alors dans cette activit\u00e9 ouverte depuis mi-octobre seulement.<\/p>\n<p>Trois options s\u2019offrent \u00e0 nous\u00a0: la Color Room, une pi\u00e8ce pour se d\u00e9fouler, le Bear Bricks \u2013 customisation d\u2019ourson avec de la peinture acrylique &#8211; ou le Pouring Painting\u00a0: r\u00e9aliser\u00a0votre toile\u00a0sur ch\u00e2ssis aux multiples effets et personnalis\u00e9e. L\u2019envie nous prend de d\u00e9voiler notre \u00e2me d\u2019artiste tout en lib\u00e9rant les tensions accumul\u00e9es ces derniers jours\u00a0: direction la Color Room\u00a0!<\/p>\n<p>  Se d\u00e9fouler avec souvenir \u00e0 la cl\u00e9<\/p>\n<p>Maryline, responsable du lieu avec sa s\u0153ur Maud, nous annonce d\u00e8s lors la couleur\u00a0: il va falloir enfiler des combinaisons enti\u00e8res &#8211; avec taches, ce qui a \u00e9veill\u00e9 la curiosit\u00e9 des enfants &#8211; lunettes de protection, gants en latex, chaussures\u2026 et m\u00eame chaussettes\u00a0!<\/p>\n<p>Capuches sur la t\u00eate, nous entrons alors dans une pi\u00e8ce aux murs peinturlur\u00e9s arborant deux grandes toiles blanches\u2026 plus pour bien longtemps\u00a0! Bidons de peinture et bols pour m\u00e9langer les couleurs \u00e0 disposition, nous voil\u00e0 partis pour une heure d\u2019\u00e9clate, sur une playlist <a href=\"https:\/\/www.dna.fr\/economie\/2025\/12\/20\/k-beauty-k-pop-et-snacks-debarquent-dans-le-nouveau-magasin-coreen-yoomi\" target=\"_blank\" rel=\"noopener\">k-pop<\/a> \u00e0 la demande des petits.<\/p>\n<p>Si on souhaitait faire un truc \u201cjoli\u201d \u00e0 ramener et afficher chez soi au d\u00e9part, la concentration s\u2019est vite transform\u00e9e en d\u00e9foulement\u00a0: jets de pistolet \u00e0 eau &#8211; ou plut\u00f4t \u00e0 peinture -, balles tremp\u00e9es dans la peinture projet\u00e9es \u00e7\u00e0 et l\u00e0 sur la toile\u2026 C\u2019est que les accessoires \u00e0 disposition sont nombreux et donnent envie de tout essayer\u00a0: peigne, brosse \u00e0 dents, tampons et m\u00eame brosse \u00e0 WC. L\u2019ivresse cr\u00e9ative nous envahit vite jusqu\u2019\u00e0 abandonner les outils pour utiliser nos doigts, entre rires et d\u00e9lire.<\/p>\n<p>Ce contenu est bloqu\u00e9 car vous n&rsquo;avez pas accept\u00e9 les cookies et autres traceurs.<\/p>\n<p>En cliquant sur \u00ab J\u2019accepte \u00bb, les cookies et autres traceurs seront d\u00e9pos\u00e9s et vous pourrez visualiser les contenus  (<a href=\"\" class=\"consentModule_policy\" target=\"_blank\" title=\"Consulter la politique de protection des donn\u00e9es du fournisseur\">plus d&rsquo;informations<\/a>).<\/p>\n<p>En cliquant sur \u00ab J\u2019accepte tous les cookies \u00bb, vous autorisez des d\u00e9p\u00f4ts de cookies et autres traceurs pour le stockage de vos donn\u00e9es sur nos sites et applications \u00e0 des fins de personnalisation et de ciblage publicitaire.<\/p>\n<p class=\"consentModule_secondaryText\">Vous gardez la possibilit\u00e9 de retirer votre consentement \u00e0 tout moment en consultant notre <a href=\"https:\/\/www.dna.fr\/protection-des-donnees\" target=\"_blank\" title=\"Consulter notre politique de protection des donn\u00e9es\" rel=\"noopener\">politique de protection des donn\u00e9es<\/a>. <br \/>&#13;<br \/>\n            <a href=\"https:\/\/www.dna.fr\/culture-loisirs\/2025\/12\/27\/javascript:Didomi.notice.show()\" class=\"consentModule_cmp\" target=\"_blank\" rel=\"noopener\">G\u00e9rer mes choix<\/a>&#13;\n        <\/p>\n<p>&#13;<br \/>\n                        J&rsquo;accepte&#13;<br \/>\n            J&rsquo;accepte tous les cookies&#13;\n        <\/p>\n<p>  Satisfaction \u00e0 l\u2019arriv\u00e9e<\/p>\n<p>Quand vient l\u2019heure de rendre la pi\u00e8ce, c\u2019est lib\u00e9r\u00e9s et satisfaits que nous admirons nos \u0153uvres. \u00ab\u00a0Je ne pensais pas qu\u2019on arriverait \u00e0 faire de tels d\u00e9grad\u00e9s et nuances\u00a0\u00bb, s\u2019\u00e9tonne ma s\u0153ur. Une \u0153uvre unique que l\u2019on r\u00e9cup\u00e9rera dans 48 heures, souvenir d\u2019un moment de complicit\u00e9, d\u2019amusement et de folie cr\u00e9ative qui restera grav\u00e9 dans la t\u00eate des enfants. \u00ab\u00a0Vivement mon anniversaire pour recommencer avec les copains, cette fois\u00a0\u00bb, s\u2019impatiente d\u00e9j\u00e0 Jules, la fatigue compl\u00e8tement disparue\u00a0!<\/p>\n<p class=\"note\">Color Room, 4, rue Spielmann \u00e0 Strasbourg.\u00a0Tarif selon l\u2019activit\u00e9 et le nombre de participants. Plus d\u2019informations\u00a0: https:\/\/strasbourg.color-room.fun.\u00a0Possibilit\u00e9 de formule anniversaire enfants, team building ou EVJF.<\/p>\n","protected":false},"excerpt":{"rendered":"Qui dit vacances scolaires dit occuper les gamins\u2026 C\u2019est donc avec ma s\u0153ur Laurence et mes deux neveux&hellip;\n","protected":false},"author":2,"featured_media":625275,"comment_status":"","ping_status":"","sticky":false,"template":"","format":"standard","meta":{"footnotes":""},"categories":[2820],"tags":[1111,11,1687,2880,1777,674,2271,107,1011,27,775,12,25,640,2879],"class_list":{"0":"post-625274","1":"post","2":"type-post","3":"status-publish","4":"format-standard","5":"has-post-thumbnail","7":"category-strasbourg","8":"tag-actu","9":"tag-actualites","10":"tag-culture-loisirs","11":"tag-edition-strasbourg","12":"tag-eu","13":"tag-europe","14":"tag-exposition-arts-plastiques","15":"tag-fil-info","16":"tag-fr","17":"tag-france","18":"tag-grand-est","19":"tag-news","20":"tag-republique-francaise","21":"tag-strasbourg","22":"tag-strasbourg-ville"},"share_on_mastodon":{"url":"https:\/\/pubeurope.com\/@fr\/115791747167228138","error":""},"_links":{"self":[{"href":"https:\/\/www.europesays.com\/fr\/wp-json\/wp\/v2\/posts\/625274","targetHints":{"allow":["GET"]}}],"collection":[{"href":"https:\/\/www.europesays.com\/fr\/wp-json\/wp\/v2\/posts"}],"about":[{"href":"https:\/\/www.europesays.com\/fr\/wp-json\/wp\/v2\/types\/post"}],"author":[{"embeddable":true,"href":"https:\/\/www.europesays.com\/fr\/wp-json\/wp\/v2\/users\/2"}],"replies":[{"embeddable":true,"href":"https:\/\/www.europesays.com\/fr\/wp-json\/wp\/v2\/comments?post=625274"}],"version-history":[{"count":0,"href":"https:\/\/www.europesays.com\/fr\/wp-json\/wp\/v2\/posts\/625274\/revisions"}],"wp:featuredmedia":[{"embeddable":true,"href":"https:\/\/www.europesays.com\/fr\/wp-json\/wp\/v2\/media\/625275"}],"wp:attachment":[{"href":"https:\/\/www.europesays.com\/fr\/wp-json\/wp\/v2\/media?parent=625274"}],"wp:term":[{"taxonomy":"category","embeddable":true,"href":"https:\/\/www.europesays.com\/fr\/wp-json\/wp\/v2\/categories?post=625274"},{"taxonomy":"post_tag","embeddable":true,"href":"https:\/\/www.europesays.com\/fr\/wp-json\/wp\/v2\/tags?post=625274"}],"curies":[{"name":"wp","href":"https:\/\/api.w.org\/{rel}","templated":true}]}}