{"id":625276,"date":"2025-12-27T13:23:12","date_gmt":"2025-12-27T13:23:12","guid":{"rendered":"https:\/\/www.europesays.com\/fr\/625276\/"},"modified":"2025-12-27T13:23:12","modified_gmt":"2025-12-27T13:23:12","slug":"strasbourg-previsions-meteo-du-samedi-27-decembre-2025","status":"publish","type":"post","link":"https:\/\/www.europesays.com\/fr\/625276\/","title":{"rendered":"Strasbourg : pr\u00e9visions m\u00e9t\u00e9o du samedi 27 d\u00e9cembre 2025"},"content":{"rendered":"<p>\u00c0 Strasbourg, le samedi 27 d\u00e9cembre 2025, le brouillard givrant domine la matin\u00e9e, suivi d\u2019\u00e9claircies timides l\u2019apr\u00e8s-midi. Les temp\u00e9ratures restent fra\u00eeches, stables autour de -1 \u00b0C tout au long de la journ\u00e9e.<\/p>\n<p>En ce samedi 27 d\u00e9cembre 2025, Strasbourg se pare d\u2019une ambiance hivernale continentale paisible : ciel discret, air sec, mercure en dessous de z\u00e9ro. Parcourons ensemble, heure par heure, les points cl\u00e9s d\u2019une journ\u00e9e sans pr\u00e9cipitations mais propice au givre.<\/p>\n<p>Matin : brouillard givrant et lever du soleil \u00e0 08 h 20<\/p>\n<p>\u00c0 9 h, un <b>brouillard dense<\/b> enveloppe la plaine d\u2019Alsace. Le thermom\u00e8tre affiche <b>-1 \u00b0C<\/b>, avec un ressenti de <b>-4 \u00b0C<\/b>. L\u2019humidit\u00e9 atteint 94 % et la pression demeure \u00e9lev\u00e9e \u00e0 1 031 hPa. Pas de pluie \u00e0 signaler, et un vent de sud-est quasi inexistant.<\/p>\n<p>La visibilit\u00e9 reste r\u00e9duite, tandis que les chauss\u00e9es passent d\u2019humides \u00e0 gel\u00e9es : la prudence est de mise d\u00e8s le r\u00e9veil. Les d\u00e9placements motoris\u00e9s ou \u00e0 v\u00e9lo peuvent s\u2019av\u00e9rer risqu\u00e9s, notamment sur les ponts et pistes cyclables o\u00f9 le givre s\u2019accroche.<\/p>\n<ul>\n<li>Allumez vos feux de croisement, m\u00eame en ville.<\/li>\n<li>Adaptez vos distances de freinage.<\/li>\n<li>Privil\u00e9giez les transports en commun lorsque c\u2019est possible.<\/li>\n<\/ul>\n<p>Apr\u00e8s-midi : \u00e9claircies timides sous un ciel variable<\/p>\n<p>\u00c0 15 h, le brouillard se dissipe, laissant place \u00e0 de belles trou\u00e9es bleut\u00e9es. Pourtant, le thermom\u00e8tre reste stable : toujours <b>-1 \u00b0C<\/b>, avec un ressenti de <b>-3 \u00b0C<\/b>. L\u2019humidit\u00e9 baisse l\u00e9g\u00e8rement \u00e0 89 %. Un vent d\u2019est-nord-est tr\u00e8s discret souffle, sans aucune averse \u00e0 l\u2019horizon.<\/p>\n<p>Cette stagnation des temp\u00e9ratures illustre les inversions basses couches caract\u00e9ristiques de l\u2019hiver rh\u00e9nan : l\u2019air froid demeure au sol, emp\u00eachant tout r\u00e9chauffement sensible malgr\u00e9 quelques \u00e9claircies. Les centres routiers restent vigilants et maintiennent l\u2019alerte salage afin d\u2019\u00e9viter toute recong\u00e9lation pr\u00e9coce.<\/p>\n<p>Soir : \u00e9claircies, fra\u00eecheur persistante et coucher du soleil \u00e0 16 h 39<\/p>\n<p>\u00c0 l\u2019approche du cr\u00e9puscule, le ciel se montre simplement <b>l\u00e9g\u00e8rement nuageux<\/b>. \u00c0 21 h, la temp\u00e9rature reste fix\u00e9e \u00e0 <b>-1 \u00b0C<\/b>, avec un ressenti de <b>-4 \u00b0C<\/b> et une humidit\u00e9 de 94 %. Le vent d\u2019est-nord-est reste faible, pour une atmosph\u00e8re toujours calme.<\/p>\n<p>Le refroidissement nocturne s\u2019accentuera apr\u00e8s 22 h, sous un ciel de plus en plus d\u00e9gag\u00e9. Les pi\u00e9tons devront redoubler de vigilance face aux plaques de verglas et au brouillard radiatif, notamment dans les zones champ\u00eatres de la Robertsau ou du Neudorf.<\/p>\n<ul>\n<li>Couvrez vos compteurs ext\u00e9rieurs contre le gel.<\/li>\n<li>A\u00e9rez bri\u00e8vement pour \u00e9vacuer l\u2019humidit\u00e9 int\u00e9rieure.<\/li>\n<li>Pr\u00e9voyez gants et bonnet pour les sorties tardives.<\/li>\n<\/ul>\n<p>Tendance g\u00e9n\u00e9rale pour demain : lundi 28 d\u00e9cembre<\/p>\n<p>Les mod\u00e8les annoncent un <b>temps tr\u00e8s nuageux<\/b> mais toujours sec. Les minimales resteront proches de <b>-2 \u00b0C<\/b> \u00e0 l\u2019aube, tandis que les maximales grimperont modestement jusqu\u2019\u00e0 <b>3 \u00b0C<\/b>. Le ressenti oscillera entre -6 \u00b0C et -1 \u00b0C.<\/p>\n<p>Un vent de nord-nord-est, plus marqu\u00e9 autour de 13 km\/h, accentuera la fra\u00eecheur en journ\u00e9e. Aucune pr\u00e9cipitation n\u2019est attendue ; n\u00e9anmoins, le ciel couvert limitera de nouveau le r\u00e9chauffement, prolongeant ce contexte hivernal sans \u00e9pisode neigeux.<\/p>\n<p>Pour suivre l\u2019\u00e9volution heure par heure ou pr\u00e9parer vos visites de fin d\u2019ann\u00e9e, consultez <a href=\"https:\/\/www.meteocity.com\/france\/strasbourg-v2973783\" target=\"_blank\" rel=\"noopener\">notre bulletin d\u00e9taill\u00e9<\/a>. Belle journ\u00e9e et restez vigilants sur les routes !<\/p>\n","protected":false},"excerpt":{"rendered":"\u00c0 Strasbourg, le samedi 27 d\u00e9cembre 2025, le brouillard givrant domine la matin\u00e9e, suivi d\u2019\u00e9claircies timides l\u2019apr\u00e8s-midi. Les&hellip;\n","protected":false},"author":2,"featured_media":625277,"comment_status":"","ping_status":"","sticky":false,"template":"","format":"standard","meta":{"footnotes":""},"categories":[2820],"tags":[1111,11,1777,674,1011,27,775,12,25,640],"class_list":{"0":"post-625276","1":"post","2":"type-post","3":"status-publish","4":"format-standard","5":"has-post-thumbnail","7":"category-strasbourg","8":"tag-actu","9":"tag-actualites","10":"tag-eu","11":"tag-europe","12":"tag-fr","13":"tag-france","14":"tag-grand-est","15":"tag-news","16":"tag-republique-francaise","17":"tag-strasbourg"},"share_on_mastodon":{"url":"https:\/\/pubeurope.com\/@fr\/115791751080116143","error":""},"_links":{"self":[{"href":"https:\/\/www.europesays.com\/fr\/wp-json\/wp\/v2\/posts\/625276","targetHints":{"allow":["GET"]}}],"collection":[{"href":"https:\/\/www.europesays.com\/fr\/wp-json\/wp\/v2\/posts"}],"about":[{"href":"https:\/\/www.europesays.com\/fr\/wp-json\/wp\/v2\/types\/post"}],"author":[{"embeddable":true,"href":"https:\/\/www.europesays.com\/fr\/wp-json\/wp\/v2\/users\/2"}],"replies":[{"embeddable":true,"href":"https:\/\/www.europesays.com\/fr\/wp-json\/wp\/v2\/comments?post=625276"}],"version-history":[{"count":0,"href":"https:\/\/www.europesays.com\/fr\/wp-json\/wp\/v2\/posts\/625276\/revisions"}],"wp:featuredmedia":[{"embeddable":true,"href":"https:\/\/www.europesays.com\/fr\/wp-json\/wp\/v2\/media\/625277"}],"wp:attachment":[{"href":"https:\/\/www.europesays.com\/fr\/wp-json\/wp\/v2\/media?parent=625276"}],"wp:term":[{"taxonomy":"category","embeddable":true,"href":"https:\/\/www.europesays.com\/fr\/wp-json\/wp\/v2\/categories?post=625276"},{"taxonomy":"post_tag","embeddable":true,"href":"https:\/\/www.europesays.com\/fr\/wp-json\/wp\/v2\/tags?post=625276"}],"curies":[{"name":"wp","href":"https:\/\/api.w.org\/{rel}","templated":true}]}}