{"id":625282,"date":"2025-12-27T13:27:45","date_gmt":"2025-12-27T13:27:45","guid":{"rendered":"https:\/\/www.europesays.com\/fr\/625282\/"},"modified":"2025-12-27T13:27:45","modified_gmt":"2025-12-27T13:27:45","slug":"venue-passer-les-fetes-en-loire-atlantique-une-mere-de-famille-tuee-dans-une-collision-frontale","status":"publish","type":"post","link":"https:\/\/www.europesays.com\/fr\/625282\/","title":{"rendered":"Venue passer les f\u00eates en Loire-Atlantique, une m\u00e8re de famille tu\u00e9e dans une collision frontale"},"content":{"rendered":"<p>Une femme de 39\u00a0ans est morte dans un violent accident de la circulation impliquant trois v\u00e9hicules sur la route d\u00e9partementale 16, entre Fay-de-Bretagne et Bouvron (<a target=\"_self\" href=\"https:\/\/www.lanouvellerepublique.fr\/loire-atlantique\" rel=\"noopener\">Loire-Atlantique<\/a>), mercredi 24\u00a0d\u00e9cembre 2025. Le fils de la victime a \u00e9t\u00e9 gravement bless\u00e9, rapporte <a target=\"_blank\" href=\"https:\/\/www.ouest-france.fr\/faits-divers\/accidents\/une-femme-tuee-dans-un-choc-frontal-au-nord-de-la-loire-atlantique-un-enfant-de-12-ans-en-urgence-absolue-46324b8c-e109-11f0-8231-0b73c898c870\" rel=\"noopener\">Ouest-France<\/a>.<\/p>\n<p>Vers 18\u00a0h\u00a050, \u00ab\u00a0l\u2019accident s\u2019est produit sous la forme d\u2019un choc frontal entre deux v\u00e9hicules, suivi d\u2019un suraccident avec un troisi\u00e8me\u00a0\u00bb, a d\u00e9taill\u00e9 le Centre op\u00e9rationnel d\u00e9partemental d\u2019incendie et de secours (Codis) de Loire-Atlantique. La m\u00e8re de famille a \u00e9t\u00e9 d\u00e9clar\u00e9e d\u00e9c\u00e9d\u00e9e sur place. Son fils de 12\u00a0ans a, quant \u00e0 lui, \u00e9t\u00e9 transport\u00e9 au CHU de Nantes en \u00e9tat d\u2019urgence absolue, indique <a target=\"_blank\" href=\"https:\/\/www.ouest-france.fr\/faits-divers\/accidents\/une-femme-de-39-ans-decedee-et-un-ado-entre-la-vie-et-la-mort-lors-dun-terrible-accident-le-soir-de-noel-pres-de-nantes-fa012eea-e10d-11f0-8231-0b73c898c870\" rel=\"noopener\">Presse Oc\u00e9an<\/a>. Un chien pr\u00e9sent dans leur v\u00e9hicule est mort dans la collision. Un homme de 34\u00a0ans et une femme sont ressortis indemnes du choc.<\/p>\n<p>Un automobiliste plac\u00e9 en garde \u00e0 vue<\/p>\n<p>Un conducteur \u00e9tait en garde \u00e0 vue ce jeudi, relate <a target=\"_blank\" href=\"https:\/\/www.francebleu.fr\/infos\/faits-divers-justice\/le-soir-de-noel-une-femme-de-39-ans-meurt-dans-un-accident-son-fils-de-12-ans-est-gravement-blesse-a-fay-de-bretagne-9168581\" rel=\"noopener\">Ici Loire Oc\u00e9an<\/a>. Selon les informations de nos confr\u00e8res, il roulait \u00e0 contresens quand il a percut\u00e9 la voiture de la victime. Il aurait \u00e9t\u00e9 contr\u00f4l\u00e9 positif \u00e0 l\u2019alcool. Une enqu\u00eate a \u00e9t\u00e9 ouverte par la compagnie de gendarmerie de Ch\u00e2teaubriant pour d\u00e9terminer les circonstances du drame.<\/p>\n<p>Accompagn\u00e9e de son jeune fils et de son chien, la victime, qui habitait dans la Dr\u00f4me, se rendait chez sa m\u00e8re \u00e0 Bouvron pour \u00ab\u00a0y passer quelques jours pour les f\u00eates\u00a0\u00bb, a expliqu\u00e9 \u00e0 <a target=\"_blank\" href=\"https:\/\/www.ouest-france.fr\/faits-divers\/accidents\/tuee-dans-un-accident-en-loire-atlantique-elle-etait-venue-de-la-drome-voir-sa-famille-pour-noel-59673662-e1aa-11f0-ba14-a010db31b80d\" rel=\"noopener\">Ouest-France<\/a> Claude Labarre, maire de Fay-de-Bretagne.<\/p>\n","protected":false},"excerpt":{"rendered":"Une femme de 39\u00a0ans est morte dans un violent accident de la circulation impliquant trois v\u00e9hicules sur la&hellip;\n","protected":false},"author":2,"featured_media":625283,"comment_status":"","ping_status":"","sticky":false,"template":"","format":"standard","meta":{"footnotes":""},"categories":[2818],"tags":[3085,1111,11,1674,1777,674,274,1011,27,3047,766,12,2636,25],"class_list":{"0":"post-625282","1":"post","2":"type-post","3":"status-publish","4":"format-standard","5":"has-post-thumbnail","7":"category-nantes","8":"tag-accidents","9":"tag-actu","10":"tag-actualites","11":"tag-communes","12":"tag-eu","13":"tag-europe","14":"tag-faits-divers-justice","15":"tag-fr","16":"tag-france","17":"tag-loire-atlantique","18":"tag-nantes","19":"tag-news","20":"tag-pays-de-la-loire","21":"tag-republique-francaise"},"share_on_mastodon":{"url":"https:\/\/pubeurope.com\/@fr\/115791766697383023","error":""},"_links":{"self":[{"href":"https:\/\/www.europesays.com\/fr\/wp-json\/wp\/v2\/posts\/625282","targetHints":{"allow":["GET"]}}],"collection":[{"href":"https:\/\/www.europesays.com\/fr\/wp-json\/wp\/v2\/posts"}],"about":[{"href":"https:\/\/www.europesays.com\/fr\/wp-json\/wp\/v2\/types\/post"}],"author":[{"embeddable":true,"href":"https:\/\/www.europesays.com\/fr\/wp-json\/wp\/v2\/users\/2"}],"replies":[{"embeddable":true,"href":"https:\/\/www.europesays.com\/fr\/wp-json\/wp\/v2\/comments?post=625282"}],"version-history":[{"count":0,"href":"https:\/\/www.europesays.com\/fr\/wp-json\/wp\/v2\/posts\/625282\/revisions"}],"wp:featuredmedia":[{"embeddable":true,"href":"https:\/\/www.europesays.com\/fr\/wp-json\/wp\/v2\/media\/625283"}],"wp:attachment":[{"href":"https:\/\/www.europesays.com\/fr\/wp-json\/wp\/v2\/media?parent=625282"}],"wp:term":[{"taxonomy":"category","embeddable":true,"href":"https:\/\/www.europesays.com\/fr\/wp-json\/wp\/v2\/categories?post=625282"},{"taxonomy":"post_tag","embeddable":true,"href":"https:\/\/www.europesays.com\/fr\/wp-json\/wp\/v2\/tags?post=625282"}],"curies":[{"name":"wp","href":"https:\/\/api.w.org\/{rel}","templated":true}]}}