{"id":625299,"date":"2025-12-27T13:41:12","date_gmt":"2025-12-27T13:41:12","guid":{"rendered":"https:\/\/www.europesays.com\/fr\/625299\/"},"modified":"2025-12-27T13:41:12","modified_gmt":"2025-12-27T13:41:12","slug":"marseille-previsions-meteo-du-samedi-27-decembre-2025","status":"publish","type":"post","link":"https:\/\/www.europesays.com\/fr\/625299\/","title":{"rendered":"Marseille : pr\u00e9visions m\u00e9t\u00e9o du samedi 27 d\u00e9cembre 2025"},"content":{"rendered":"<p>\u00c0 Marseille, la journ\u00e9e du samedi 27 d\u00e9cembre 2025 sera marqu\u00e9e par un ciel tr\u00e8s nuageux le matin, suivi d\u2019une am\u00e9lioration vers un ciel d\u00e9gag\u00e9 en soir\u00e9e. Les temp\u00e9ratures resteront agr\u00e9ables pour la saison, avec un vent mod\u00e9r\u00e9 d\u2019Est.<\/p>\n<p>    Matin : grisaille marine et lever du soleil \u00e0 08 h 09<\/p>\n<p>On se r\u00e9veille sous un ciel tr\u00e8s nuageux et une lumi\u00e8re discr\u00e8te. \u00c0 9 h, le thermom\u00e8tre affiche <b>14 \u00b0C<\/b>, mais le ressenti descend \u00e0 <b>9 \u00b0C<\/b> en raison d\u2019un vent d\u2019Est soufflant \u00e0 19 km\/h.<\/p>\n<p>Des rafales marqu\u00e9es, pouvant atteindre <b>40 km\/h<\/b>, balaient les trottoirs du Vieux-Port. Aucune pr\u00e9cipitation n\u2019est attendue, l\u2019humidit\u00e9 reste mod\u00e9r\u00e9e (44 %) et la pression s\u2019\u00e9tablit \u00e0 1 023 hPa.<\/p>\n<p>Conseil pratique : un manteau coupe-vent est recommand\u00e9 pour \u00e9viter la sensation de froid, en particulier sur le littoral ou \u00e0 deux-roues. Les joggeurs b\u00e9n\u00e9ficieront d\u2019un air correct, m\u00eame si la qualit\u00e9 n\u2019a pas encore \u00e9t\u00e9 qualifi\u00e9e par les capteurs.<\/p>\n<p>Apr\u00e8s-midi : douceur contenue sous les nuages<\/p>\n<p>\u00c0 15 h, Marseille reste envelopp\u00e9e de nuages. Le mercure atteint son maximum de la journ\u00e9e avec <b>17 \u00b0C<\/b>, pour un ressenti de <b>12 \u00b0C<\/b>. Le vent s\u2019oriente l\u00e9g\u00e8rement Est-Sud-Est, restant stable autour de 18 km\/h.<\/p>\n<p>La visibilit\u00e9 demeure bonne pour les ferries et l\u2019activit\u00e9 portuaire. L\u2019humidit\u00e9 chute \u00e0 38 %, confirmant une atmosph\u00e8re s\u00e8che pour la saison. Toujours aucune pluie : l\u2019ombrelle peut rester au placard.<\/p>\n<p>Ce calme m\u00e9t\u00e9orologique illustre les hivers m\u00e9diterran\u00e9ens r\u00e9cents : plus doux et plus secs. Selon les climatologues du GIEC, la Provence a d\u00e9j\u00e0 gagn\u00e9 +1,2 \u00b0C en moyenne depuis 1950, ce qui accentue la fr\u00e9quence de ces journ\u00e9es sans pr\u00e9cipitations.<\/p>\n<p>Soir : ciel d\u00e9gag\u00e9 avant le coucher du soleil \u00e0 17 h 09<\/p>\n<p>La couverture nuageuse se dissipe rapidement en d\u00e9but de soir\u00e9e. \u00c0 21 h, le ciel clair s\u2019impose. La temp\u00e9rature baisse \u00e0 <b>12 \u00b0C<\/b>, ressenti <b>9 \u00b0C<\/b>, avec un vent d\u2019Est faible, \u00e0 7 km\/h.<\/p>\n<p>Conditions id\u00e9ales pour une balade sur la Corniche : pas de rafales notables, pression stable \u00e0 1 023 hPa, humidit\u00e9 \u00e0 48 %. Attention toutefois \u00e0 la fra\u00eecheur qui s\u2019installe rapidement pr\u00e8s de la mer.<\/p>\n<ul>\n<li><b>Pas de pluie<\/b> : routes s\u00e8ches mais potentiellement glissantes en deux-roues en raison de la poussi\u00e8re saline.<\/li>\n<li>Visibilit\u00e9 excellente pour les automobilistes rentrant du travail.<\/li>\n<li>Veill\u00e9e sportive possible, aucun risque orageux.<\/li>\n<\/ul>\n<p>Tendance pour demain 28 d\u00e9cembre : soleil hivernal<\/p>\n<p>La nuit prochaine, le ciel demeure d\u00e9gag\u00e9. Vers 0 h, la temp\u00e9rature descendra \u00e0 <b>7 \u00b0C<\/b> pour un ressenti de <b>3 \u00b0C<\/b>, sous un vent ENE \u00e0 15 km\/h.<\/p>\n<p>Demain, la journ\u00e9e s\u2019annonce lumineuse : <b>8 \u00b0C<\/b> \u00e0 l\u2019aube puis <b>16 \u00b0C<\/b> l\u2019apr\u00e8s-midi. Le vent restera mod\u00e9r\u00e9, \u00e0 14 km\/h, sans rafales notables. Aucun nuage significatif, aucune pluie attendue.<\/p>\n<p>Ces conditions s\u00e8ches favoriseront les activit\u00e9s touristiques. Pour pr\u00e9parer vos balades dans les calanques ou consulter les indices UV, rendez-vous sur <a href=\"https:\/\/www.meteocity.com\/france\/marseille-v2995469\" target=\"_blank\" rel=\"noopener\">nos relev\u00e9s complets<\/a>.<\/p>\n<p>Bilan et conseils pratiques<\/p>\n<ul>\n<li>Temp\u00e9ratures du jour : de <b>10 \u00b0C<\/b> \u00e0 <b>17 \u00b0C<\/b>, ressentis de <b>7 \u00b0C<\/b> \u00e0 <b>12 \u00b0C<\/b>.<\/li>\n<li>Vent dominant Est, pointes \u00e0 <b>40 km\/h<\/b> le matin.<\/li>\n<li>Pluie : 0 mm, route s\u00e8che.<\/li>\n<li>Pression autour de 1 020-1 023 hPa, gage d\u2019un temps stable.<\/li>\n<\/ul>\n<p>La douceur nuageuse d\u2019aujourd\u2019hui, suivie du soleil attendu demain, confirme une fin d\u2019ann\u00e9e sereine sur la cit\u00e9 phoc\u00e9enne. Pour anticiper vos activit\u00e9s du week-end, consultez notre bulletin 15 jours.<\/p>\n<p>Pour plus d\u2019informations sur les promenades et le climat local, d\u00e9couvrez <a href=\"https:\/\/www.meteocity.com\/france\/marseille-v2995469\/tourisme\" target=\"_blank\" rel=\"noopener\">notre page tourisme<\/a>. Restez inform\u00e9s, bons vents et belle journ\u00e9e !<\/p>\n","protected":false},"excerpt":{"rendered":"\u00c0 Marseille, la journ\u00e9e du samedi 27 d\u00e9cembre 2025 sera marqu\u00e9e par un ciel tr\u00e8s nuageux le matin,&hellip;\n","protected":false},"author":2,"featured_media":625300,"comment_status":"","ping_status":"","sticky":false,"template":"","format":"standard","meta":{"footnotes":""},"categories":[2814],"tags":[1111,11,1777,674,1011,27,884,12,882,25],"class_list":{"0":"post-625299","1":"post","2":"type-post","3":"status-publish","4":"format-standard","5":"has-post-thumbnail","7":"category-marseille","8":"tag-actu","9":"tag-actualites","10":"tag-eu","11":"tag-europe","12":"tag-fr","13":"tag-france","14":"tag-marseille","15":"tag-news","16":"tag-provence-alpes-cote-dazur","17":"tag-republique-francaise"},"share_on_mastodon":{"url":"https:\/\/pubeurope.com\/@fr\/115791821854882977","error":""},"_links":{"self":[{"href":"https:\/\/www.europesays.com\/fr\/wp-json\/wp\/v2\/posts\/625299","targetHints":{"allow":["GET"]}}],"collection":[{"href":"https:\/\/www.europesays.com\/fr\/wp-json\/wp\/v2\/posts"}],"about":[{"href":"https:\/\/www.europesays.com\/fr\/wp-json\/wp\/v2\/types\/post"}],"author":[{"embeddable":true,"href":"https:\/\/www.europesays.com\/fr\/wp-json\/wp\/v2\/users\/2"}],"replies":[{"embeddable":true,"href":"https:\/\/www.europesays.com\/fr\/wp-json\/wp\/v2\/comments?post=625299"}],"version-history":[{"count":0,"href":"https:\/\/www.europesays.com\/fr\/wp-json\/wp\/v2\/posts\/625299\/revisions"}],"wp:featuredmedia":[{"embeddable":true,"href":"https:\/\/www.europesays.com\/fr\/wp-json\/wp\/v2\/media\/625300"}],"wp:attachment":[{"href":"https:\/\/www.europesays.com\/fr\/wp-json\/wp\/v2\/media?parent=625299"}],"wp:term":[{"taxonomy":"category","embeddable":true,"href":"https:\/\/www.europesays.com\/fr\/wp-json\/wp\/v2\/categories?post=625299"},{"taxonomy":"post_tag","embeddable":true,"href":"https:\/\/www.europesays.com\/fr\/wp-json\/wp\/v2\/tags?post=625299"}],"curies":[{"name":"wp","href":"https:\/\/api.w.org\/{rel}","templated":true}]}}