{"id":625301,"date":"2025-12-27T13:42:12","date_gmt":"2025-12-27T13:42:12","guid":{"rendered":"https:\/\/www.europesays.com\/fr\/625301\/"},"modified":"2025-12-27T13:42:12","modified_gmt":"2025-12-27T13:42:12","slug":"jean-michel-aulas-devrait-miser-sur-une-candidature-de-gauche-avec-sylvie-bles-gagnaire","status":"publish","type":"post","link":"https:\/\/www.europesays.com\/fr\/625301\/","title":{"rendered":"Jean-Michel Aulas devrait miser sur une candidature de gauche avec Sylvie Bl\u00e8s-Gagnaire"},"content":{"rendered":"<p itemprop=\"description\"><strong>Apr\u00e8s de nombreux scrutins o\u00f9 la droite s&rsquo;est cass\u00e9e les dents \u00e0 Villeurbanne, la solution a peut-\u00eatre \u00e9t\u00e9 trouv\u00e9e par <a href=\"https:\/\/www.lyonmag.com\/profil-personnalite-lyonnaise\/8\/jean-michel-aulas\" target=\"_blank\" rel=\"noopener\">Jean-Michel Aulas<\/a>.<\/strong><\/p>\n<p>Le candidat Coeur Lyonnais aux \u00e9lections municipales \u00e0 Lyon doit en effet trancher sur l&rsquo;identit\u00e9 de celui ou celle qui portera ses couleurs dans la d\u00e9sormais 16e plus grande ville de France.<\/p>\n<p>Il y a deux scrutins importants. Les municipales pour lesquelles l&rsquo;ex-d\u00e9put\u00e9 <a href=\"https:\/\/www.lyonmag.com\/profil-personnalite-lyonnaise\/51\/marc-fraysse\" target=\"_blank\" rel=\"noopener\">Marc Fraysse<\/a> fait figure de dernier des Mohicans. Et surtout les m\u00e9tropolitaines, dans une circonscription qui rapporte 17 conseillers et o\u00f9 se pr\u00e9sentera le pr\u00e9sident \u00e9cologiste sortant <a href=\"https:\/\/www.lyonmag.com\/profil-personnalite-lyonnaise\/518\/bruno-bernard\" target=\"_blank\" rel=\"noopener\">Bruno Bernard<\/a>.<\/p>\n<p>Parachut\u00e9e depuis peu, la conseill\u00e8re r\u00e9gionale LR <a href=\"https:\/\/www.lyonmag.com\/profil-personnalite-lyonnaise\/683\/sophie-cruz\" target=\"_blank\" rel=\"noopener\">Sophie Cruz<\/a> lorgnait sur la t\u00eate de liste m\u00e9tropolitaine.<\/p>\n<p>Mais la droite est un champ de ruines au pied des Gratte-Ciels et une nouvelle d\u00e9culott\u00e9e s&rsquo;annon\u00e7ait, laissant un boulevard \u00e0 la gauche repr\u00e9sent\u00e9e sous toutes ses formes avec le maire sortant\u00a0<a href=\"https:\/\/www.lyonmag.com\/profil-personnalite-lyonnaise\/503\/cedric-van-styvendael\" target=\"_blank\" rel=\"noopener\">C\u00e9dric Van Styvendael<\/a>, l&rsquo;ancien \u00e9dile <a href=\"https:\/\/www.lyonmag.com\/profil-personnalite-lyonnaise\/17\/jean-paul-bret\" target=\"_blank\" rel=\"noopener\">Jean-Paul Bret<\/a> et l&rsquo;insoumis Mathieu Garabedian. Et donc Bruno Bernard \u00e0 la t\u00eate de la gauche unie c\u00f4t\u00e9 M\u00e9tropole.<\/p>\n<p>C&rsquo;est pourquoi Jean-Michel Aulas devrait se tourner vers une candidature de gauche avec Sylvie Bl\u00e8s-Gagnaire, dont le nom circule ces derniers jours pour les m\u00e9tropolitaines villeurbannaises.<\/p>\n<p>Petite-fille d&rsquo;Etienne Gagnaire, maire de Villeurbanne entre 1954 et 1977, elle a fait ses gammes dans la communication aupr\u00e8s d&rsquo;\u00e9lus socialistes.<\/p>\n<p>Directrice de la com&rsquo; de la Ville de Villeurbanne entre 1998 et 2001, elle avait rejoint le m\u00eame \u00a0poste au Sytral entre 2001 et 2004 . Puis elle avait \u00e9t\u00e9 nomm\u00e9e \u00e0 la t\u00eate du service de presse et des relations publiques de la R\u00e9gion Rh\u00f4ne-Alpes en 2004, apr\u00e8s l\u2019\u00e9lection de <a href=\"https:\/\/www.lyonmag.com\/profil-personnalite-lyonnaise\/44\/jean-jack-queyranne\" target=\"_blank\" rel=\"noopener\">Jean-Jack Queyranne<\/a>. La dipl\u00f4m\u00e9e de Sciences Po \u00e9tait \u00e9galement devenue directrice du cabinet de <a href=\"https:\/\/www.lyonmag.com\/profil-personnalite-lyonnaise\/29\/bernard-rivalta\" target=\"_blank\" rel=\"noopener\">Bernard Rivalta<\/a>, le pr\u00e9sident du Sytral. Depuis, elle occupait un poste \u00e0 responsabilit\u00e9s \u00e0 la f\u00e9d\u00e9ration du BTP du Rh\u00f4ne.<\/p>\n<p>Femme de l&rsquo;ombre, qui reconna\u00eet volontiers pr\u00e9f\u00e9rer murmurer \u00e0 l&rsquo;oreille des puissants plut\u00f4t que de prendre la lumi\u00e8re, Sylvie Bl\u00e8s-Gagnaire sera-t-elle un bon choix pour limiter la casse, voire inverser la tendance ?<\/p>\n","protected":false},"excerpt":{"rendered":"Apr\u00e8s de nombreux scrutins o\u00f9 la droite s&rsquo;est cass\u00e9e les dents \u00e0 Villeurbanne, la solution a peut-\u00eatre \u00e9t\u00e9&hellip;\n","protected":false},"author":2,"featured_media":625302,"comment_status":"","ping_status":"","sticky":false,"template":"","format":"standard","meta":{"footnotes":""},"categories":[1889],"tags":[1111,11,2813,2190,2430,1109,251,1112,2811,1777,674,118,1011,27,1922,1110,1114,2428,2810,12,241,316,25,2812,517,800],"class_list":{"0":"post-625301","1":"post","2":"type-post","3":"status-publish","4":"format-standard","5":"has-post-thumbnail","7":"category-lyon","8":"tag-actu","9":"tag-actualites","10":"tag-article","11":"tag-asvel","12":"tag-auvergne-rhone-alpes","13":"tag-breves","14":"tag-culture","15":"tag-depeches","16":"tag-economique","17":"tag-eu","18":"tag-europe","19":"tag-faits-divers","20":"tag-fr","21":"tag-france","22":"tag-info","23":"tag-informations","24":"tag-infos","25":"tag-lyon","26":"tag-lyonmag","27":"tag-news","28":"tag-ol","29":"tag-politique","30":"tag-republique-francaise","31":"tag-sociale","32":"tag-sport","33":"tag-transports"},"share_on_mastodon":{"url":"https:\/\/pubeurope.com\/@fr\/115791825900810742","error":""},"_links":{"self":[{"href":"https:\/\/www.europesays.com\/fr\/wp-json\/wp\/v2\/posts\/625301","targetHints":{"allow":["GET"]}}],"collection":[{"href":"https:\/\/www.europesays.com\/fr\/wp-json\/wp\/v2\/posts"}],"about":[{"href":"https:\/\/www.europesays.com\/fr\/wp-json\/wp\/v2\/types\/post"}],"author":[{"embeddable":true,"href":"https:\/\/www.europesays.com\/fr\/wp-json\/wp\/v2\/users\/2"}],"replies":[{"embeddable":true,"href":"https:\/\/www.europesays.com\/fr\/wp-json\/wp\/v2\/comments?post=625301"}],"version-history":[{"count":0,"href":"https:\/\/www.europesays.com\/fr\/wp-json\/wp\/v2\/posts\/625301\/revisions"}],"wp:featuredmedia":[{"embeddable":true,"href":"https:\/\/www.europesays.com\/fr\/wp-json\/wp\/v2\/media\/625302"}],"wp:attachment":[{"href":"https:\/\/www.europesays.com\/fr\/wp-json\/wp\/v2\/media?parent=625301"}],"wp:term":[{"taxonomy":"category","embeddable":true,"href":"https:\/\/www.europesays.com\/fr\/wp-json\/wp\/v2\/categories?post=625301"},{"taxonomy":"post_tag","embeddable":true,"href":"https:\/\/www.europesays.com\/fr\/wp-json\/wp\/v2\/tags?post=625301"}],"curies":[{"name":"wp","href":"https:\/\/api.w.org\/{rel}","templated":true}]}}