{"id":625306,"date":"2025-12-27T13:47:15","date_gmt":"2025-12-27T13:47:15","guid":{"rendered":"https:\/\/www.europesays.com\/fr\/625306\/"},"modified":"2025-12-27T13:47:15","modified_gmt":"2025-12-27T13:47:15","slug":"un-delegue-syndical-de-la-ratp-denonce-le-manque-de-moyens-pour-assurer-la-securite-des-usagers","status":"publish","type":"post","link":"https:\/\/www.europesays.com\/fr\/625306\/","title":{"rendered":"un d\u00e9l\u00e9gu\u00e9 syndical de la RATP d\u00e9nonce le manque de moyens pour assurer la s\u00e9curit\u00e9 des usagers"},"content":{"rendered":"<p class=\"article-p mdl\">Une attaque qui interroge sur la s\u00e9curit\u00e9 dans les transports en commun. Apr\u00e8s<a class=\"link\" href=\"https:\/\/www.rtl.fr\/actu\/justice-faits-divers\/connu-de-la-justice-prison-oqtf-ce-qu-on-sait-du-suspect-de-l-attaque-au-couteau-dans-le-metro-parisien-7900582782\" title=\"Connu de la justice, prison, OQTF... Ce qu&#039;on sait du suspect de l&#039;attaque au couteau dans le m\u00e9tro parisien\" target=\"_blank\" rel=\"noopener\"> l&rsquo;agression au couteau<\/a>\u00a0sur trois femmes survenue ce vendredi 26 d\u00e9cembre sur la ligne 3 du m\u00e9tro parisien. Vincent Gautheron, d\u00e9l\u00e9gu\u00e9 syndical CGT\/RATP pointe une s\u00e9curit\u00e9 difficile \u00e0 assurer \u00ab\u00a0<strong>dans un environnement qui est bond\u00e9 de voyageurs aux heures de pointe<\/strong>\u00ab\u00a0.\u00a0<\/p>\n<p class=\"article-p mdl\">\u00ab\u00a0Malheureusement, on est toujours afflig\u00e9 lorsqu&rsquo;on est confront\u00e9 \u00e0 ce genre de situation et il n&rsquo;y a pas d&rsquo;autre terme que d&rsquo;\u00eatre d\u00e9sesp\u00e9r\u00e9, de devoir affronter &#8211; aussi bien pour les agents RATP que pour les voyageurs et notamment les victimes &#8211; ce genre d&rsquo;incident dans le cadre de la mobilit\u00e9\u00a0\u00bb, explique le d\u00e9l\u00e9gu\u00e9. Il \u00e9voque la responsabilit\u00e9 de la \u00ab\u00a0r\u00e9gion \u00cele-de-France\u00a0\u00bb et de \u00ab\u00a0l&rsquo;autorit\u00e9 organisatrice des transports franciliens\u00a0\u00bb (\u00cele-de-France mobilit\u00e9s).<\/p>\n<p>            Des rames bond\u00e9s\u00a0<\/p>\n<p class=\"article-p mdl\">Vincent Gautheron insiste sur la difficult\u00e9 d&rsquo;assurer la s\u00e9curit\u00e9 des usagers dans \u00ab\u00a0un environnement qui est bond\u00e9 de voyageurs aux heures de pointe\u00a0\u00bb, en raison d&rsquo;un manque de m\u00e9tros sur de nombreuses lignes. \u00ab\u00a0La difficult\u00e9, c&rsquo;est que bon nombre de dirigeants politiques, je pense particuli\u00e8rement \u00e0 la pr\u00e9sidente de la r\u00e9gion \u00cele-de-France, qui est aussi la pr\u00e9sidente de l&rsquo;autorit\u00e9 organisatrice des transports :\u00a0<a class=\"link\" href=\"https:\/\/www.rtl.fr\/actu\/politique\/la-droite-n-est-pas-a-vendre-vent-debout-contre-l-union-avec-l-extreme-droite-valerie-pecresse-compare-le-rn-a-lfi-les-deux-faces-d-une-meme-impasse-7900577734\" title=\"&quot;La droite n&#039;est pas \u00e0 vendre !&quot; : vent debout contre l&#039;union avec l&#039;extr\u00eame droite, Val\u00e9rie P\u00e9cresse compare le RN \u00e0 LFI, &quot;les deux faces d&#039;une m\u00eame impasse&quot;\" target=\"_blank\" rel=\"noopener\">Val\u00e9rie P\u00e9cresse<\/a>. Elle a un discours ferme, tr\u00e8s s\u00e9curitaire. Mais qu&rsquo;en est-il aujourd&rsquo;hui ? <strong>Et est-ce que le tout s\u00e9curitaire r\u00e8gle r\u00e9ellement les probl\u00e8mes de s\u00e9curit\u00e9<\/strong> et de r\u00e9humanisation du r\u00e9seau de transport en commun ? La r\u00e9ponse est clairement non\u00a0\u00bb, juge-t-il<\/p>\n<p class=\"article-p mdl\">Le d\u00e9l\u00e9gu\u00e9 rappelle \u00e9galement que les rames de m\u00e9tro et de RER satur\u00e9es\u00a0<a class=\"link\" href=\"https:\/\/www.rtl.fr\/actu\/debats-societe\/paris-une-enquete-en-cours-apres-l-agression-d-une-femme-dans-le-metro-7795395921\" title=\"Paris : elle filme son agresseur dans le m\u00e9tro, une enqu\u00eate en cours\" target=\"_blank\" rel=\"noopener\">mettent particuli\u00e8rement en danger les femmes<\/a>. \u00ab\u00a0Ce genre de situation, c&rsquo;est aussi un terrain de jeu pour une autre sorte d&rsquo;agresseurs, ce sont les agresseurs sexuels\u00a0\u00bb, alerte-t-il, avant d&rsquo;ajouter : \u00ab\u00a0Il faut une offre de transport de qualit\u00e9, \u00e7a veut dire ne pas \u00eatre entass\u00e9 les uns sur les autres, du personnel en permanence sur le r\u00e9seau, sur les stations ou \u00e0 l&rsquo;int\u00e9rieur des rames.\u00a0\u00bb<\/p>\n<p>            La s\u00e9curit\u00e9 publique doit \u00eatre \u00ab\u00a0assur\u00e9e par l&rsquo;\u00c9tat\u00a0\u00bb<\/p>\n<p class=\"article-p mdl\">Par ailleurs, le repr\u00e9sentant souligne l&rsquo;importance \u00ab\u00a0r\u00e9humaniser le r\u00e9seau de transport\u00a0\u00bb, en ajoutant \u00ab\u00a0des agents de s\u00fbret\u00e9\u00a0\u00bb, mais surtout des forces de police. En effet, pour la CGT, \u00ab\u00a0la question de la s\u00e9curit\u00e9 publique est une question qui doit \u00eatre assur\u00e9e simplement par l&rsquo;\u00c9tat. Et puis quand je parle de r\u00e9humanisation, il y a aussi tous les autres m\u00e9tiers de la RATP, des personnes qui assurent une pr\u00e9sence quotidienne et permanente sur l&rsquo;ensemble du r\u00e9seau\u00a0\u00bb, pr\u00e9cise-t-il.<\/p>\n<p class=\"article-p mdl\">Selon lui, il est imp\u00e9ratif d&rsquo;avoir une concordance entre la\u00a0<a class=\"link\" href=\"https:\/\/www.rtl.fr\/actu\/politique\/cambriolage-au-louvre-le-systeme-de-videosurveillance-est-insuffisant-denonce-le-senateur-laurent-lafon-sur-rtl-7900559429\" title=\"Cambriolage au Louvre : &quot;Le syst\u00e8me de vid\u00e9osurveillance est insuffisant&quot;, d\u00e9nonce le s\u00e9nateur Laurent Lafon sur RTL\" target=\"_blank\" rel=\"noopener\">vid\u00e9osurveillance<\/a>\u00a0et une \u00ab\u00a0\u00e9quipe disponible\u00a0\u00bb pour assurer une supervision des risques potentiels. Pour rappel, une partie des cam\u00e9ras se trouvent \u00e0 l&rsquo;int\u00e9rieur des bus ou des rames de m\u00e9tro, des rames de RER, avec des cam\u00e9ras qui n&rsquo;enregistrent qu&rsquo;au moment o\u00f9 il y a eu le signal d&rsquo;alarme tir\u00e9 par un passager ou d\u00e9clencher par le conducteur.\u00a0<\/p>\n<p class=\"article-p mdl\">D&rsquo;autres cam\u00e9ras se trouvent dans les enceintes ferroviaires, stations de m\u00e9tro, stations de RER et dans les couloirs. \u00ab\u00a0Et l\u00e0, ce sont plut\u00f4t les agents, le PC s\u00fbret\u00e9, qui visionnent les images\u00a0\u00bb, indique le d\u00e9l\u00e9gu\u00e9. En ce qui concerne les cam\u00e9ras pr\u00e9sentes dans les grandes gares, la Gare du Nord ou encore Les Halles, elles \u00ab\u00a0sont sous le contr\u00f4le du poste de commandement de la pr\u00e9fecture de police qui regroupe les forces de la pr\u00e9fecture de police, des repr\u00e9sentants de la SUJ SNCF, du GPSR RATP et des repr\u00e9sentants d&rsquo;\u00cele-de-France Mobilit\u00e9\u00a0\u00bb, rapporte Vincent Gautheron. Cela permet d&rsquo;assurer plus facilement la r\u00e9activit\u00e9 des forces de l&rsquo;ordre ou alors des agents de s\u00e9curit\u00e9 en cas d&rsquo;incident ou d&rsquo;accident sur le r\u00e9seau.<\/p>\n<p>    La r\u00e9daction vous recommande<\/p>\n<p class=\"s-newsletter__title\">\n                L\u2019actualit\u00e9 par la r\u00e9daction de RTL dans votre bo\u00eete mail.\n            <\/p>\n<p class=\"s-newsletter__subtitle\">\n                Gr\u00e2ce \u00e0 votre compte RTL abonnez-vous \u00e0 la newsletter RTL info pour suivre toute l&rsquo;actualit\u00e9 au quotidien\n            <\/p>\n<p>\n                                    Lire la suite\n                                <\/p>\n","protected":false},"excerpt":{"rendered":"Une attaque qui interroge sur la s\u00e9curit\u00e9 dans les transports en commun. Apr\u00e8s l&rsquo;agression au couteau\u00a0sur trois femmes&hellip;\n","protected":false},"author":2,"featured_media":624158,"comment_status":"","ping_status":"","sticky":false,"template":"","format":"standard","meta":{"footnotes":""},"categories":[1888],"tags":[1111,1928,11,1927,1271,1777,674,107,1011,27,303,4047,12,1926,626,1925,25],"class_list":{"0":"post-625306","1":"post","2":"type-post","3":"status-publish","4":"format-standard","5":"has-post-thumbnail","7":"category-paris","8":"tag-actu","9":"tag-actu-paris","10":"tag-actualites","11":"tag-actualites-paris","12":"tag-cgt","13":"tag-eu","14":"tag-europe","15":"tag-fil-info","16":"tag-fr","17":"tag-france","18":"tag-justice","19":"tag-metro","20":"tag-news","21":"tag-news-paris","22":"tag-paris","23":"tag-paris-news","24":"tag-republique-francaise"},"share_on_mastodon":{"url":"https:\/\/pubeurope.com\/@fr\/115791845415862692","error":""},"_links":{"self":[{"href":"https:\/\/www.europesays.com\/fr\/wp-json\/wp\/v2\/posts\/625306","targetHints":{"allow":["GET"]}}],"collection":[{"href":"https:\/\/www.europesays.com\/fr\/wp-json\/wp\/v2\/posts"}],"about":[{"href":"https:\/\/www.europesays.com\/fr\/wp-json\/wp\/v2\/types\/post"}],"author":[{"embeddable":true,"href":"https:\/\/www.europesays.com\/fr\/wp-json\/wp\/v2\/users\/2"}],"replies":[{"embeddable":true,"href":"https:\/\/www.europesays.com\/fr\/wp-json\/wp\/v2\/comments?post=625306"}],"version-history":[{"count":0,"href":"https:\/\/www.europesays.com\/fr\/wp-json\/wp\/v2\/posts\/625306\/revisions"}],"wp:featuredmedia":[{"embeddable":true,"href":"https:\/\/www.europesays.com\/fr\/wp-json\/wp\/v2\/media\/624158"}],"wp:attachment":[{"href":"https:\/\/www.europesays.com\/fr\/wp-json\/wp\/v2\/media?parent=625306"}],"wp:term":[{"taxonomy":"category","embeddable":true,"href":"https:\/\/www.europesays.com\/fr\/wp-json\/wp\/v2\/categories?post=625306"},{"taxonomy":"post_tag","embeddable":true,"href":"https:\/\/www.europesays.com\/fr\/wp-json\/wp\/v2\/tags?post=625306"}],"curies":[{"name":"wp","href":"https:\/\/api.w.org\/{rel}","templated":true}]}}