{"id":625319,"date":"2025-12-27T13:54:18","date_gmt":"2025-12-27T13:54:18","guid":{"rendered":"https:\/\/www.europesays.com\/fr\/625319\/"},"modified":"2025-12-27T13:54:18","modified_gmt":"2025-12-27T13:54:18","slug":"londres-les-maisons-etroites","status":"publish","type":"post","link":"https:\/\/www.europesays.com\/fr\/625319\/","title":{"rendered":"Londres : les maisons \u00e9troites"},"content":{"rendered":"<p class=\"shuffle-header__chapo\">Dans les top 10 des villes les plus ch\u00e8res au monde, Londres est toujours bien plac\u00e9e, notamment \u00e0 cause du prix de l&rsquo;immobilier. 16.000 euros du m\u00e8tre carr\u00e9 en moyenne dans le centre, et cela peut monter beaucoup plus haut. Alors pour s&rsquo;offrir une maison ou un appartement, m\u00eame tr\u00e8s cher, il faut rogner sur la surface.<\/p>\n<p>    <img decoding=\"async\" class=\"signature__image\" width=\"44\" height=\"44\"  alt=\"\" src=\"https:\/\/www.franceinfo.fr\/assets\/common\/images\/galaxie-icons\/avatar-e7320e16.svg\" fetchpriority=\"high\"\/><\/p>\n<p>    Publi\u00e9 le 27\/12\/2025 13:30<\/p>\n","protected":false},"excerpt":{"rendered":"Dans les top 10 des villes les plus ch\u00e8res au monde, Londres est toujours bien plac\u00e9e, notamment \u00e0&hellip;\n","protected":false},"author":2,"featured_media":625320,"comment_status":"","ping_status":"","sticky":false,"template":"","format":"standard","meta":{"footnotes":""},"categories":[1588],"tags":[11,1777,674,12,473,1853,1851,1850,1852],"class_list":{"0":"post-625319","1":"post","2":"type-post","3":"status-publish","4":"format-standard","5":"has-post-thumbnail","7":"category-royaume-uni","8":"tag-actualites","9":"tag-eu","10":"tag-europe","11":"tag-news","12":"tag-royaume-uni","13":"tag-royaume-uni-de-grande-bretagne-et-dirlande-du-nord","14":"tag-uk","15":"tag-united-kingdom","16":"tag-united-kingdom-of-great-britain-and-northern-ireland"},"share_on_mastodon":{"url":"https:\/\/pubeurope.com\/@fr\/115791873080400065","error":""},"_links":{"self":[{"href":"https:\/\/www.europesays.com\/fr\/wp-json\/wp\/v2\/posts\/625319","targetHints":{"allow":["GET"]}}],"collection":[{"href":"https:\/\/www.europesays.com\/fr\/wp-json\/wp\/v2\/posts"}],"about":[{"href":"https:\/\/www.europesays.com\/fr\/wp-json\/wp\/v2\/types\/post"}],"author":[{"embeddable":true,"href":"https:\/\/www.europesays.com\/fr\/wp-json\/wp\/v2\/users\/2"}],"replies":[{"embeddable":true,"href":"https:\/\/www.europesays.com\/fr\/wp-json\/wp\/v2\/comments?post=625319"}],"version-history":[{"count":0,"href":"https:\/\/www.europesays.com\/fr\/wp-json\/wp\/v2\/posts\/625319\/revisions"}],"wp:featuredmedia":[{"embeddable":true,"href":"https:\/\/www.europesays.com\/fr\/wp-json\/wp\/v2\/media\/625320"}],"wp:attachment":[{"href":"https:\/\/www.europesays.com\/fr\/wp-json\/wp\/v2\/media?parent=625319"}],"wp:term":[{"taxonomy":"category","embeddable":true,"href":"https:\/\/www.europesays.com\/fr\/wp-json\/wp\/v2\/categories?post=625319"},{"taxonomy":"post_tag","embeddable":true,"href":"https:\/\/www.europesays.com\/fr\/wp-json\/wp\/v2\/tags?post=625319"}],"curies":[{"name":"wp","href":"https:\/\/api.w.org\/{rel}","templated":true}]}}