{"id":625325,"date":"2025-12-27T13:57:53","date_gmt":"2025-12-27T13:57:53","guid":{"rendered":"https:\/\/www.europesays.com\/fr\/625325\/"},"modified":"2025-12-27T13:57:53","modified_gmt":"2025-12-27T13:57:53","slug":"lue-denonce-les-sanctions-americaines-contre-thierry-breton-et-quatre-autres-europeens-24-12-2025-a-1238","status":"publish","type":"post","link":"https:\/\/www.europesays.com\/fr\/625325\/","title":{"rendered":"L&rsquo;UE d\u00e9nonce les sanctions am\u00e9ricaines contre Thierry Breton et quatre autres europ\u00e9ens &#8211; 24\/12\/2025 \u00e0 12:38"},"content":{"rendered":"<p>        <img decoding=\"async\" src=\"https:\/\/www.europesays.com\/fr\/wp-content\/uploads\/2025\/12\/bd7514406062463d9025f14e8d4c1f66-760x507.jpg\" alt=\"Le commissaire europ\u00e9en au march\u00e9 int\u00e9rieur Thierry Breton avant un discours du pr\u00e9sident fran\u00e7ais Emmanuel Macron sur l'Europe\" loading=\"eager\" fetchpriority=\"high\" width=\"760\" height=\"507\" style=\"max-width: 100%!important; height: auto;\"\/><\/p>\n<p class=\"c-image-news__legend\">Le commissaire europ\u00e9en au march\u00e9 int\u00e9rieur Thierry Breton avant un discours du pr\u00e9sident fran\u00e7ais Emmanuel Macron sur l&rsquo;Europe<\/p>\n<p>\n La France, l&rsquo;Allemagne et la Commission europ\u00e9enne ont condamn\u00e9 mercredi la d\u00e9cision de l&rsquo;administration Trump de priver de visa l&rsquo;ancien commissaire europ\u00e9en Thierry Breton ainsi que quatre activistes de lutte contre la d\u00e9sinformation, les accusant d&rsquo;avoir jou\u00e9 un r\u00f4le dans la \u200dcensure des plateformes am\u00e9ricaines du num\u00e9rique.\n<\/p>\n<p>\n Il s&rsquo;agit d&rsquo;une nouvelle mesure prise par Washington pour protester contre des r\u00e9glementations de l&rsquo;Union europ\u00e9enne d\u00e9nonc\u00e9es par des repr\u00e9sentants am\u00e9ricains comme ill\u00e9gitimement strictes.\n<\/p>\n<p>\n Ordre a \u00e9t\u00e9 donn\u00e9 par le pass\u00e9 aux diplomates de l&rsquo;administration Trump de mener l&rsquo;opposition \u00e0 la nouvelle loi europ\u00e9enne sur le num\u00e9rique.\n<\/p>\n<p>\n La France et l&rsquo;Union europ\u00e9enne ont \u200cfermement condamn\u00e9 ces sanctions, revendiquant le droit souverain de r\u00e9glementer l&rsquo;activit\u00e9 \u00e9conomique du bloc conform\u00e9ment \u00e0 leurs valeurs d\u00e9mocratiques.\n<\/p>\n<p>\n Bruxelles a d\u00e9clar\u00e9 avoir demand\u00e9 des clarifications aupr\u00e8s de Washington.\n<\/p>\n<p>\n \u00ab\u00a0Si besoin, nous r\u00e9pondrons rapidement et fermement pour d\u00e9fendre notre autonomie r\u00e9glementaire contre toute mesure injustifi\u00e9e\u00a0\u00bb, a r\u00e9agi la Commission europ\u00e9enne dans un \u200bcommuniqu\u00e9.\n<\/p>\n<p>\n Le pr\u00e9sident fran\u00e7ais Emmanuel Macron a lui aussi d\u00e9nonc\u00e9 les restrictions am\u00e9ricaines.\n<\/p>\n<p>\n \u00ab\u00a0Ces mesures rel\u00e8vent de l\u2019intimidation et de la coercition \u00e0 l\u2019encontre de la souverainet\u00e9 \u2060num\u00e9rique europ\u00e9enne\u00a0\u00bb, a-t-il d\u00e9clar\u00e9 sur X.\n<\/p>\n<p>\n Cette loi (\u00ab\u00a0Digital Services Act\u00a0\u00bb, ou DSA) a \u00e9t\u00e9 con\u00e7ue par Bruxelles pour combattre les discours haineux et la d\u00e9sinformation en ligne, mais Washington y voit une entrave \u00e0 la libert\u00e9 d&rsquo;expression et des co\u00fbts suppl\u00e9mentaires impos\u00e9s aux r\u00e9seaux sociaux am\u00e9ricains.\n<\/p>\n<p>\n La \u2060Maison blanche a publi\u00e9 plus t\u00f4t ce mois-ci un document \u200dde strat\u00e9gie de s\u00e9curit\u00e9 nationale dans lequel il est reproch\u00e9 aux dirigeants europ\u00e9ens de censurer la libert\u00e9 d&rsquo;expression et \u2060de supprimer toute opposition \u00e0 des politiques d&rsquo;immigration qui risquent selon l&rsquo;administration Trump de provoquer un \u00ab\u00a0effacement civilisationnel\u00a0\u00bb en Europe.\n<\/p>\n<p>\n Annon\u00e7ant les interdictions de visa, le secr\u00e9taire d&rsquo;Etat am\u00e9ricain Marco Rubio a d\u00e9clar\u00e9 mardi que les cinq personnes vis\u00e9es ont \u00ab\u00a0men\u00e9 des efforts organis\u00e9s pour forcer les plateformes am\u00e9ricaines \u00e0 censurer, d\u00e9mon\u00e9tiser et supprimer les points de vue am\u00e9ricains \u200bauxquels elles s&rsquo;opposent\u00a0\u00bb.\n<\/p>\n<p>\n \u00ab\u00a0Ces activistes radicaux et ces ONG utilis\u00e9es comme des armes ont fait progresser les campagnes de censure d&rsquo;Etats \u00e9trangers &#8211; \u00e0 chaque fois en ciblant des orateurs am\u00e9ricains et des entreprises am\u00e9ricaines\u00a0\u00bb, a-t-il ajout\u00e9, sans nommer les personnes vis\u00e9es par les sanctions.\n<\/p>\n<p>\n Une repr\u00e9sentante de haut rang du d\u00e9partement d&rsquo;Etat am\u00e9ricain a indiqu\u00e9 sur le r\u00e9seau \u2060social X qu&rsquo;il s&rsquo;agissait notamment de Thierry Breton, commissaire europ\u00e9en au March\u00e9 int\u00e9rieur de 2019 \u00e0 2024, pr\u00e9sent\u00e9 comme le \u00ab\u00a0cerveau\u00a0\u00bb du DSA.\n<\/p>\n<p>\n CONDAMNATIONS EN S\u00c9RIE\n<\/p>\n<p>\n \u00ab\u00a0Un \u200bvent de maccarthysme souffle-t-il \u00e0 nouveau ?\u00a0\u00bb, s&rsquo;est interrog\u00e9 Thierry Breton sur X.\n<\/p>\n<p>\n \u00ab\u00a0Pour rappel : 90 % du Parlement europ\u00e9en \u2014 d\u00e9mocratiquement \u00e9lu \u2014 \u200bet les 27 \u00c9tats membres \u00e0 l&rsquo;unanimit\u00e9 \u200bont vot\u00e9 le DSA. \u00c0 nos amis am\u00e9ricains : La censure n&rsquo;est pas l\u00e0 o\u00f9 vous le pensez\u00a0\u00bb, a-t-il ajout\u00e9.\n<\/p>\n<p>\n Le ministre fran\u00e7ais des Affaires \u00e9trang\u00e8res, Jean-No\u00ebl Barrot, a d\u00e9clar\u00e9 \u200bque la France condamnait \u00ab\u00a0avec la plus grande fermet\u00e9\u00a0\u00bb la d\u00e9cision de Washington.\n<\/p>\n<p>\n \u00ab\u00a0La France d\u00e9nonce avec \u2060la plus grande fermet\u00e9 la restriction de visa prise par les Etats-Unis \u00e0 l&rsquo;encontre de Thierry Breton, ancien ministre et Commissaire europ\u00e9en, et quatre autres personnalit\u00e9s europ\u00e9ennes\u00a0\u00bb, a-t-il \u00e9crit sur le r\u00e9seau social X.\n<\/p>\n<p>\n \u00ab\u00a0Le r\u00e8glement sur les services num\u00e9riques (DSA) a \u00e9t\u00e9 d\u00e9mocratiquement adopt\u00e9 en Europe pour que ce qui est ill\u00e9gal hors ligne le soit aussi en ligne. Il n&rsquo;a absolument aucune port\u00e9e extraterritoriale et ne concerne en aucun cas les Etats-Unis\u00a0\u00bb, a-t-il ajout\u00e9. \u00ab\u00a0Les peuples de l&rsquo;Europe sont libres et souverains et ne sauraient se faire imposer \u200cpar d&rsquo;autres les r\u00e8gles s&rsquo;appliquant \u00e0 leur espace num\u00e9rique\u00a0\u00bb.\n<\/p>\n<p>\n Les interdictions de via concernent \u00e9galement: le Britannique Imran Ahmed, directeur g\u00e9n\u00e9ral de Center for Countering Digital Hate, bas\u00e9 aux Etats-Unis; Anna-Lena von Hodenberg et Josephine Ballon, de l&rsquo;ONG allemande HateAid; et Clare Melford, cofondatrice du Global Disinformation Index.\n<\/p>\n<p>\n Le minist\u00e8re allemand de la Justice a apport\u00e9 son \u00ab\u00a0soutien\u00a0\u00bb et sa \u00ab\u00a0solidarit\u00e9\u00a0\u00bb aux deux militants allemands vis\u00e9s par les sanctions am\u00e9ricaines.\n<\/p>\n<p>\n \u00ab\u00a0Quiconque d\u00e9crit cela comme de la censure d\u00e9forme notre syst\u00e8me constitutionnel\u00a0\u00bb, \u00e9crit-il dans un communiqu\u00e9.\n<\/p>\n<p>\n \u00ab\u00a0Les r\u00e8gles selon lesquelles nous voulons vivre dans l&rsquo;espace num\u00e9rique en Allemagne et en Europe ne sont pas d\u00e9cid\u00e9es \u00e0 Washington.\u00a0\u00bb\n<\/p>\n<p>\n (R\u00e9dig\u00e9 par Simon Lewis et David Brunnstrom; version fran\u00e7aise Jean Terzian et \u200cZhifan Liu, \u00e9dit\u00e9 par Tangi Sala\u00fcn et Kate Entringer)<\/p>\n","protected":false},"excerpt":{"rendered":"Le commissaire europ\u00e9en au march\u00e9 int\u00e9rieur Thierry Breton avant un discours du pr\u00e9sident fran\u00e7ais Emmanuel Macron sur l&rsquo;Europe&hellip;\n","protected":false},"author":2,"featured_media":625326,"comment_status":"","ping_status":"","sticky":false,"template":"","format":"standard","meta":{"footnotes":""},"categories":[1586],"tags":[400,11,398,408,405,1777,674,1779,1011,27,403,402,399,404,12,25,401,406,1778,364,407],"class_list":{"0":"post-625325","1":"post","2":"type-post","3":"status-publish","4":"format-standard","5":"has-post-thumbnail","7":"category-europe","8":"tag-action-cac-40","9":"tag-actualites","10":"tag-bourse-de-paris","11":"tag-boursorama","12":"tag-cotations","13":"tag-eu","14":"tag-europe","15":"tag-european-union","16":"tag-fr","17":"tag-france","18":"tag-indices-devises","19":"tag-investir","20":"tag-investissement","21":"tag-marche-boursier","22":"tag-news","23":"tag-republique-francaise","24":"tag-sicav","25":"tag-trackers","26":"tag-ue","27":"tag-union-europeenne","28":"tag-warrants"},"share_on_mastodon":{"url":"https:\/\/pubeurope.com\/@fr\/115791890399926597","error":""},"_links":{"self":[{"href":"https:\/\/www.europesays.com\/fr\/wp-json\/wp\/v2\/posts\/625325","targetHints":{"allow":["GET"]}}],"collection":[{"href":"https:\/\/www.europesays.com\/fr\/wp-json\/wp\/v2\/posts"}],"about":[{"href":"https:\/\/www.europesays.com\/fr\/wp-json\/wp\/v2\/types\/post"}],"author":[{"embeddable":true,"href":"https:\/\/www.europesays.com\/fr\/wp-json\/wp\/v2\/users\/2"}],"replies":[{"embeddable":true,"href":"https:\/\/www.europesays.com\/fr\/wp-json\/wp\/v2\/comments?post=625325"}],"version-history":[{"count":0,"href":"https:\/\/www.europesays.com\/fr\/wp-json\/wp\/v2\/posts\/625325\/revisions"}],"wp:featuredmedia":[{"embeddable":true,"href":"https:\/\/www.europesays.com\/fr\/wp-json\/wp\/v2\/media\/625326"}],"wp:attachment":[{"href":"https:\/\/www.europesays.com\/fr\/wp-json\/wp\/v2\/media?parent=625325"}],"wp:term":[{"taxonomy":"category","embeddable":true,"href":"https:\/\/www.europesays.com\/fr\/wp-json\/wp\/v2\/categories?post=625325"},{"taxonomy":"post_tag","embeddable":true,"href":"https:\/\/www.europesays.com\/fr\/wp-json\/wp\/v2\/tags?post=625325"}],"curies":[{"name":"wp","href":"https:\/\/api.w.org\/{rel}","templated":true}]}}