{"id":625333,"date":"2025-12-27T14:04:15","date_gmt":"2025-12-27T14:04:15","guid":{"rendered":"https:\/\/www.europesays.com\/fr\/625333\/"},"modified":"2025-12-27T14:04:15","modified_gmt":"2025-12-27T14:04:15","slug":"mulhouse-quelque-130-champions-sportifs-mis-a-lhonneur","status":"publish","type":"post","link":"https:\/\/www.europesays.com\/fr\/625333\/","title":{"rendered":"Mulhouse. Quelque 130 champions sportifs mis \u00e0 l\u2019honneur"},"content":{"rendered":"<p>Dans le hall joliment d\u00e9cor\u00e9 de Motoco, \u00e0 Mulhouse juste avant les f\u00eates, une grande affiche avec le nom de tous les sportifs m\u00e9ritants, du vin chaud et autres douceurs de saison, un magicien et une caricaturiste attendaient les athl\u00e8tes. Puis les invit\u00e9s ont pris place dans une autre salle pour la lecture du palmar\u00e8s, entrecoup\u00e9e par <a href=\"https:\/\/www.lalsace.fr\/culture-loisirs\/2020\/09\/12\/eric-borner-l-illusion-a-fait-de-sa-vie-un-reve\" target=\"_blank\" rel=\"noopener\">le show de magie d\u2019Eric Borner<\/a>. Thierry Nicolas, adjoint au maire d\u00e9l\u00e9gu\u00e9 aux sports, a soulign\u00e9 l\u2019importance de ce focus sur les ambassadeurs sportifs de la ville, un bel exemple pour les autres jeunes.<\/p>\n<p>Mich\u00e8le Lutz maire de Mulhouse a mis en avant \u00ab\u00a0la passion et l\u2019engagement de cette \u00e9lite porteuse de valeurs fortes\u00a0: esprit d\u2019\u00e9quipe, fair-play et respect, d\u00e9passement de soi. Des jeunes qui se battent, se rel\u00e8vent, doutent, mais avancent, jour apr\u00e8s jour\u00a0\u00bb. Elle remercie \u00e9galement les familles, les entra\u00eeneurs, les b\u00e9n\u00e9voles pour leur soutien et leur travail.<\/p>\n<p>Le Red Star badminton, champion de France, l\u2019ASCMR Cano\u00eb-kayak, l\u2019ASPTT et ses champions de France, sa championne d\u2019Europe et vice-championne du monde <a href=\"https:\/\/www.lalsace.fr\/sport\/2025\/08\/18\/solenne-billouin-sacree-championne-d-europe\" target=\"_blank\" rel=\"noopener\">Solenne Billouin<\/a> , l\u2019\u00e9quipe de curling, l\u2019association de sport fauteuil, l\u2019escrime, les sports de combat, le VMA bien s\u00fbr et la team \u00c9lite et Espoir\u00a0: chaque athl\u00e8te cit\u00e9 \u00e9tait ce soir-l\u00e0 un magicien \u00e0 sa fa\u00e7on.<\/p>\n","protected":false},"excerpt":{"rendered":"Dans le hall joliment d\u00e9cor\u00e9 de Motoco, \u00e0 Mulhouse juste avant les f\u00eates, une grande affiche avec le&hellip;\n","protected":false},"author":2,"featured_media":625334,"comment_status":"","ping_status":"","sticky":false,"template":"","format":"standard","meta":{"footnotes":""},"categories":[1417],"tags":[5406,16814,207,1636,1946,107,1011,27,8471,13739,1634,5216,1635,12565,60,21508,15103,1470,1632,1469],"class_list":{"0":"post-625333","1":"post","2":"type-post","3":"status-publish","4":"format-standard","5":"has-post-thumbnail","7":"category-volley","8":"tag-badminton","9":"tag-canoe-kayak","10":"tag-cyclisme","11":"tag-edition-mulhouse-thann","12":"tag-escrime","13":"tag-fil-info","14":"tag-fr","15":"tag-france","16":"tag-handisport","17":"tag-judo","18":"tag-mulhouse","19":"tag-natation","20":"tag-secteur-de-mulhouse","21":"tag-sport-mulhousien","22":"tag-sports","23":"tag-sports-de-combat","24":"tag-sports-nautiques","25":"tag-volley","26":"tag-volley-ball","27":"tag-volleyball"},"share_on_mastodon":{"url":"https:\/\/pubeurope.com\/@fr\/115791912233101152","error":""},"_links":{"self":[{"href":"https:\/\/www.europesays.com\/fr\/wp-json\/wp\/v2\/posts\/625333","targetHints":{"allow":["GET"]}}],"collection":[{"href":"https:\/\/www.europesays.com\/fr\/wp-json\/wp\/v2\/posts"}],"about":[{"href":"https:\/\/www.europesays.com\/fr\/wp-json\/wp\/v2\/types\/post"}],"author":[{"embeddable":true,"href":"https:\/\/www.europesays.com\/fr\/wp-json\/wp\/v2\/users\/2"}],"replies":[{"embeddable":true,"href":"https:\/\/www.europesays.com\/fr\/wp-json\/wp\/v2\/comments?post=625333"}],"version-history":[{"count":0,"href":"https:\/\/www.europesays.com\/fr\/wp-json\/wp\/v2\/posts\/625333\/revisions"}],"wp:featuredmedia":[{"embeddable":true,"href":"https:\/\/www.europesays.com\/fr\/wp-json\/wp\/v2\/media\/625334"}],"wp:attachment":[{"href":"https:\/\/www.europesays.com\/fr\/wp-json\/wp\/v2\/media?parent=625333"}],"wp:term":[{"taxonomy":"category","embeddable":true,"href":"https:\/\/www.europesays.com\/fr\/wp-json\/wp\/v2\/categories?post=625333"},{"taxonomy":"post_tag","embeddable":true,"href":"https:\/\/www.europesays.com\/fr\/wp-json\/wp\/v2\/tags?post=625333"}],"curies":[{"name":"wp","href":"https:\/\/api.w.org\/{rel}","templated":true}]}}