{"id":625344,"date":"2025-12-27T14:14:41","date_gmt":"2025-12-27T14:14:41","guid":{"rendered":"https:\/\/www.europesays.com\/fr\/625344\/"},"modified":"2025-12-27T14:14:41","modified_gmt":"2025-12-27T14:14:41","slug":"limage-des-souvenirs-au-jardin-a-chaumont-photo-sur-loire","status":"publish","type":"post","link":"https:\/\/www.europesays.com\/fr\/625344\/","title":{"rendered":"l\u2019image des souvenirs au jardin, \u00e0 Chaumont-photo-sur-Loire"},"content":{"rendered":"<p>Avec Kim Boske, on entre au paradis. Au c\u0153ur de jardins verdoyants ou plong\u00e9 dans une s\u00e9rie de fleurs saisissantes, mais on ne sait jamais o\u00f9 l\u2019on est. Partout et nulle part, et surtout certainement pas \u00e0 un instant fig\u00e9. La photographe n\u00e9erlandaise superpose les univers v\u00e9g\u00e9taux, et les formes deviennent instables. Mouvantes. Comme si certaines herbes ou certaines fleurs \u00e9taient pr\u00e9sentes, puis ne l\u2019\u00e9taient plus, le temps d\u2019un clin d\u2019\u0153il. Kim Boske fait partie des cinq photographes dont le travail est expos\u00e9 jusqu\u2019au 22\u00a0f\u00e9vrier 2026 au Domaine de Chaumont-sur-Loire. Pour la 8e \u00e9dition de Chaumont-Photo-sur-Loire, l\u2019artiste a choisi une s\u00e9rie d\u2019arbres, \u00ab\u00a0Kanazawa\u00a0\u00bb, puis une s\u00e9rie de fleurs aux jardins verdoyants, \u00ab\u00a0Untilted flowers\u00a0\u00bb. Son travail est pr\u00e9sent\u00e9 aussi bien au Brooklyn Museum de New York qu\u2019\u00e0 Amsterdam, en Autriche ou au Japon.<\/p>\n<p>\u00ab\u00a0Les cinq pi\u00e8ces de Kanazawa que je pr\u00e9sente \u00e0 Chaumont ont \u00e9t\u00e9 fabriqu\u00e9es dans un jardin japonais, le Kenroku-en, qui se trouve \u00e0 Kanazawa, explique l\u2019artiste visuelle. C\u2019est comme si je travaillais avec diff\u00e9rentes couches de temps et d\u2019espace. Par exemple, je prends des photos au cours d\u2019une promenade \u00e0 Kenroku-en. J\u2019ai d\u00e9j\u00e0 une base de donn\u00e9es d\u2019images similaires de ce jardin, je rentre chez moi et je travaille le tout sur mon ordinateur. Je superpose ces diff\u00e9rentes couches de jardin, des images enti\u00e8res, l\u2019une sur l\u2019autre. J\u2019ai utilis\u00e9 des photos qui proviennent d\u2019une s\u00e9rie assez ancienne, datant de 2009&#8230;. <\/p>\n<p>    Cet article a \u00e9t\u00e9 tronqu\u00e9. Abonnez-vous pour lire l&rsquo;article complet sur notre site.<\/p>\n<p>\u00a0\u00bb<\/p>\n<p style=\"margin: 0 !important; padding: 0 !important; font-size: 12px !important;\">Cet article a \u00e9t\u00e9 tronqu\u00e9. Abonnez-vous pour lire l&rsquo;article complet.<\/p>\n<p>    <a href=\"https:\/\/www.lanouvellerepublique.fr\/abonnements\" style=\"display: inline-block; margin-top: 5px !important; padding: 6px 12px !important; background: #cb1c27; color: white; text-decoration: none; border-radius: 4px; font-size: 12px !important;\" target=\"_blank\" rel=\"noopener\"><br \/>\n      S&rsquo;abonner<br \/>\n    <\/a><\/p>\n","protected":false},"excerpt":{"rendered":"Avec Kim Boske, on entre au paradis. Au c\u0153ur de jardins verdoyants ou plong\u00e9 dans une s\u00e9rie de&hellip;\n","protected":false},"author":2,"featured_media":625345,"comment_status":"","ping_status":"","sticky":false,"template":"","format":"standard","meta":{"footnotes":""},"categories":[1358],"tags":[328,1392,1348,1384,1385,73466,1386,58,59,1011,27,1387,73467,73468,4368,1393],"class_list":{"0":"post-625344","1":"post","2":"type-post","3":"status-publish","4":"format-standard","5":"has-post-thumbnail","7":"category-arts-et-design","8":"tag-a-la-une","9":"tag-a-la-une-local","10":"tag-arts","11":"tag-arts-and-design","12":"tag-arts-et-design","13":"tag-chaumont-sur-loire","14":"tag-design","15":"tag-divertissement","16":"tag-entertainment","17":"tag-fr","18":"tag-france","19":"tag-indre-et-loire","20":"tag-jardins-de-chaumont","21":"tag-lart-contemporain-a-chaumont","22":"tag-loir-et-cher","23":"tag-loisirs"},"share_on_mastodon":{"url":"https:\/\/pubeurope.com\/@fr\/115791951517099108","error":""},"_links":{"self":[{"href":"https:\/\/www.europesays.com\/fr\/wp-json\/wp\/v2\/posts\/625344","targetHints":{"allow":["GET"]}}],"collection":[{"href":"https:\/\/www.europesays.com\/fr\/wp-json\/wp\/v2\/posts"}],"about":[{"href":"https:\/\/www.europesays.com\/fr\/wp-json\/wp\/v2\/types\/post"}],"author":[{"embeddable":true,"href":"https:\/\/www.europesays.com\/fr\/wp-json\/wp\/v2\/users\/2"}],"replies":[{"embeddable":true,"href":"https:\/\/www.europesays.com\/fr\/wp-json\/wp\/v2\/comments?post=625344"}],"version-history":[{"count":0,"href":"https:\/\/www.europesays.com\/fr\/wp-json\/wp\/v2\/posts\/625344\/revisions"}],"wp:featuredmedia":[{"embeddable":true,"href":"https:\/\/www.europesays.com\/fr\/wp-json\/wp\/v2\/media\/625345"}],"wp:attachment":[{"href":"https:\/\/www.europesays.com\/fr\/wp-json\/wp\/v2\/media?parent=625344"}],"wp:term":[{"taxonomy":"category","embeddable":true,"href":"https:\/\/www.europesays.com\/fr\/wp-json\/wp\/v2\/categories?post=625344"},{"taxonomy":"post_tag","embeddable":true,"href":"https:\/\/www.europesays.com\/fr\/wp-json\/wp\/v2\/tags?post=625344"}],"curies":[{"name":"wp","href":"https:\/\/api.w.org\/{rel}","templated":true}]}}