{"id":625346,"date":"2025-12-27T14:16:20","date_gmt":"2025-12-27T14:16:20","guid":{"rendered":"https:\/\/www.europesays.com\/fr\/625346\/"},"modified":"2025-12-27T14:16:20","modified_gmt":"2025-12-27T14:16:20","slug":"vincent-tout-le-monde-veut-prendre-sa-place-reagit-a-sa-100e-victoire-ce-nest-pas-celle-qui-ma-apporte-le-plus-de-satisfaction","status":"publish","type":"post","link":"https:\/\/www.europesays.com\/fr\/625346\/","title":{"rendered":"Vincent (Tout le monde veut prendre sa place) r\u00e9agit \u00e0 sa 100e victoire : \u00ab\u00a0Ce n&rsquo;est pas celle qui m&rsquo;a apport\u00e9 le plus de satisfaction\u00a0\u00bb"},"content":{"rendered":"<p>INTERVIEW. Apr\u00e8s des mois de pr\u00e9sence dans Tout le monde veut prendre sa place, Jo\u00ebl vient tout juste de d\u00e9passer le nombre impressionnant des 100 victoires. Le champion du jeu du midi de France 2 a r\u00e9agi aupr\u00e8s de T\u00e9l\u00e9-Loisirs.<\/p>\n<p>Jusqu\u2019ou s\u2019arr\u00eatera-t-il ? Apr\u00e8s avoir remport\u00e9 <a href=\"https:\/\/www.programme-tv.net\/news\/tv\/387010-sophie-eliminee-de-tout-le-monde-veut-prendre-sa-place-vincent-ami-des-stars-marine-lorphelin-et-antoine-griezmann-est-le-nouveau-champion-de-cyril-feraud\/\" data-api-deeplink=\"teleloisirs:\/\/news\/387010\" target=\"_blank\" rel=\"noopener\">sa premi\u00e8re partie <\/a>dans<b> <\/b><b>Tout le monde veut prendre sa place<\/b> en septembre dernier, <b>Vincent<\/b> a d\u00e9sormais atteint <b>sa 100e victoire<\/b> ce samedi 27 d\u00e9cembre 2025 sur France 2. Un nouveau cap pour celui qui n\u2019a essuy\u00e9 <a href=\"https:\/\/www.programme-tv.net\/news\/tv\/394252-je-savais-que-j-allais-trebucher-vincent-tout-le-monde-veut-prendre-sa-place-reagit-a-sa-defaite-en-finale\/\" data-api-deeplink=\"teleloisirs:\/\/news\/394252\" target=\"_blank\" rel=\"noopener\">qu\u2019une seule d\u00e9faite<\/a> en 90 participations, sans \u00eatre \u00e9limin\u00e9 <a href=\"https:\/\/www.programme-tv.net\/news\/tv\/394236-non-vincent-tout-le-monde-veut-prendre-sa-place-n-a-pas-battu-un-record-apres-sa-defaite-en-proposant-18-900-euros-a-son-adversaire\/\" data-api-deeplink=\"teleloisirs:\/\/news\/394236\" target=\"_blank\" rel=\"noopener\">gr\u00e2ce aux 18 900 euros propos\u00e9s \u00e0 son adversaire<\/a>. Le professeur d\u2019histoire-g\u00e9ographie de 35 ans a d\u00e9j\u00e0 battu<a href=\"https:\/\/www.programme-tv.net\/news\/tv\/391036-vincent-bat-un-record-dans-tout-le-monde-veut-prendre-sa-place-cyril-feraud-lui-offre-un-cadeau-historique\/\" data-api-deeplink=\"teleloisirs:\/\/news\/391036\" target=\"_blank\" rel=\"noopener\"> un record historique<\/a> dans l\u2019\u00e9mission en remportant le maximum de finales \u00e0 30 points. De bon augure pour rester encore longtemps dans le fauteuil rouge.<\/p>\n<p>\u00ab\u00a0Je n\u2019aime pas trop me comparer\u00a0\u00bb : Vincent se confie sur sa place dans le classement des plus grands champions apr\u00e8s sa 100e victoire dans Tout le monde veut prendre sa place<\/p>\n<p><b>T\u00e9l\u00e9-Loisirs<\/b><b> : Que ressentez-vous apr\u00e8s avoir remport\u00e9 100 victoires ?<\/b><br \/><b>Vincent : <\/b>C&rsquo;\u00e9tait une satisfaction dans le sens o\u00f9 c&rsquo;est un cap assez important. Il y a aussi un beau cadeau \u00e0 l&rsquo;issue des 100 victoires donc <b>c&rsquo;\u00e9tait important de la glaner. Mais ce n&rsquo;est pas celle qui m&rsquo;a apport\u00e9 le plus de satisfaction<\/b>. Il n&rsquo;y a rien qui \u00e9galera la premi\u00e8re victoire je pense.<\/p>\n<p><b>Qu\u2019allez-vous faire des 15 000 euros remport\u00e9s en bons d&rsquo;achat de voyages ?<\/b><br \/>La somme est tr\u00e8s importante. Il m\u2019arrive de voyager hors des sentiers battus donc l\u00e0, j&rsquo;ai une totale libert\u00e9. \u00c7a me permettra aussi d&rsquo;aller dans des contr\u00e9es que je n\u2019ai jamais pu explorer. J\u2019ai pens\u00e9 au Japon ou \u00e0 la Nouvelle-Z\u00e9lande.<\/p>\n<p><b>Vous \u00eates \u00e9galement 14e <\/b><a href=\"https:\/\/photo.programme-tv.net\/qui-sont-les-plus-grands-gagnants-de-tout-le-monde-veut-prendre-sa-place-58200\" target=\"_blank\" rel=\"noopener\"><b>des plus grands champions du jeu\u2026<\/b><\/a><br \/>D\u00e9passer les champions, c&rsquo;est toujours un honneur. Apr\u00e8s, je sais que le parcours de chaque champion est diff\u00e9rent. Parmi ceux que j&rsquo;ai potentiellement d\u00e9pass\u00e9, certains auraient m\u00e9rit\u00e9 d\u2019\u00eatre plus haut dans le classement par rapport \u00e0 leurs connaissances. Moi-m\u00eame, je ne saurais pas me situer dans ce palmar\u00e8s de champions. Je n\u2019aime pas trop me comparer.<\/p>\n<p>\u00ab\u00a0Elle me tenait \u00e0 coeur\u00a0\u00bb : Vincent se confie sur la sp\u00e9ciale champions avant sa 100e victoire dans Tout le monde veut prendre sa place<\/p>\n<p><b>Avez-vous eu l\u2019occasion de discuter avec certains d\u2019entre eux ?<\/b><br \/>On a pu \u00e9changer lors du tournage de la sp\u00e9ciale champions. <b>J&rsquo;avais une grosse envie de faire cette \u00e9mission. Elle me tenait \u00e0 c\u0153ur. <\/b>Je voulais vraiment rencontrer ces personnes qui ont pu me marquer \u00e0 la t\u00e9l\u00e9vision. Je les ai beaucoup regard\u00e9s quand j&rsquo;\u00e9tais un peu plus jeune pour certains, ou admirer une fois adulte pour les plus r\u00e9cents. C&rsquo;est vraiment un r\u00e9el plaisir, non pas de les affronter, parce qu&rsquo;il n&rsquo;y avait aucune confrontation possible, mais plus de les rencontrer en vrai.<\/p>\n<p><b>Comment diriez-vous que vous avez \u00e9volu\u00e9 en cent \u00e9missions ?<\/b><br \/>Je tiens \u00e0 me dire qu\u2019il ne faut pas que l&rsquo;\u00e9mission me change parce que<b> j&rsquo;aime beaucoup le confort de vie d&rsquo;un anonyme. <\/b>J\u2019ai envie d&rsquo;\u00eatre le m\u00eame Vincent, au naturel et que les t\u00e9l\u00e9spectateurs continuent \u00e0 me d\u00e9couvrir tous les jours. Aujourd&rsquo;hui, on me reconna\u00eet un peu plus mais ce n\u2019est pas quelque chose que je recherche forc\u00e9ment.<\/p>\n<p><b>Apr\u00e8s les cent victoires, quel est votre prochain objectif ?<\/b><br \/>Je vais r\u00e9pondre assez simplement : ce sera la 101e. Je n\u2019ai pas envie de me fixer d&rsquo;objectifs parce que sinon, je risque d&rsquo;\u00eatre d\u00e9\u00e7u. <b>Je n&rsquo;ai aucune ambition de classement <\/b>et de pr\u00e9tention mon\u00e9taire. Cela m\u2019importe peu. Pour moi, jouer est un r\u00eave et j\u2019esp\u00e8re prolonger ce r\u00eave le plus longtemps possible.<\/p>\n","protected":false},"excerpt":{"rendered":"INTERVIEW. Apr\u00e8s des mois de pr\u00e9sence dans Tout le monde veut prendre sa place, Jo\u00ebl vient tout juste&hellip;\n","protected":false},"author":2,"featured_media":625347,"comment_status":"","ping_status":"","sticky":false,"template":"","format":"standard","meta":{"footnotes":""},"categories":[1356],"tags":[244,12119,58,59,1011,27,594,2173,252,12120,1364,73469],"class_list":{"0":"post-625346","1":"post","2":"type-post","3":"status-publish","4":"format-standard","5":"has-post-thumbnail","7":"category-television","8":"tag-commentaire","9":"tag-cyril-fu00e9raud","10":"tag-divertissement","11":"tag-entertainment","12":"tag-fr","13":"tag-france","14":"tag-france-2","15":"tag-interview","16":"tag-television","17":"tag-tout-le-monde-veut-prendre-sa-place","18":"tag-tv","19":"tag-vincent-tout-le-monde-veut-prendre-sa-place"},"share_on_mastodon":{"url":"https:\/\/pubeurope.com\/@fr\/115791959971927991","error":""},"_links":{"self":[{"href":"https:\/\/www.europesays.com\/fr\/wp-json\/wp\/v2\/posts\/625346","targetHints":{"allow":["GET"]}}],"collection":[{"href":"https:\/\/www.europesays.com\/fr\/wp-json\/wp\/v2\/posts"}],"about":[{"href":"https:\/\/www.europesays.com\/fr\/wp-json\/wp\/v2\/types\/post"}],"author":[{"embeddable":true,"href":"https:\/\/www.europesays.com\/fr\/wp-json\/wp\/v2\/users\/2"}],"replies":[{"embeddable":true,"href":"https:\/\/www.europesays.com\/fr\/wp-json\/wp\/v2\/comments?post=625346"}],"version-history":[{"count":0,"href":"https:\/\/www.europesays.com\/fr\/wp-json\/wp\/v2\/posts\/625346\/revisions"}],"wp:featuredmedia":[{"embeddable":true,"href":"https:\/\/www.europesays.com\/fr\/wp-json\/wp\/v2\/media\/625347"}],"wp:attachment":[{"href":"https:\/\/www.europesays.com\/fr\/wp-json\/wp\/v2\/media?parent=625346"}],"wp:term":[{"taxonomy":"category","embeddable":true,"href":"https:\/\/www.europesays.com\/fr\/wp-json\/wp\/v2\/categories?post=625346"},{"taxonomy":"post_tag","embeddable":true,"href":"https:\/\/www.europesays.com\/fr\/wp-json\/wp\/v2\/tags?post=625346"}],"curies":[{"name":"wp","href":"https:\/\/api.w.org\/{rel}","templated":true}]}}