{"id":625351,"date":"2025-12-27T14:19:16","date_gmt":"2025-12-27T14:19:16","guid":{"rendered":"https:\/\/www.europesays.com\/fr\/625351\/"},"modified":"2025-12-27T14:19:16","modified_gmt":"2025-12-27T14:19:16","slug":"ce-trait-de-personnalite-declenche-une-connexion-immediate-selon-la-science","status":"publish","type":"post","link":"https:\/\/www.europesays.com\/fr\/625351\/","title":{"rendered":"ce trait de personnalit\u00e9 d\u00e9clenche une connexion imm\u00e9diate, selon la science"},"content":{"rendered":"<p><strong data-start=\"905\" data-end=\"977\">Le charme qu\u2019on ne voit pas : la science du<br \/>\nmagn\u00e9tisme silencieux<\/strong><\/p>\n<p data-start=\"979\" data-end=\"1256\">Certains n\u2019ont pas besoin de<br \/>\nmots <a href=\"https:\/\/www.modesettravaux.fr\/trucs-et-astuces\/fallait-le-savoir\/voici-les-deux-prenoms-les-plus-attirants-du-monde-selon-la-science-et-pourquoi-ils-plaisent-autant-110789.html\" target=\"_blank\" rel=\"noopener\"><br \/>\npour captiver<\/a>. Leur pr\u00e9sence apaise, intrigue ou attire sans<br \/>\nqu\u2019on sache exactement pourquoi. Ce ph\u00e9nom\u00e8ne a un nom : la<br \/>\n<strong data-start=\"1134\" data-end=\"1161\">r\u00e9activit\u00e9<br \/>\n\u00e9motionnelle<\/strong>. Autrement dit, la capacit\u00e9 \u00e0 percevoir les<br \/>\n\u00e9motions d\u2019autrui et \u00e0 y r\u00e9pondre avec justesse.<\/p>\n<p data-start=\"1258\" data-end=\"1670\">En 2018, une \u00e9tude de<br \/>\nl\u2019Universit\u00e9 de Toronto publi\u00e9e dans le Journal of Personality and Social Psychology<br \/>\n(Tskhay, Zhu, Zou &amp; Rule) a r\u00e9v\u00e9l\u00e9 que le charisme repose sur deux<br \/>\npiliers : <strong data-start=\"1444\" data-end=\"1460\">l\u2019affabilit\u00e9<\/strong> \u2013 cette chaleur sociale qui met<br \/>\nimm\u00e9diatement \u00e0 l\u2019aise \u2013 et <strong data-start=\"1521\" data-end=\"1536\">l\u2019influence<\/strong>, la facult\u00e9 de donner envie de suivre.<br \/>\nCes deux dimensions, combin\u00e9es, d\u00e9finissent ce que nous appelons<br \/>\n<strong>\u201cpr\u00e9sence\u201d ou \u201cmagn\u00e9tisme\u201d.<\/strong><\/p>\n<p data-start=\"1672\" data-end=\"1942\">Le chercheur Konstantin Tskhay<br \/>\nr\u00e9sume ce pouvoir ainsi : \u00ab<br \/>\nLes <a href=\"https:\/\/www.modesettravaux.fr\/trucs-et-astuces\/fallait-le-savoir\/charisme-express-5-astuces-prouvees-par-la-science-pour-captiver-nimporte-qui-en-10-secondes-135659.html\" target=\"_blank\" rel=\"noopener\"><br \/>\npersonnes charismatiques<\/a> font ressentir aux autres qu\u2019ils<br \/>\ncomptent vraiment dans la conversation. \u00bb Ce n\u2019est donc pas un<br \/>\nhasard si nous sommes instinctivement attir\u00e9s par ceux qui nous<br \/>\n\u00e9coutent vraiment.<\/p>\n<p><strong data-start=\"1953\" data-end=\"2020\">L\u2019intelligence \u00e9motionnelle, le moteur cach\u00e9 de<br \/>\nl\u2019attraction<\/strong><\/p>\n<p data-start=\"2022\" data-end=\"2440\">L\u2019<strong data-start=\"2024\" data-end=\"2058\">intelligence \u00e9motionnelle (IE)<\/strong>,<br \/>\npopularis\u00e9e par le psychologue Daniel Goleman, est depuis trente<br \/>\nans au c\u0153ur de la recherche sur <a href=\"https:\/\/www.modesettravaux.fr\/viepratique\/couple\/seduction-voici-le-trait-de-personnalite-qui-rend-le-moins-attirant-selon-harvard-149362.html\" target=\"_blank\" rel=\"noopener\"><br \/>\nle lien social.<\/a> Selon une m\u00e9ta-analyse parue en 2023 dans<br \/>\nFrontiers in Psychology,<br \/>\nles personnes ayant un niveau \u00e9lev\u00e9 d\u2019intelligence \u00e9motionnelle<br \/>\nsont jug\u00e9es plus sympathiques, plus dignes de confiance et plus<br \/>\nattirantes, aussi bien dans la vie professionnelle que<br \/>\nsentimentale.<\/p>\n<p data-start=\"2442\" data-end=\"2711\">Les chercheurs distinguent<br \/>\nquatre composantes de l\u2019IE : conscience de soi, gestion de ses<br \/>\n\u00e9motions, empathie et intelligence relationnelle. C\u2019est cette<br \/>\nderni\u00e8re \u2013 la capacit\u00e9 \u00e0 r\u00e9pondre aux signaux \u00e9motionnels de<br \/>\nl\u2019autre \u2013 qui constitue ce fameux <strong data-start=\"2689\" data-end=\"2708\">trait invisible<\/strong>.<\/p>\n<p data-start=\"2713\" data-end=\"3079\">Une \u00e9tude de l\u2019Universit\u00e9 de<br \/>\nLeipzig (2022, Journal of<br \/>\nNonverbal Behavior) a montr\u00e9 que les individus les plus dou\u00e9s<br \/>\npour d\u00e9coder <a href=\"https:\/\/www.modesettravaux.fr\/trucs-et-astuces\/fallait-le-savoir\/seduction-ce-detail-physique-bat-la-beaute-a-plate-couture-selon-harvard-144740.html\" target=\"_blank\" rel=\"noopener\"><br \/>\nles micro-expressions<\/a> du visage \u00e9taient aussi ceux qui<br \/>\nsuscitaient le plus de pr\u00e9f\u00e9rences sociales dans les interactions.<br \/>\n<strong>Leur secret ? Ils cr\u00e9ent inconsciemment un espace de<br \/>\ns\u00e9curit\u00e9 \u00e9motionnelle o\u00f9 l\u2019autre se sent \u201cvu\u201d et<br \/>\ncompris.<\/strong><\/p>\n<p><img loading=\"lazy\" decoding=\"async\" aria-describedby=\"caption-attachment-152129\" itemprop=\"thumbnailUrl\" class=\"wp-image-152129 img-responsive\" src=\"https:\/\/www.europesays.com\/fr\/wp-content\/uploads\/2025\/12\/shutterstock_274687205-1-1024x683.jpg\" alt=\"\" width=\"700\" height=\"467\"\/> \u00a9<br \/>\nShutterstock<\/p>\n<p id=\"caption-attachment-152129\" class=\"wp-caption-text\">Selon des<br \/>\nchercheurs de l\u2019Universit\u00e9 de Toronto, le secret du vrai charisme<br \/>\nn\u2019a rien \u00e0 voir avec le physique : il se cache dans la capacit\u00e9 \u00e0<br \/>\nressentir et \u00e0 r\u00e9pondre aux \u00e9motions des autres.<\/p>\n<p><strong data-start=\"3090\" data-end=\"3141\">Quand la science mesure le<br \/>\n\u201cje-ne-sais-quoi\u201d<\/strong><\/p>\n<p data-start=\"3143\" data-end=\"3568\">Le charme \u00e9motionnel n\u2019est<br \/>\nplus un myst\u00e8re total. Les neurosciences ont identifi\u00e9 les circuits<br \/>\nc\u00e9r\u00e9braux qui s\u2019activent face \u00e0 <strong>une pr\u00e9sence<br \/>\nempathique<\/strong>.<br data-start=\"3294\" data-end=\"3297\"\/><br \/>\nUne recherche du Max Planck<br \/>\nInstitute for Human Cognitive and Brain Sciences (2022) a<br \/>\nainsi montr\u00e9 que le <strong data-start=\"3405\" data-end=\"3425\">striatum ventral<\/strong>, zone associ\u00e9e au plaisir et \u00e0 la<br \/>\nr\u00e9compense, s\u2019active davantage lorsqu\u2019une personne per\u00e7oit<br \/>\n<strong>un signal sinc\u00e8re d\u2019\u00e9coute ou de<br \/>\ncompr\u00e9hension.<\/strong><\/p>\n<p data-start=\"3570\" data-end=\"3965\">De leur c\u00f4t\u00e9, des chercheurs<br \/>\nde l\u2019Universit\u00e9 de Californie (Prochazkova et al., Psychological Science, 2022) ont mis en<br \/>\n\u00e9vidence la <strong data-start=\"3704\" data-end=\"3734\">synchronie<br \/>\ncomportementale<\/strong> : lorsque deux personnes adaptent<br \/>\nspontan\u00e9ment leurs gestes, leur ton ou leur posture, elles se<br \/>\ntrouvent mutuellement <a href=\"https:\/\/www.modesettravaux.fr\/viepratique\/couple\/seduction-voici-selon-harvard-la-phrase-a-dire-dans-les-30-premieres-secondes-pour-plaire-immediatement-143604.html\" target=\"_blank\" rel=\"noopener\"><br \/>\nplus attirantes<\/a> et plus connect\u00e9es. Cette synchronie<br \/>\n\u00e9motionnelle agit comme un langage secret du lien humain.<\/p>\n<p data-start=\"3967\" data-end=\"4388\">Et ce ph\u00e9nom\u00e8ne int\u00e9resse<br \/>\naussi les ing\u00e9nieurs : plusieurs travaux en vision artificielle<br \/>\n(IEEE Transactions on<br \/>\nAffective Computing, 2018 ; Frontiers in Computer Science, 2023) montrent que des<br \/>\nalgorithmes peuvent pr\u00e9dire <a href=\"https:\/\/www.modesettravaux.fr\/trucs-et-astuces\/fallait-le-savoir\/seduction-voici-la-duree-precise-a-respecter-pour-quun-simple-regard-declenche-lalchimie-selon-la-science-143837.html\" target=\"_blank\" rel=\"noopener\"><br \/>\nla compatibilit\u00e9 \u00e9motionnelle<\/a> entre deux individus \u00e0 partir de<br \/>\nleurs expressions et micro-mouvements. Le \u201cfeeling\u201d n\u2019est donc pas<br \/>\nqu\u2019une intuition : c\u2019est un signal mesurable du cerveau social.<\/p>\n<p><strong data-start=\"4399\" data-end=\"4467\">Comment cultiver cette<br \/>\npr\u00e9sence magn\u00e9tique sans jouer un r\u00f4le<\/strong><\/p>\n<p data-start=\"4469\" data-end=\"4636\">La bonne nouvelle ? Ce trait<br \/>\ninvisible n\u2019est pas r\u00e9serv\u00e9 \u00e0 quelques \u00e9lus. Il se cultive avec<br \/>\n<strong>attention, patience et sinc\u00e9rit\u00e9.<\/strong> Voici comment<br \/>\nl\u2019activer au quotidien :<\/p>\n<ul data-start=\"4638\" data-end=\"5403\">\n<li data-start=\"4638\" data-end=\"4767\">\n<p data-start=\"4640\" data-end=\"4767\"><strong data-start=\"4640\" data-end=\"4661\">Regarder vraiment<\/strong> : un regard stable et<br \/>\nd\u00e9tendu favorise la production d\u2019ocytocine, l\u2019hormone du lien et de<br \/>\nla confiance.<\/p>\n<\/li>\n<li data-start=\"4768\" data-end=\"4980\">\n<p data-start=\"4770\" data-end=\"4980\"><strong data-start=\"4770\" data-end=\"4816\">Marquer un l\u00e9ger silence avant de r\u00e9pondre<\/strong><br \/>\n: selon le MIT Media Lab (Pentland, Social Physics, 2023), une pause d\u2019une \u00e0 deux secondes<br \/>\ndans une conversation augmente la perception d\u2019\u00e9coute et<br \/>\nd\u2019empathie.<\/p>\n<\/li>\n<li data-start=\"4981\" data-end=\"5125\">\n<p data-start=\"4983\" data-end=\"5125\"><strong data-start=\"4983\" data-end=\"5009\">Observer le non-verbal<\/strong> : posture, ton,<br \/>\nrespiration\u2026 ces signaux renseignent davantage sur l\u2019\u00e9tat<br \/>\n\u00e9motionnel d\u2019une personne que ses mots.<\/p>\n<\/li>\n<li data-start=\"5126\" data-end=\"5266\">\n<p data-start=\"5128\" data-end=\"5266\"><strong data-start=\"5128\" data-end=\"5168\">R\u00e9pondre \u00e0 l\u2019\u00e9motion, pas au contenu<\/strong> :<br \/>\ndire \u201cTu sembles soulag\u00e9\u201d ou \u201cTu as l\u2019air inquiet\u201d cr\u00e9e une<br \/>\nr\u00e9sonance \u00e9motionnelle imm\u00e9diate.<\/p>\n<\/li>\n<li data-start=\"5267\" data-end=\"5403\">\n<p data-start=\"5269\" data-end=\"5403\"><strong data-start=\"5269\" data-end=\"5305\">Aligner ses \u00e9motions et ses mots<\/strong> : la<br \/>\ncoh\u00e9rence entre ce qu\u2019on ressent et ce qu\u2019on exprime est le socle<br \/>\ndu charisme authentique.<\/p>\n<\/li>\n<\/ul>\n<p data-start=\"5405\" data-end=\"5725\">\u00c0 l\u2019automne 2025, alors que<br \/>\nnos vies num\u00e9riques fragmentent l\u2019attention, cette qualit\u00e9 devient<br \/>\nrare et pr\u00e9cieuse. <a href=\"https:\/\/www.modesettravaux.fr\/viepratique\/couple\/seduction-les-5-gestes-inconscients-qui-trahissent-une-attirance-immediate-selon-les-chercheurs-145769.html\" target=\"_blank\" rel=\"noopener\"><br \/>\nL\u2019attraction v\u00e9ritable<\/a> n\u2019a rien de spectaculaire : elle na\u00eet du<br \/>\ncalme, de la pr\u00e9sence et de la capacit\u00e9 \u00e0 \u00e9couter pour de vrai. Ce<br \/>\n\u201cquelque chose d\u2019invisible\u201d qu\u2019on appelle, tout simplement,<br \/>\n<strong data-start=\"5710\" data-end=\"5722\">humanit\u00e9<\/strong>.<\/p>\n<p><img loading=\"lazy\" decoding=\"async\" aria-describedby=\"caption-attachment-148661\" class=\"wp-image-148661 img-responsive\" src=\"https:\/\/www.europesays.com\/fr\/wp-content\/uploads\/2025\/12\/shutterstock_262071440-1-1024x683.jpg\" alt=\"\" width=\"702\" height=\"468\"\/> \u00a9<br \/>\nShutterstock<\/p>\n<p id=\"caption-attachment-148661\" class=\"wp-caption-text\">Ce n\u2019est<br \/>\nni un sourire ni un regard, mais une connexion invisible : l\u2019art de<br \/>\ncomprendre l\u2019autre en silence, cette pr\u00e9sence que les neurosciences<br \/>\ncommencent enfin \u00e0 mesurer.<\/p>\n","protected":false},"excerpt":{"rendered":"Le charme qu\u2019on ne voit pas : la science du magn\u00e9tisme silencieux Certains n\u2019ont pas besoin de mots&hellip;\n","protected":false},"author":2,"featured_media":625352,"comment_status":"","ping_status":"","sticky":false,"template":"","format":"standard","meta":{"footnotes":""},"categories":[10],"tags":[73471,17488,44483,1805,16164,30171,1011,27,72,6024,73470,4743,9763,71,43,15298,54285,96,4568],"class_list":{"0":"post-625351","1":"post","2":"type-post","3":"status-publish","4":"format-standard","5":"has-post-thumbnail","7":"category-sante","8":"tag-attirant","9":"tag-ce","10":"tag-connexion","11":"tag-de","12":"tag-declenche","13":"tag-devenez","14":"tag-fr","15":"tag-france","16":"tag-health","17":"tag-immediate","18":"tag-instantanement","19":"tag-la","20":"tag-personnalite","21":"tag-sante","22":"tag-science","23":"tag-selon","24":"tag-trait","25":"tag-une","26":"tag-vous"},"share_on_mastodon":{"url":"https:\/\/pubeurope.com\/@fr\/115791974024649929","error":""},"_links":{"self":[{"href":"https:\/\/www.europesays.com\/fr\/wp-json\/wp\/v2\/posts\/625351","targetHints":{"allow":["GET"]}}],"collection":[{"href":"https:\/\/www.europesays.com\/fr\/wp-json\/wp\/v2\/posts"}],"about":[{"href":"https:\/\/www.europesays.com\/fr\/wp-json\/wp\/v2\/types\/post"}],"author":[{"embeddable":true,"href":"https:\/\/www.europesays.com\/fr\/wp-json\/wp\/v2\/users\/2"}],"replies":[{"embeddable":true,"href":"https:\/\/www.europesays.com\/fr\/wp-json\/wp\/v2\/comments?post=625351"}],"version-history":[{"count":0,"href":"https:\/\/www.europesays.com\/fr\/wp-json\/wp\/v2\/posts\/625351\/revisions"}],"wp:featuredmedia":[{"embeddable":true,"href":"https:\/\/www.europesays.com\/fr\/wp-json\/wp\/v2\/media\/625352"}],"wp:attachment":[{"href":"https:\/\/www.europesays.com\/fr\/wp-json\/wp\/v2\/media?parent=625351"}],"wp:term":[{"taxonomy":"category","embeddable":true,"href":"https:\/\/www.europesays.com\/fr\/wp-json\/wp\/v2\/categories?post=625351"},{"taxonomy":"post_tag","embeddable":true,"href":"https:\/\/www.europesays.com\/fr\/wp-json\/wp\/v2\/tags?post=625351"}],"curies":[{"name":"wp","href":"https:\/\/api.w.org\/{rel}","templated":true}]}}