{"id":625383,"date":"2025-12-27T14:46:25","date_gmt":"2025-12-27T14:46:25","guid":{"rendered":"https:\/\/www.europesays.com\/fr\/625383\/"},"modified":"2025-12-27T14:46:25","modified_gmt":"2025-12-27T14:46:25","slug":"les-habitants-autorises-a-regagner-leurs-logements-la-circulation-toujours-coupee","status":"publish","type":"post","link":"https:\/\/www.europesays.com\/fr\/625383\/","title":{"rendered":"les habitants autoris\u00e9s \u00e0 regagner leurs logements, la circulation toujours coup\u00e9e"},"content":{"rendered":"<p>\u00ab Les 112 habitants (de la rue Amp\u00e8re)\u00a0<a href=\"https:\/\/www.ledauphine.com\/faits-divers-justice\/2025\/12\/26\/une-centaine-de-personnes-evacuees-a-cause-d-une-fuite-de-gaz-jfvv\" target=\"_blank\" rel=\"noopener\">\u00e9vacu\u00e9s hier soir<\/a> peuvent d\u00e8s \u00e0 pr\u00e9sent rejoindre leurs logements\u00a0\u00bb, annonce la pr\u00e9fecture de l\u2019Is\u00e8re, ce samedi matin, dans un communiqu\u00e9 transmis \u00e0 la presse. \u00ab <a href=\"https:\/\/www.ledauphine.com\/faits-divers-justice\/2025\/12\/26\/une-fuite-de-gaz-sur-la-chaussee-a-grenoble-la-circulation-coupee-rue-ampere\" target=\"_blank\" rel=\"noopener\">Les travaux men\u00e9s depuis hier soir<\/a> ont permis d\u2019atteindre la canalisation et de ventiler la zone, est-il pr\u00e9cis\u00e9. Les nouvelles mesures effectu\u00e9es ce matin sont revenues \u00e0 des niveaux ne pr\u00e9sentant plus aucun danger pour les populations.\u00a0\u00bb<\/p>\n<p>La pr\u00e9fecture explique ensuite que \u00ab\u00a0les op\u00e9rateurs de gaz vont poursuivre leur surveillance sur la canalisation comme le pr\u00e9voit la proc\u00e9dure en cas de micro fuite. Cette surveillance ainsi que les travaux inh\u00e9rents pourront durer plusieurs jours.\u00a0\u00bb D\u2019apr\u00e8s le site internet de la Ville de Grenoble, la circulation est d\u2019ailleurs toujours coup\u00e9e sur la rue Amp\u00e8re.<\/p>\n<p>Ce contenu est bloqu\u00e9 car vous n&rsquo;avez pas accept\u00e9 les cookies et autres traceurs.<\/p>\n<p>En cliquant sur \u00ab J\u2019accepte \u00bb, les cookies et autres traceurs seront d\u00e9pos\u00e9s et vous pourrez visualiser les contenus  (<a href=\"\" class=\"consentModule_policy\" target=\"_blank\" title=\"Consulter la politique de protection des donn\u00e9es du fournisseur\">plus d&rsquo;informations<\/a>).<\/p>\n<p>En cliquant sur \u00ab J\u2019accepte tous les cookies \u00bb, vous autorisez des d\u00e9p\u00f4ts de cookies et autres traceurs pour le stockage de vos donn\u00e9es sur nos sites et applications \u00e0 des fins de personnalisation et de ciblage publicitaire.<\/p>\n<p class=\"consentModule_secondaryText\">Vous gardez la possibilit\u00e9 de retirer votre consentement \u00e0 tout moment en consultant notre <a href=\"https:\/\/www.ledauphine.com\/protection-des-donnees\" target=\"_blank\" title=\"Consulter notre politique de protection des donn\u00e9es\" rel=\"noopener\">politique de protection des donn\u00e9es<\/a>. <br \/>&#13;<br \/>\n            <a href=\"https:\/\/www.ledauphine.com\/faits-divers-justice\/2025\/12\/27\/javascript:Didomi.notice.show()\" class=\"consentModule_cmp\" target=\"_blank\" rel=\"noopener\">G\u00e9rer mes choix<\/a>&#13;\n        <\/p>\n<p>&#13;<br \/>\n                        J&rsquo;accepte&#13;<br \/>\n            J&rsquo;accepte tous les cookies&#13;\n        <\/p>\n<p>Pour rappel, le vendredi 26\u00a0d\u00e9cembre, le SDIS de l\u2019Is\u00e8re a \u00e9t\u00e9 appel\u00e9 \u00e0 14\u00a0h\u00a015 pour une pr\u00e9sence de gaz sous la chauss\u00e9e rue Amp\u00e8re \u00e0 Grenoble \u00ab\u00a0pr\u00e9sentant un risque pour les populations\u00a0\u00bb, souligne la pr\u00e9fecture.\u00a0Un p\u00e9rim\u00e8tre de s\u00e9curit\u00e9 de 50 m\u00e8tres autour de la zone a ainsi \u00e9t\u00e9 instaur\u00e9 conduisant \u00e0 l\u2019\u00e9vacuation de 112 personnes.<\/p>\n<p>Afin d\u2019accueillir les habitants \u00e9vacu\u00e9s et n\u2019ayant pas de solution d\u2019h\u00e9bergement chez des proches, la mairie de Grenoble, appuy\u00e9e par la Croix-Rouge, a ouvert le gymnase P\u00e9goud. \u00ab\u00a030 personnes y ont \u00e9t\u00e9 accueillies durant toute la nuit\u00a0\u00bb, ajoute-t-on.<\/p>\n","protected":false},"excerpt":{"rendered":"\u00ab Les 112 habitants (de la rue Amp\u00e8re)\u00a0\u00e9vacu\u00e9s hier soir peuvent d\u00e8s \u00e0 pr\u00e9sent rejoindre leurs logements\u00a0\u00bb, annonce&hellip;\n","protected":false},"author":2,"featured_media":625384,"comment_status":"","ping_status":"","sticky":false,"template":"","format":"standard","meta":{"footnotes":""},"categories":[9566],"tags":[1111,11,2430,271,272,112,1777,674,274,107,1011,27,2731,2732,108,12,25],"class_list":{"0":"post-625383","1":"post","2":"type-post","3":"status-publish","4":"format-standard","5":"has-post-thumbnail","7":"category-grenoble","8":"tag-actu","9":"tag-actualites","10":"tag-auvergne-rhone-alpes","11":"tag-crime","12":"tag-delit-et-contravention","13":"tag-edition-grenoble-agglomeration","14":"tag-eu","15":"tag-europe","16":"tag-faits-divers-justice","17":"tag-fil-info","18":"tag-fr","19":"tag-france","20":"tag-grenoble","21":"tag-grenoble-bassin","22":"tag-isere","23":"tag-news","24":"tag-republique-francaise"},"share_on_mastodon":{"url":"https:\/\/pubeurope.com\/@fr\/115792077382165075","error":""},"_links":{"self":[{"href":"https:\/\/www.europesays.com\/fr\/wp-json\/wp\/v2\/posts\/625383","targetHints":{"allow":["GET"]}}],"collection":[{"href":"https:\/\/www.europesays.com\/fr\/wp-json\/wp\/v2\/posts"}],"about":[{"href":"https:\/\/www.europesays.com\/fr\/wp-json\/wp\/v2\/types\/post"}],"author":[{"embeddable":true,"href":"https:\/\/www.europesays.com\/fr\/wp-json\/wp\/v2\/users\/2"}],"replies":[{"embeddable":true,"href":"https:\/\/www.europesays.com\/fr\/wp-json\/wp\/v2\/comments?post=625383"}],"version-history":[{"count":0,"href":"https:\/\/www.europesays.com\/fr\/wp-json\/wp\/v2\/posts\/625383\/revisions"}],"wp:featuredmedia":[{"embeddable":true,"href":"https:\/\/www.europesays.com\/fr\/wp-json\/wp\/v2\/media\/625384"}],"wp:attachment":[{"href":"https:\/\/www.europesays.com\/fr\/wp-json\/wp\/v2\/media?parent=625383"}],"wp:term":[{"taxonomy":"category","embeddable":true,"href":"https:\/\/www.europesays.com\/fr\/wp-json\/wp\/v2\/categories?post=625383"},{"taxonomy":"post_tag","embeddable":true,"href":"https:\/\/www.europesays.com\/fr\/wp-json\/wp\/v2\/tags?post=625383"}],"curies":[{"name":"wp","href":"https:\/\/api.w.org\/{rel}","templated":true}]}}