{"id":625385,"date":"2025-12-27T14:47:25","date_gmt":"2025-12-27T14:47:25","guid":{"rendered":"https:\/\/www.europesays.com\/fr\/625385\/"},"modified":"2025-12-27T14:47:25","modified_gmt":"2025-12-27T14:47:25","slug":"des-dizaines-dhabitants-evacues-ont-passe-la-nuit-dans-un-gymnase-et-une-ecole","status":"publish","type":"post","link":"https:\/\/www.europesays.com\/fr\/625385\/","title":{"rendered":"des dizaines d&rsquo;habitants \u00e9vacu\u00e9s ont pass\u00e9 la nuit dans un gymnase et une \u00e9cole"},"content":{"rendered":"<p class=\"article-p mdl\">Une fuite enfin localis\u00e9e. \u00c0 Grenoble, les autorit\u00e9s ont demand\u00e9 l&rsquo;\u00e9vacuation de 119 logements, ce vendredi 26 d\u00e9cembre au soir, en raison d&rsquo;une suspicion de\u00a0<a class=\"link\" href=\"https:\/\/www.rtl.fr\/actu\/justice-faits-divers\/explosion-a-paris-une-fuite-de-gaz-a-l-origine-du-sinistre-7900277200\" title=\"Explosion \u00e0 Paris : une fuite de gaz \u00e0 l&#039;origine du sinistre ?\" target=\"_blank\" rel=\"noopener\">fuite de gaz<\/a>\u00a0dont l&rsquo;origine n&rsquo;a \u00e9t\u00e9 identifi\u00e9e que ce samedi 27 d\u00e9cembre matin. Une trentaine d&rsquo;habitants ont pass\u00e9 la nuit dans une \u00e9cole et un gymnase ouverts par la ville pour les accueillir.<\/p>\n<p class=\"article-p mdl\">Le p\u00e9rim\u00e8tre de s\u00e9curit\u00e9 install\u00e9 par les pompiers va \u00eatre lev\u00e9 dans la matin\u00e9e de ce samedi 27 d\u00e9cembre, puisqu&rsquo;apr\u00e8s une nuit de recherches, l&rsquo;origine exacte de la fuite a \u00e9t\u00e9 identifi\u00e9e d&rsquo;un c\u00f4t\u00e9 de la rue Amp\u00e8re.<\/p>\n<p class=\"article-p mdl\">\u00ab\u00a0Nous allons enlever le dispositif. Nous avons rep\u00e9r\u00e9 une poche de gaz qui, apr\u00e8s ventilation, s&rsquo;est dissip\u00e9e. Le danger est \u00e9cart\u00e9.\u00a0 Donc dans la matin\u00e9e, les habitants vont regagner leur domicile\u00a0\u00bb, confirme\u00a0le commandant J\u00e9r\u00f4me Estachy au micro de RTL.<\/p>\n<p class=\"article-p mdl\">Les policiers municipaux ont retir\u00e9 les rubalises et les rues du p\u00e2t\u00e9 de maison concern\u00e9es vont \u00eatre rendues \u00e0 la circulation. \u00c0 l&rsquo;exception toutefois d&rsquo;une partie de la rue o\u00f9 il a fallu creuser un trou au milieu de la chauss\u00e9e pour atteindre la canalisation.<\/p>\n<p>    La r\u00e9daction vous recommande<\/p>\n<p class=\"s-newsletter__title\">\n                L\u2019actualit\u00e9 par la r\u00e9daction de RTL dans votre bo\u00eete mail.\n            <\/p>\n<p class=\"s-newsletter__subtitle\">\n                Gr\u00e2ce \u00e0 votre compte RTL abonnez-vous \u00e0 la newsletter RTL info pour suivre toute l&rsquo;actualit\u00e9 au quotidien\n            <\/p>\n<p>\n                                    Lire la suite\n                                <\/p>\n","protected":false},"excerpt":{"rendered":"Une fuite enfin localis\u00e9e. \u00c0 Grenoble, les autorit\u00e9s ont demand\u00e9 l&rsquo;\u00e9vacuation de 119 logements, ce vendredi 26 d\u00e9cembre&hellip;\n","protected":false},"author":2,"featured_media":625386,"comment_status":"","ping_status":"","sticky":false,"template":"","format":"standard","meta":{"footnotes":""},"categories":[9566],"tags":[1111,11,2430,1777,674,118,1011,27,7066,843,2731,12,1311,25],"class_list":{"0":"post-625385","1":"post","2":"type-post","3":"status-publish","4":"format-standard","5":"has-post-thumbnail","7":"category-grenoble","8":"tag-actu","9":"tag-actualites","10":"tag-auvergne-rhone-alpes","11":"tag-eu","12":"tag-europe","13":"tag-faits-divers","14":"tag-fr","15":"tag-france","16":"tag-fuite","17":"tag-gaz","18":"tag-grenoble","19":"tag-news","20":"tag-pompiers","21":"tag-republique-francaise"},"share_on_mastodon":{"url":"https:\/\/pubeurope.com\/@fr\/115792081303677355","error":""},"_links":{"self":[{"href":"https:\/\/www.europesays.com\/fr\/wp-json\/wp\/v2\/posts\/625385","targetHints":{"allow":["GET"]}}],"collection":[{"href":"https:\/\/www.europesays.com\/fr\/wp-json\/wp\/v2\/posts"}],"about":[{"href":"https:\/\/www.europesays.com\/fr\/wp-json\/wp\/v2\/types\/post"}],"author":[{"embeddable":true,"href":"https:\/\/www.europesays.com\/fr\/wp-json\/wp\/v2\/users\/2"}],"replies":[{"embeddable":true,"href":"https:\/\/www.europesays.com\/fr\/wp-json\/wp\/v2\/comments?post=625385"}],"version-history":[{"count":0,"href":"https:\/\/www.europesays.com\/fr\/wp-json\/wp\/v2\/posts\/625385\/revisions"}],"wp:featuredmedia":[{"embeddable":true,"href":"https:\/\/www.europesays.com\/fr\/wp-json\/wp\/v2\/media\/625386"}],"wp:attachment":[{"href":"https:\/\/www.europesays.com\/fr\/wp-json\/wp\/v2\/media?parent=625385"}],"wp:term":[{"taxonomy":"category","embeddable":true,"href":"https:\/\/www.europesays.com\/fr\/wp-json\/wp\/v2\/categories?post=625385"},{"taxonomy":"post_tag","embeddable":true,"href":"https:\/\/www.europesays.com\/fr\/wp-json\/wp\/v2\/tags?post=625385"}],"curies":[{"name":"wp","href":"https:\/\/api.w.org\/{rel}","templated":true}]}}