{"id":625387,"date":"2025-12-27T14:49:22","date_gmt":"2025-12-27T14:49:22","guid":{"rendered":"https:\/\/www.europesays.com\/fr\/625387\/"},"modified":"2025-12-27T14:49:22","modified_gmt":"2025-12-27T14:49:22","slug":"deux-jeunes-meurent-dans-un-accident-de-la-route-un-troisieme-grievement-blesse","status":"publish","type":"post","link":"https:\/\/www.europesays.com\/fr\/625387\/","title":{"rendered":"deux jeunes meurent dans un accident de la route, un troisi\u00e8me gri\u00e8vement bless\u00e9"},"content":{"rendered":"<p class=\"article__intro\">Deux jeunes \u00e2g\u00e9s de 22 et 23 ans sont d\u00e9c\u00e9d\u00e9s dans un accident de la route, ce samedi 27 d\u00e9cembre \u00e0 \u00c9trelles (Ille-et-Vilaine), apr\u00e8s avoir percut\u00e9 un arbre. Le troisi\u00e8me homme \u00e0 bord du v\u00e9hicule a \u00e9t\u00e9 envoy\u00e9 en urgence absolue au CHU de Rennes. <\/p>\n<p>\n      L\u2019actu des r\u00e9gions\n    <\/p>\n<p>\n      Chaque jour, un tour d\u2019horizon des principales infos de toutes les r\u00e9gions.\n    <\/p>\n<p>    France T\u00e9l\u00e9visions utilise votre adresse e-mail afin de vous envoyer la newsletter \u00ab\u00a0L\u2019actu des r\u00e9gions\u00a0\u00bb. Vous pouvez vous d\u00e9sinscrire \u00e0 tout moment via le lien en bas de cette newsletter. <a target=\"_blank\" href=\"https:\/\/www.francetelevisions.fr\/groupe\/confidentialite\/politique-de-confidentialite\/politique-de-confidentialite-de-france-televisions-6503\" rel=\"noopener\">Notre politique de confidentialit\u00e9<\/a><\/p>\n<p>L&rsquo;accident mortel a eu lieu \u00e0 5 h 45, ce samedi 27 avril. Sur la D\u00e9partementale 110, \u00e0 proximit\u00e9 du lieu-dit Savatrais, \u00e0 \u00c9trelles (Ille-et-Vilaine), trois jeunes hommes \u00e0 bord d&rsquo;une voiture ont percut\u00e9 un arbre : \u00ab\u00a0deux d&rsquo;entre eux sont d\u00e9c\u00e9d\u00e9s\u00a0\u00bb, indique le service d&rsquo;incendie et de secours du d\u00e9partement. <\/p>\n<\/p>\n<p>\u00ab\u00a0Leur voiture a percut\u00e9 un arbre, pr\u00e9cise l&rsquo;un des pompiers du d\u00e9partement. Les deux victimes d\u00e9c\u00e9d\u00e9es \u00e9taient \u00e2g\u00e9es de 22 et 23 ans.\u00a0\u00bb <\/p>\n<p>Le troisi\u00e8me homme, \u00e2g\u00e9 de 21 ans, a \u00e9t\u00e9 quant \u00e0 lui transport\u00e9 en urgence absolue au CHU Pontchaillou, \u00e0 Rennes, par les secours pr\u00e9sents sur place. <\/p>\n<p>\u00c0 8 h 45, ce samedi 27 d\u00e9cembre, l&rsquo;intervention des sapeurs-pompiers \u00e9tait toujours en cours sur les lieux de l&rsquo;accident. Au total, 13 pompiers du d\u00e9partement ont \u00e9t\u00e9 mobilis\u00e9s.<\/p>\n","protected":false},"excerpt":{"rendered":"Deux jeunes \u00e2g\u00e9s de 22 et 23 ans sont d\u00e9c\u00e9d\u00e9s dans un accident de la route, ce samedi&hellip;\n","protected":false},"author":2,"featured_media":625388,"comment_status":"","ping_status":"","sticky":false,"template":"","format":"standard","meta":{"footnotes":""},"categories":[2821],"tags":[1111,11,829,1777,674,1011,27,12,584,25],"class_list":{"0":"post-625387","1":"post","2":"type-post","3":"status-publish","4":"format-standard","5":"has-post-thumbnail","7":"category-rennes","8":"tag-actu","9":"tag-actualites","10":"tag-bretagne","11":"tag-eu","12":"tag-europe","13":"tag-fr","14":"tag-france","15":"tag-news","16":"tag-rennes","17":"tag-republique-francaise"},"share_on_mastodon":{"url":"https:\/\/pubeurope.com\/@fr\/115792089195568301","error":""},"_links":{"self":[{"href":"https:\/\/www.europesays.com\/fr\/wp-json\/wp\/v2\/posts\/625387","targetHints":{"allow":["GET"]}}],"collection":[{"href":"https:\/\/www.europesays.com\/fr\/wp-json\/wp\/v2\/posts"}],"about":[{"href":"https:\/\/www.europesays.com\/fr\/wp-json\/wp\/v2\/types\/post"}],"author":[{"embeddable":true,"href":"https:\/\/www.europesays.com\/fr\/wp-json\/wp\/v2\/users\/2"}],"replies":[{"embeddable":true,"href":"https:\/\/www.europesays.com\/fr\/wp-json\/wp\/v2\/comments?post=625387"}],"version-history":[{"count":0,"href":"https:\/\/www.europesays.com\/fr\/wp-json\/wp\/v2\/posts\/625387\/revisions"}],"wp:featuredmedia":[{"embeddable":true,"href":"https:\/\/www.europesays.com\/fr\/wp-json\/wp\/v2\/media\/625388"}],"wp:attachment":[{"href":"https:\/\/www.europesays.com\/fr\/wp-json\/wp\/v2\/media?parent=625387"}],"wp:term":[{"taxonomy":"category","embeddable":true,"href":"https:\/\/www.europesays.com\/fr\/wp-json\/wp\/v2\/categories?post=625387"},{"taxonomy":"post_tag","embeddable":true,"href":"https:\/\/www.europesays.com\/fr\/wp-json\/wp\/v2\/tags?post=625387"}],"curies":[{"name":"wp","href":"https:\/\/api.w.org\/{rel}","templated":true}]}}