{"id":625391,"date":"2025-12-27T14:51:31","date_gmt":"2025-12-27T14:51:31","guid":{"rendered":"https:\/\/www.europesays.com\/fr\/625391\/"},"modified":"2025-12-27T14:51:31","modified_gmt":"2025-12-27T14:51:31","slug":"strasbourg-maraude-de-plusieurs-collectifs-sur-les-campements-de-schiltigheim-et-krimmerie-meineau-%f0%9f%94%b4-info-libertaire","status":"publish","type":"post","link":"https:\/\/www.europesays.com\/fr\/625391\/","title":{"rendered":"[Strasbourg] Maraude de plusieurs collectifs sur les campements de Schiltigheim et Krimmerie-Meineau \u2013 \ud83d\udd34 Info Libertaire"},"content":{"rendered":"<p style=\"margin:0\">Cet article a \u00e9t\u00e9 republi\u00e9 automatiquement.<\/p>\n<p>Pour le Collectif La P\u2019tite Mary Read qui fait r\u00e9guli\u00e8rement des animations ludiques et des distributions de dons sur des campements strasbourgeois, c\u2019\u00e9tait une premi\u00e8re de participer \u00e0 une maraude de repas cuisin\u00e9s et distribu\u00e9s avec autant de partenaires impliqu\u00e9\u00b7e\u00b7s et \u00e0 destination de deux campements. Merci \u00e0 toustes\u00a0! \u2728<\/p>\n<p>Un merci particulier \u00e0 notre camarade K. qui fait aussi partie de la CABB pour la logistique globale de pr\u00e9paration du repas et des courses, ainsi que la r\u00e9cup\u00e9ration des l\u00e9gumes offerts par Les Jardins d\u2019Agn\u00e8s \u2013 March\u00e9 de Ilkirch\u00a0!<\/p>\n<p>Merci au Centre Autonome Jeune Molodo\u00ef pour la mise \u00e0 disposition de la salle pour ce projet, aux nombreux\u00b7ses camarades venu\u00b7e\u00b7s d\u00e8s le matin pour l\u2019\u00e9pluchage des l\u00e9gumes, et celleux l\u2019aprem pour la pr\u00e9paration\u00a0!<\/p>\n<p>Des personnes de La Louveti\u00e8re ont mis \u00e0 disposition une cariole \u00e0 v\u00e9lo, d\u2019autres leurs voitures et nous avons pu nous rendre sur place du c\u00f4t\u00e9 de la Piste cyclable de Schiltigheim o\u00f9 se trouvent depuis cet \u00e9t\u00e9 plusieurs tentes suite au d\u00e9mant\u00e8lement du campement du Heyritz. Notons que cet endroit est situ\u00e9 en p\u00e9riph\u00e9rie de la ville aux bords de l\u2019autoroute et n\u2019est directement accessible que par la piste cyclable. Des personnes s\u2019\u00e9taient initialement install\u00e9es sur la Place de Haguenau \u2013 davantage centrale et visible de toustes \u2013 avant d\u2019en avoir \u00e9t\u00e9 chass\u00e9es par des policiers qui les ont menac\u00e9 de \u201ccasser leurs tentes\u201d s\u2019iels ne s\u2019en allaient pas\u2026<\/p>\n<p><img decoding=\"async\" alt=\"\" src=\"https:\/\/www.europesays.com\/fr\/wp-content\/uploads\/2025\/12\/1086.jpg\" data-l=\"2048\" data-h=\"1536\" data-tailles=\"[&quot;160&quot;,&quot;320&quot;,&quot;560&quot;,&quot;1200&quot;,&quot;1920&quot;]\" data-autorisees=\"{&quot;160&quot;:{&quot;1&quot;:&quot;IMG\/jpg\/1086-resp160.jpg?1766680583&quot;,&quot;2&quot;:&quot;IMG\/jpg\/1086-resp320.jpg?1766680583&quot;},&quot;320&quot;:{&quot;1&quot;:&quot;IMG\/jpg\/1086-resp320.jpg?1766680583&quot;,&quot;2&quot;:&quot;IMG\/jpg\/1086-resp640.jpg?1766680583&quot;},&quot;560&quot;:{&quot;1&quot;:&quot;IMG\/jpg\/1086-resp560.jpg?1766680583&quot;,&quot;2&quot;:&quot;IMG\/jpg\/1086-resp1120.jpg?1766680583&quot;},&quot;1200&quot;:{&quot;1&quot;:&quot;IMG\/jpg\/1086-resp1200.jpg?1766680583&quot;,&quot;2&quot;:&quot;IMG\/jpg\/1086-resp2048.jpg?1766680583&quot;},&quot;1920&quot;:{&quot;1&quot;:&quot;IMG\/jpg\/1086-resp1920.jpg?1766680583&quot;,&quot;2&quot;:&quot;IMG\/jpg\/1086-resp2048.jpg?1766680583&quot;}}\" class=\"image_responsive\"\/><\/p>\n<p>Nous \u00e9tions pass\u00e9s plusieurs fois l\u00e0-bas depuis la rentr\u00e9e de septembre pour aller \u00e0 la rencontre des personnes qui y vivaient et constater qu\u2019il n\u2019y avait aucun service de la ville ou associatif qui y passait, aucune maraude de nourriture. La zone est dans l\u2019ensemble peu \u00e9clair\u00e9e et il n\u2019y a aucun point d\u2019eau sur place\u2026<\/p>\n<p><a href=\"https:\/\/manif-est.info\/IMG\/jpg\/1095_1_.jpg\" class=\"fond mediabox\" data-photo-w=\"4000\" data-photo-h=\"3000\" target=\"_blank\" rel=\"noopener\"><img decoding=\"async\" alt=\"\" src=\"https:\/\/www.europesays.com\/fr\/wp-content\/uploads\/2025\/12\/1095_1_-scaled.jpg\" data-l=\"4000\" data-h=\"3000\" data-tailles=\"[&quot;400&quot;]\" class=\"image_responsive avec_picturefill\"\/><\/a><\/p>\n<p>En cette p\u00e9riode tr\u00e8s froide, la moiti\u00e9 du campement est ponctuellement desert\u00e9, mais il reste au moins une famille avec un enfant de 4 ans sur place et plusieurs adultes isol\u00e9s ainsi que plusieurs personnes \u00e2g\u00e9es malades \u00e0 qui les gymnases ouverts n\u2019ont pas du tout \u00e9t\u00e9 propos\u00e9s. C\u2019est vraiment une zone tr\u00e8s marginalis\u00e9e et les gens y vivent dans des conditions extr\u00eamement pr\u00e9caires. C\u2019est donc avec l\u2019accord et la concertation des personnes sur place que nous avions pr\u00e9vu en amont ce temps de maraude solidaire.<\/p>\n<p>Nous avons ainsi pu distribuer une bonne quinzaine de repas sur ce campement de Schiltigheim, ramen\u00e9 un sapin avec des d\u00e9corations, et DJ Nesquik Studio 9767 &amp; QUEEN\u00b7S a ramen\u00e9 une grosse ambiance musicale qui a permis de partager, en plus du repas, un vrai moment de ga\u00eet\u00e9 collectif.<\/p>\n<p>Merci au Collectif V\u00e9rit\u00e9 et Justice pour Enzo pour leur participation et pour cette super connexion avec l\u2019\u00e9quipe de l\u2019Association Kiff ta life venue en nombre\u00a0!<\/p>\n<p>Les derni\u00e8res couvertures que nous avions en stock ont aussi pu \u00eatre distribu\u00e9es pour les personnes qui en manquaient gr\u00e2ce aux dons r\u00e9colt\u00e9s les semaines auparavant via La P\u2019tite Mary Read.<\/p>\n<p><a href=\"https:\/\/manif-est.info\/IMG\/jpg\/1096.jpg\" class=\"fond mediabox\" data-photo-w=\"2048\" data-photo-h=\"1536\" target=\"_blank\" rel=\"noopener\"><img decoding=\"async\" alt=\"\" src=\"https:\/\/www.europesays.com\/fr\/wp-content\/uploads\/2025\/12\/1096.jpg\" data-l=\"2048\" data-h=\"1536\" data-tailles=\"[&quot;400&quot;]\" class=\"image_responsive avec_picturefill\"\/><\/a><\/p>\n<p>Comme il y avait largement assez de portions pour les personnes pr\u00e9sentes au campement, pendant que des camarades sont retourn\u00e9\u00b7e\u00b7s au Molodo\u00ef finir le rangement et le nettoyage du mat\u00e9riel (merci encore \u00e0 elleux\u00a0!), une autre \u00e9quipe est all\u00e9e au campement de Krimmerie-Meineau o\u00f9 il y avait d\u00e9j\u00e0 la Croix-Rouge sur place qui distribuait de la soupe et des boissons chaudes. Nos repas ont \u00e0 nouveau fait une trentaine d\u2019heureuxses, dont une dizaine d\u2019enfants de tout \u00e2ge (qui ont surtout grave kiff\u00e9 les pommes de terre saut\u00e9es\u00a0! \ud83e\udef6\u2728)<\/p>\n<p>\ud83c\udff4\u200d\u2620\ufe0f Les enfants qui nous connaissent nous ont demand\u00e9 si on venait pour faire des jeux. Ce sont leurs \u201cvacances\u201d donc du c\u00f4t\u00e9 La P\u2019tite Mary Read et les volontaires, on va voir pour revenir prochainement avec une maraude de jeux \u2013 en attendant on a particip\u00e9 \u00e0 la d\u00e9coration de leur sapin\u00a0!<\/p>\n<p><img decoding=\"async\" alt=\"\" src=\"https:\/\/www.europesays.com\/fr\/wp-content\/uploads\/2025\/12\/1093-scaled.jpg\" data-l=\"4000\" data-h=\"3000\" data-tailles=\"[&quot;160&quot;,&quot;320&quot;,&quot;560&quot;,&quot;1200&quot;,&quot;1920&quot;]\" data-autorisees=\"{&quot;160&quot;:{&quot;1&quot;:&quot;IMG\/jpg\/1093-resp160.jpg?1766679947&quot;,&quot;2&quot;:&quot;IMG\/jpg\/1093-resp320.jpg?1766679947&quot;},&quot;320&quot;:{&quot;1&quot;:&quot;IMG\/jpg\/1093-resp320.jpg?1766679947&quot;,&quot;2&quot;:&quot;IMG\/jpg\/1093-resp640.jpg?1766679947&quot;},&quot;560&quot;:{&quot;1&quot;:&quot;IMG\/jpg\/1093-resp560.jpg?1766679947&quot;,&quot;2&quot;:&quot;IMG\/jpg\/1093-resp1120.jpg?1766679947&quot;},&quot;1200&quot;:{&quot;1&quot;:&quot;IMG\/jpg\/1093-resp1200.jpg?1766679947&quot;,&quot;2&quot;:&quot;IMG\/jpg\/1093-resp2400.jpg?1766679947&quot;},&quot;1920&quot;:{&quot;1&quot;:&quot;IMG\/jpg\/1093-resp1920.jpg?1766679947&quot;,&quot;2&quot;:&quot;IMG\/jpg\/1093-resp3840.jpg?1766679947&quot;}}\" class=\"image_responsive\"\/><\/p>\n<p>\ud83e\udef6 Merci \u00e0 tout le monde pour ce super partenariat avec La P\u2019tite Mary Read, le Molodo\u00ef, la CABB, L\u2019Intercantine des luttes, La Louveti\u00e8re, l\u2019Association Kiff ta Life, et le Collectif V\u00e9rit\u00e9 et Justice pour Enzo. On esp\u00e8re bient\u00f4t renouveler ce type d\u2019op\u00e9ration collective avec de nouvelles forces vives\u00a0!<\/p>\n<p>\ud83d\udc08\u200d\u2b1b L\u2019id\u00e9e de ces moments est de participer aux rapports de force en cours afin de soutenir les politiques de r\u00e9quisition des logements vides et combattre les politiques racistes et x\u00e9nophobes.<\/p>\n<p>N\u2019h\u00e9sitez pas \u00e0 nous faire vos retours si vous en avez\u00a0:<\/p>\n<p>\ud83d\udce7 laptitemaryread[arobaze]riseup[point]net<\/p>\n<p>La P\u2019tite Mary Read<\/p>\n<p>Quelques \u00e9l\u00e9ments de contexte\u00a0:<br \/>\n<a href=\"https:\/\/manif-est.info\/IMG\/jpg\/1057.jpg\" class=\"fond mediabox\" data-photo-w=\"4000\" data-photo-h=\"3000\" target=\"_blank\" rel=\"noopener\"><img decoding=\"async\" alt=\"\" src=\"https:\/\/www.europesays.com\/fr\/wp-content\/uploads\/2025\/12\/1057-scaled.jpg\" data-l=\"4000\" data-h=\"3000\" data-tailles=\"[&quot;400&quot;]\" class=\"image_responsive avec_picturefill\"\/><\/a><\/p>\n<p>Presque tous les enfants vivant \u00e0 Strasbourg sont scolaris\u00e9s, ce qui permet de d\u00e9tecter une partie des situations de sans-abrisme. Au cours de l\u2019hiver 2025, au moins 50 enfants vivent et dorment \u00e0 la rue dans l\u2019Eurom\u00e9tropole. Un chiffre sous-estim\u00e9 puisque les mineurs non accompagn\u00e9s n\u2019apparaissent pas dans ces d\u00e9comptes, pas plus que les enfants vivant en squat.<\/p>\n<p><strong>Chronologie<\/strong><\/p>\n<p><a href=\"https:\/\/manif-est.info\/IMG\/jpg\/1105.jpg\" class=\"fond mediabox\" data-photo-w=\"1191\" data-photo-h=\"1684\" target=\"_blank\" rel=\"noopener\"><img decoding=\"async\" alt=\"\" src=\"https:\/\/www.europesays.com\/fr\/wp-content\/uploads\/2025\/12\/1105.jpg\" data-l=\"1191\" data-h=\"1684\" data-tailles=\"[&quot;200&quot;]\" class=\"image_responsive avec_picturefill\"\/><\/a><\/p>\n<ul class=\"spip\">\n<li>18 d\u00e9cembre\u00a0: vente solidaire \u00e0 l\u2019\u00e9cole des Romains \/ Gr\u00e8ve intersyndicale et rassemblement en ville du \u201cSocial en lutte\u201d, notamment en soutien \u00e0 la gr\u00e8ve nationale des migrant\u00b7e\u00b7s.<\/li>\n<\/ul>\n<ul class=\"spip\">\n<li>13 d\u00e9cembre\u00a0: Rassemblement pour la Journ\u00e9e Internationale des migrant\u00b7e\u00b7s (beaucoup de signataires et de prises de paroles, mais peu de mobilisations r\u00e9elles pour soutenir la gr\u00e8ve appel\u00e9e depuis plusieurs semaines \u00e0 l\u2019\u00e9chelle nationale par la Marche des Solidarit\u00e9s du 18 d\u00e9cembre, et malheureusement aucune perspective de soutien des luttes men\u00e9es par les personnes concern\u00e9es\u2026)<\/li>\n<li>11 d\u00e9cembre\u00a0: Le collectif Pas d\u2019Enfants \u00e0 la rue 67 propose des permanences tous les premiers mercredis du mois de 15h \u00e0 17h.\n<p>Ces permanences seront l\u2019occasion d\u2019\u00e9changer de vive voix avec les parents et les membres de la communaut\u00e9 \u00e9ducative qui le souhaitent. On essaiera de r\u00e9pondre aux questions li\u00e9es \u00e0 l\u2019accueil d\u2019\u00e9l\u00e8ves dont la famille est \u00e0 la rue.<\/p>\n<p>\u2139\ufe0f Les dates\u00a0: le 7 janvier, le 4 f\u00e9vrier, le 4 mars, le 1er avril, le 6 mai, le 3 juin et le 1er juillet.<\/p>\n<p>\u2139\ufe0f Le lieu\u00a0: \u00e0 la Maison des syndicats, 1 rue Sedillot, dans le local de Solidaires, au 4e \u00e9tage.<\/p>\n<p>\ud83d\udce7 Pour plus d\u2019informations, vous pouvez contacter par mail\u00a0:<\/p>\n<p>pasdenfantalarue67[arobaze]gmail[point]com<\/p>\n<\/li>\n<\/ul>\n<ul class=\"spip\">\n<li>8 d\u00e9cembre\u00a0: journ\u00e9e \u00ab\u00a0\u00e9cole morte\u00a0\u00bb<\/li>\n<\/ul>\n<p><img decoding=\"async\" alt=\"\" src=\"https:\/\/www.europesays.com\/fr\/wp-content\/uploads\/2025\/12\/1100.jpg\" data-l=\"1600\" data-h=\"1200\" data-tailles=\"[&quot;160&quot;,&quot;320&quot;,&quot;560&quot;,&quot;1200&quot;,&quot;1920&quot;]\" data-autorisees=\"{&quot;160&quot;:{&quot;1&quot;:&quot;IMG\/jpg\/1100-resp160.jpg?1766681953&quot;,&quot;2&quot;:&quot;IMG\/jpg\/1100-resp320.jpg?1766681953&quot;},&quot;320&quot;:{&quot;1&quot;:&quot;IMG\/jpg\/1100-resp320.jpg?1766681953&quot;,&quot;2&quot;:&quot;IMG\/jpg\/1100-resp640.jpg?1766681953&quot;},&quot;560&quot;:{&quot;1&quot;:&quot;IMG\/jpg\/1100-resp560.jpg?1766681953&quot;,&quot;2&quot;:&quot;IMG\/jpg\/1100-resp1120.jpg?1766681953&quot;},&quot;1200&quot;:{&quot;1&quot;:&quot;IMG\/jpg\/1100-resp1200.jpg?1766681953&quot;,&quot;2&quot;:&quot;IMG\/jpg\/1100-resp1600.jpg?1766681953&quot;},&quot;1600&quot;:{&quot;1&quot;:&quot;IMG\/jpg\/1100-resp1600.jpg?1766681953&quot;,&quot;2&quot;:&quot;IMG\/jpg\/1100-resp1600.jpg?1766681953&quot;}}\" class=\"image_responsive\"\/><br \/>\n<img decoding=\"async\" alt=\"\" src=\"https:\/\/www.europesays.com\/fr\/wp-content\/uploads\/2025\/12\/1099.jpg\" data-l=\"2040\" data-h=\"1536\" data-tailles=\"[&quot;160&quot;,&quot;320&quot;,&quot;560&quot;,&quot;1200&quot;,&quot;1920&quot;]\" data-autorisees=\"{&quot;160&quot;:{&quot;1&quot;:&quot;IMG\/jpg\/1099-resp160.jpg?1766681953&quot;,&quot;2&quot;:&quot;IMG\/jpg\/1099-resp320.jpg?1766681953&quot;},&quot;320&quot;:{&quot;1&quot;:&quot;IMG\/jpg\/1099-resp320.jpg?1766681953&quot;,&quot;2&quot;:&quot;IMG\/jpg\/1099-resp640.jpg?1766681953&quot;},&quot;560&quot;:{&quot;1&quot;:&quot;IMG\/jpg\/1099-resp560.jpg?1766681953&quot;,&quot;2&quot;:&quot;IMG\/jpg\/1099-resp1120.jpg?1766681953&quot;},&quot;1200&quot;:{&quot;1&quot;:&quot;IMG\/jpg\/1099-resp1200.jpg?1766681953&quot;,&quot;2&quot;:&quot;IMG\/jpg\/1099-resp2040.jpg?1766681953&quot;},&quot;1920&quot;:{&quot;1&quot;:&quot;IMG\/jpg\/1099-resp1920.jpg?1766681953&quot;,&quot;2&quot;:&quot;IMG\/jpg\/1099-resp2040.jpg?1766681953&quot;}}\" class=\"image_responsive\"\/><\/p>\n","protected":false},"excerpt":{"rendered":"Cet article a \u00e9t\u00e9 republi\u00e9 automatiquement. Pour le Collectif La P\u2019tite Mary Read qui fait r\u00e9guli\u00e8rement des animations&hellip;\n","protected":false},"author":2,"featured_media":625392,"comment_status":"","ping_status":"","sticky":false,"template":"","format":"standard","meta":{"footnotes":""},"categories":[2820],"tags":[1111,11,1777,674,1011,27,775,12,25,640],"class_list":{"0":"post-625391","1":"post","2":"type-post","3":"status-publish","4":"format-standard","5":"has-post-thumbnail","7":"category-strasbourg","8":"tag-actu","9":"tag-actualites","10":"tag-eu","11":"tag-europe","12":"tag-fr","13":"tag-france","14":"tag-grand-est","15":"tag-news","16":"tag-republique-francaise","17":"tag-strasbourg"},"share_on_mastodon":{"url":"https:\/\/pubeurope.com\/@fr\/115792098273195115","error":""},"_links":{"self":[{"href":"https:\/\/www.europesays.com\/fr\/wp-json\/wp\/v2\/posts\/625391","targetHints":{"allow":["GET"]}}],"collection":[{"href":"https:\/\/www.europesays.com\/fr\/wp-json\/wp\/v2\/posts"}],"about":[{"href":"https:\/\/www.europesays.com\/fr\/wp-json\/wp\/v2\/types\/post"}],"author":[{"embeddable":true,"href":"https:\/\/www.europesays.com\/fr\/wp-json\/wp\/v2\/users\/2"}],"replies":[{"embeddable":true,"href":"https:\/\/www.europesays.com\/fr\/wp-json\/wp\/v2\/comments?post=625391"}],"version-history":[{"count":0,"href":"https:\/\/www.europesays.com\/fr\/wp-json\/wp\/v2\/posts\/625391\/revisions"}],"wp:featuredmedia":[{"embeddable":true,"href":"https:\/\/www.europesays.com\/fr\/wp-json\/wp\/v2\/media\/625392"}],"wp:attachment":[{"href":"https:\/\/www.europesays.com\/fr\/wp-json\/wp\/v2\/media?parent=625391"}],"wp:term":[{"taxonomy":"category","embeddable":true,"href":"https:\/\/www.europesays.com\/fr\/wp-json\/wp\/v2\/categories?post=625391"},{"taxonomy":"post_tag","embeddable":true,"href":"https:\/\/www.europesays.com\/fr\/wp-json\/wp\/v2\/tags?post=625391"}],"curies":[{"name":"wp","href":"https:\/\/api.w.org\/{rel}","templated":true}]}}