{"id":625393,"date":"2025-12-27T14:52:13","date_gmt":"2025-12-27T14:52:13","guid":{"rendered":"https:\/\/www.europesays.com\/fr\/625393\/"},"modified":"2025-12-27T14:52:13","modified_gmt":"2025-12-27T14:52:13","slug":"le-fils-irascible-a-nouveau-condamne-a-nice","status":"publish","type":"post","link":"https:\/\/www.europesays.com\/fr\/625393\/","title":{"rendered":"le fils irascible \u00e0 nouveau condamn\u00e9 \u00e0 Nice"},"content":{"rendered":"<p class=\"fs-5 \">Dommage : la derni\u00e8re partie lui r\u00e9servait une bonne surprise. Il a fallu qu\u2019Axel R. repasse par les ge\u00f4les du palais de justice de Nice, le temps de se calmer, pour revenir ensuite \u00e9couter la sentence compl\u00e8te. Un final agit\u00e9, \u00e0 l\u2019image de son attitude g\u00e9n\u00e9rale.<\/p>\n<p class=\"fs-5 \">Magistrats, avocats, conseillers d\u2019insertion et de probation&#8230; Axel R., 50 ans dans quelques jours, en veut \u00e0 beaucoup de monde. En particulier \u00e0 ceux qui portent une robe noire. Ce pr\u00e9venu \u00e9gocentr\u00e9, au profil conspirationniste, se pr\u00e9sente comme victime de la soci\u00e9t\u00e9. Mais mercredi, c\u2019est la soci\u00e9t\u00e9 qui est venue lui demander des comptes.<\/p>\n<p class=\"fs-5 \">La victime, la vraie, n\u2019est ni pr\u00e9sente, ni repr\u00e9sent\u00e9e. Me Corentin Delobel est lui-m\u00eame avocat au barreau de Nice. C\u2019est lui qui a \u00e9t\u00e9 menac\u00e9 de mort par Axel R., entre octobre 2024 et d\u00e9cembre 2025, \u00e0 longueur d\u2019appels masqu\u00e9s, de SMS et de mails malveillants. Trop c\u2019est trop : l\u2019avocat s\u2019est r\u00e9solu \u00e0 d\u00e9poser plainte et \u00e0 se constituer partie civile. Mais il n\u2019a pas souhait\u00e9 assister au proc\u00e8s ; il en avait d\u00e9j\u00e0 suffisamment entendu.<\/p>\n<p>                                                                                D\u00e9j\u00e0 incarc\u00e9r\u00e9 pour un pr\u00e9c\u00e9dent<\/p>\n<p class=\"fs-5 \">Que lui reproche donc Axel R. ? De ne pas avoir agi dans le sens qu\u2019il souhaitait. Certes, il avait mandat\u00e9 Me Delobel pour d\u00e9fendre les int\u00e9r\u00eats de sa m\u00e8re &#8211; et les siens, pensait-il. Mais l\u2019\u00e9tat de vuln\u00e9rabilit\u00e9 de sa m\u00e8re a conduit la justice \u00e0 la placer sous tutelle, et \u00e0 la confier \u00e0 un Ehpad sans en informer Axel R. L\u2019int\u00e9ress\u00e9 ne l\u2019a pas support\u00e9.<\/p>\n<p class=\"fs-5 \">C\u2019est alors que d\u00e9bute le calvaire de Me Delobel. Mais il n\u2019est pas le seul. Juge des tutelles, magistrate du parquet&#8230; De nombreux intervenants ont eu droit aux insultes et menaces d\u2019Axel R. \u00c0 l\u2019instar de son pr\u00e9c\u00e9dent avocat. Ce qui lui a d\u00e9j\u00e0 valu de passer quatre mois en d\u00e9tention.<\/p>\n<p class=\"fs-5 \">En d\u00e9but de semaine, Axel R. est bri\u00e8vement repass\u00e9 par la case prison. Les policiers l\u2019ont interpell\u00e9 au domicile de sa m\u00e8re, \u00e0 Nice-Ouest, o\u00f9 il s\u2019est install\u00e9 entretemps. Une garde \u00e0 vue et une expertise psychiatrique plus tard, le voici jug\u00e9 pour \u00ab envois r\u00e9it\u00e9r\u00e9s de messages malveillants \u00bb et \u00ab menace de mort \u00e0 l\u2019encontre d\u2019un avocat \u00bb. L\u2019expert n\u2019a pas constat\u00e9 d\u2019abolition du discernement.<\/p>\n<p class=\"fs-5 \">\u00c0 d\u00e9faut, Me H\u00e9l\u00e8ne Badea plaide l\u2019acc\u00e8s de col\u00e8re, pour expliquer l\u2019agressivit\u00e9 de ce client ing\u00e9rable. Le procureur Anthony Carello requiert 18 mois de prison ferme. Le tribunal s\u2019en tient \u00e0 12 mois &#8211; une peine am\u00e9nageable. Axel R. a l\u2019interdiction de contacter Me Delobel pendant trois ans. Et il doit lui verser, \u00e0 titre de d\u00e9dommagement, l\u2019euro symbolique que r\u00e9clamait l\u2019avocat.<\/p>\n","protected":false},"excerpt":{"rendered":"Dommage : la derni\u00e8re partie lui r\u00e9servait une bonne surprise. Il a fallu qu\u2019Axel R. repasse par les&hellip;\n","protected":false},"author":2,"featured_media":625394,"comment_status":"","ping_status":"","sticky":false,"template":"","format":"standard","meta":{"footnotes":""},"categories":[2819],"tags":[1111,11,1777,674,1011,27,12,2401,882,25],"class_list":{"0":"post-625393","1":"post","2":"type-post","3":"status-publish","4":"format-standard","5":"has-post-thumbnail","7":"category-nice","8":"tag-actu","9":"tag-actualites","10":"tag-eu","11":"tag-europe","12":"tag-fr","13":"tag-france","14":"tag-news","15":"tag-nice","16":"tag-provence-alpes-cote-dazur","17":"tag-republique-francaise"},"share_on_mastodon":{"url":"https:\/\/pubeurope.com\/@fr\/115792101161527667","error":""},"_links":{"self":[{"href":"https:\/\/www.europesays.com\/fr\/wp-json\/wp\/v2\/posts\/625393","targetHints":{"allow":["GET"]}}],"collection":[{"href":"https:\/\/www.europesays.com\/fr\/wp-json\/wp\/v2\/posts"}],"about":[{"href":"https:\/\/www.europesays.com\/fr\/wp-json\/wp\/v2\/types\/post"}],"author":[{"embeddable":true,"href":"https:\/\/www.europesays.com\/fr\/wp-json\/wp\/v2\/users\/2"}],"replies":[{"embeddable":true,"href":"https:\/\/www.europesays.com\/fr\/wp-json\/wp\/v2\/comments?post=625393"}],"version-history":[{"count":0,"href":"https:\/\/www.europesays.com\/fr\/wp-json\/wp\/v2\/posts\/625393\/revisions"}],"wp:featuredmedia":[{"embeddable":true,"href":"https:\/\/www.europesays.com\/fr\/wp-json\/wp\/v2\/media\/625394"}],"wp:attachment":[{"href":"https:\/\/www.europesays.com\/fr\/wp-json\/wp\/v2\/media?parent=625393"}],"wp:term":[{"taxonomy":"category","embeddable":true,"href":"https:\/\/www.europesays.com\/fr\/wp-json\/wp\/v2\/categories?post=625393"},{"taxonomy":"post_tag","embeddable":true,"href":"https:\/\/www.europesays.com\/fr\/wp-json\/wp\/v2\/tags?post=625393"}],"curies":[{"name":"wp","href":"https:\/\/api.w.org\/{rel}","templated":true}]}}