{"id":625395,"date":"2025-12-27T14:53:16","date_gmt":"2025-12-27T14:53:16","guid":{"rendered":"https:\/\/www.europesays.com\/fr\/625395\/"},"modified":"2025-12-27T14:53:16","modified_gmt":"2025-12-27T14:53:16","slug":"a-nice-ces-eglises-que-vous-croyez-connaitre-cachent-des-histoires-etonnantes-du-port-a-la-vieille-ville","status":"publish","type":"post","link":"https:\/\/www.europesays.com\/fr\/625395\/","title":{"rendered":"\u00c0 Nice, ces \u00e9glises que vous croyez conna\u00eetre cachent des histoires \u00e9tonnantes, du Port \u00e0 la Vieille-Ville"},"content":{"rendered":"<p><strong>Voyager \u00e0\u00a0Nice, c\u2019est aussi apercevoir sur son parcours de tr\u00e8s nombreuses chapelles et \u00e9glises\u00a0: dans les quartiers du Port, de Saint-Roch et de la Vieille-Ville, rendez-vous avec des chemins in\u00e9dits et ces histoires locales parfois m\u00e9connues.<\/strong><\/p>\n<p>Promenade des Anglais, Villa Mass\u00e9na, cath\u00e9drale Saint-Nicolas\u2026 La liste des points d\u2019int\u00e9r\u00eat absolument incontournables pourrait s\u2019allonger, \u00e0\u00a0Nice, sur des lignes et des lignes\u00a0!\u00a0<\/p>\n<p>Mais visiter la Baie des Anges, c\u2019est \u00e9galement s\u2019aventurer \u00e0\u00a0travers des ruelles plus discr\u00e8tes et quitter les sentiers battus, pr\u00e8s d\u2019\u00e9glises et de chapelles aux multiples anecdotes.<\/p>\n<p><a href=\"https:\/\/espacelympia.departement06.fr\/agenda\/brigitte-mylene-et-michele-les-petites-cheries-de-la-cote-dazur\" data-wpel-link=\"external\" target=\"_blank\" rel=\"external noopener noreferrer\"><img loading=\"lazy\" decoding=\"async\" width=\"300\" height=\"300\" src=\"https:\/\/www.europesays.com\/fr\/wp-content\/uploads\/2025\/12\/APWeb_LPC_300x300_YB_300-x-300.jpg\" alt=\"\" class=\"wp-image-262664\"\/><\/a><\/p>\n<p>Dans <a href=\"https:\/\/nicepresse.com\/on-vous-a-prepare-un-chemin-des-chapelles-a-ne-pas-manquer-dans-le-vieux-nice\/?utm_source=chatgpt.com\" data-wpel-link=\"internal\" target=\"_blank\" rel=\"noopener\">le Vieux-Nice<\/a>, par exemple, l\u2019\u00e9difice de la Tr\u00e8s-Sainte-Trinit\u00e9 et du Saint-Suaire s\u2019est relev\u00e9 de son saccage durant la R\u00e9volution fran\u00e7aise. Reb\u00e2ti d\u00e8s 1824 gr\u00e2ce aux dons du roi Charles-F\u00e9lix, il a\u00a0\u00e9t\u00e9 d\u00e9cor\u00e9 par Paul-\u00c9mile Barberi, grand architecte ni\u00e7ois. La chapelle est reli\u00e9e aux P\u00e9nitents rouges, une fusion de trois confr\u00e9ries, Saint-Nom-de-J\u00e9sus, Saint-Esprit et Saint-Suaire.<\/p>\n<p>Saint-S\u00e9pulcre, indissociable de la place Garibaldi<\/p>\n<p><img loading=\"lazy\" decoding=\"async\" width=\"1120\" height=\"630\" src=\"https:\/\/www.europesays.com\/fr\/wp-content\/uploads\/2025\/12\/7-1-1120x630.jpg\" alt=\"7 1\" class=\"wp-image-180567\" title=\"\u00c0 Nice, ces \u00e9glises que vous croyez conna\u00eetre cachent des histoires \u00e9tonnantes, du Port \u00e0 la Vieille-Ville 1\"  \/>[Illustration &#8211; iStock\/\u00a9 Getty Images]<\/p>\n<p>Indissociable de la place Garibaldi, la chapelle du <a href=\"https:\/\/nicepresse.com\/nice-la-sublime-chapelle-de-la-place-garibaldi-rouvrira-dans-quelques-jours-on-vous-la-fait-visiter-apres-4-ans-de-chantier\/\" data-wpel-link=\"internal\" target=\"_blank\" rel=\"noopener\">Saint-S\u00e9pulcre<\/a>, li\u00e9e aux P\u00e9nitents bleus, tr\u00f4ne au coeur de l\u2019un des palazzi \u00e0\u00a0l\u2019italienne, face \u00e0\u00a0la fontaine. Rares sont les touristes \u00e0\u00a0se douter de sa pr\u00e9sence. Elle fut r\u00e9nov\u00e9e il y\u00a0a peu\u00a0: <a href=\"https:\/\/nicepresse.com\/nice-la-sublime-chapelle-de-la-place-garibaldi-rouvrira-dans-quelques-jours-on-vous-la-fait-visiter-apres-4-ans-de-chantier\/\" data-wpel-link=\"internal\" target=\"_blank\" rel=\"noopener\">Nice-Presse vous faisait d\u00e9couvrir les r\u00e9sultats<\/a> du chantier avec ce reportage.<\/p>\n<p>La porte de cette chapelle est le \u00ab\u00a0point z\u00e9ro\u00a0\u00bb de la route de Turin. Elle s\u2019ach\u00e8ve place du Palais Royal, en Italie.\u00a0<\/p>\n<p><img loading=\"lazy\" decoding=\"async\" width=\"1120\" height=\"630\" src=\"https:\/\/www.europesays.com\/fr\/wp-content\/uploads\/2025\/12\/1-1120x630.jpg\" alt=\"1\" class=\"wp-image-165946\" title=\"\u00c0 Nice, ces \u00e9glises que vous croyez conna\u00eetre cachent des histoires \u00e9tonnantes, du Port \u00e0 la Vieille-Ville 2\"  \/>(Photo \u00a9 Romain Boisaubert\/Nice-Presse)<\/p>\n<p>Au <a href=\"https:\/\/nicepresse.com\/nice-eglise-notre-dame-monument-zoom-sur-ces-edifices-charges-dhistoire-au-port-lympia\/?utm_source=chatgpt.com\" data-wpel-link=\"internal\" target=\"_blank\" rel=\"noopener\">Port Lympia<\/a>, les \u00e9glises ont de belles histoires \u00e0\u00a0raconter. Notre-Dame-du-Port en est la principale illustration. Elle s\u2019\u00e9l\u00e8ve majestueusement sur la place \u00cele-de-Beaut\u00e9, faisant face au bassin. Un \u00e9l\u00e9ment essentiel de la cit\u00e9 qui est en plus inscrit aux monuments historiques depuis 1991.<\/p>\n<p>\u00ab\u00a0Chaque ann\u00e9e, la procession de la F\u00eate de la Saint-Pierre, organis\u00e9e par les corporations de p\u00eacheurs, d\u00e9bute par une messe au sein de l\u2019\u00e9difice. Une \u00e9glise dont l\u2019imposante fa\u00e7ade c\u00f4t\u00e9 mer pr\u00e9sente un style n\u00e9o-classique, caract\u00e9ris\u00e9 par des colonnes ioniques faisant penser \u00e0\u00a0la Gr\u00e8ce antique, mais aussi un portique et un fronton. On y\u00a0retrouve une d\u00e9dicace en latin\u00a0: \u2018Maria sine labe concepta O.P.N\u2019, ou \u2018Marie immacul\u00e9e, priez pour\u00a0nous\u2019.\u00bb<\/p>\n<p>La mythique \u00e9glise Saint-Roch<\/p>\n<blockquote class=\"instagram-media\" data-instgrm-permalink=\"https:\/\/www.instagram.com\/p\/COyQsFPjebC\/?utm_source=ig_embed&amp;utm_campaign=loading\" data-instgrm-version=\"14\" style=\" background:#FFF; border:0; border-radius:3px; box-shadow:0 0 1px 0 rgba(0,0,0,0.5),0 1px 10px 0 rgba(0,0,0,0.15); margin: 1px; max-width:540px; min-width:326px; padding:0; width:99.375%; width:-webkit-calc(100% - 2px); width:calc(100% - 2px);\"\/>\n<p>Potentiellement tout aussi mythique, <a href=\"https:\/\/nicepresse.com\/nice-bombardement-lustre-mysterieux-les-secrets-de-leglise-saint-roch\/?utm_source=chatgpt.com\" data-wpel-link=\"internal\" target=\"_blank\" rel=\"noopener\">l\u2019\u00e9glise baroque\u00a0de Saint-Roch<\/a> est une \u00ab\u00a0miracul\u00e9e\u00a0\u00bb. Elle a\u00a0r\u00e9sist\u00e9 aux bombes en mai 1944, pendant la Seconde Guerre mondiale.\u00a0Une attaque a\u00e9rienne am\u00e9ricaine qui a\u00a0\u00e9videmment ab\u00eem\u00e9 cette enceinte, bien qu\u2019elle soit rest\u00e9e en partie debout.<\/p>\n<p>Enti\u00e8rement restaur\u00e9e sur la fin du XXe si\u00e8cle, c\u2019est \u00e0\u00a0cette \u00e9poque qu\u2019elle a\u00a0adopt\u00e9 sa fa\u00e7ade en trompe-l\u2019\u0153il, avec ses graffites typiques des b\u00e2tisses religieuses du\u00a0comt\u00e9.<\/p>\n<p>Il faut d\u2019ailleurs savoir qu\u2019avant cet \u00e9difice, une premi\u00e8re chapelle avait \u00e9t\u00e9 construite sur cet emplacement. Un \u00e9pisode qui faisait suite \u00e0\u00a0une s\u00e9v\u00e8re \u00e9pid\u00e9mie de peste qui a\u00a0touch\u00e9 la C\u00f4te d\u2019Azur en 1631. Les r\u00e9sidents ont alors d\u00e9cid\u00e9 de d\u00e9dier un site pour honorer les pestif\u00e9r\u00e9s. Trop petite au fil des ans, elle fut d\u00e9truite, remplac\u00e9e puis agrandie \u00e0\u00a0plusieurs reprises, jusqu\u2019\u00e0 nos\u00a0jours.<\/p>\n<p>\t<script async src=\"\/\/www.instagram.com\/embed.js\"><\/script><\/p>\n","protected":false},"excerpt":{"rendered":"Voyager \u00e0\u00a0Nice, c\u2019est aussi apercevoir sur son parcours de tr\u00e8s nombreuses chapelles et \u00e9glises\u00a0: dans les quartiers du&hellip;\n","protected":false},"author":2,"featured_media":625396,"comment_status":"","ping_status":"","sticky":false,"template":"","format":"standard","meta":{"footnotes":""},"categories":[2819],"tags":[1111,11,1777,674,1011,27,12,2401,882,25],"class_list":{"0":"post-625395","1":"post","2":"type-post","3":"status-publish","4":"format-standard","5":"has-post-thumbnail","7":"category-nice","8":"tag-actu","9":"tag-actualites","10":"tag-eu","11":"tag-europe","12":"tag-fr","13":"tag-france","14":"tag-news","15":"tag-nice","16":"tag-provence-alpes-cote-dazur","17":"tag-republique-francaise"},"share_on_mastodon":{"url":"https:\/\/pubeurope.com\/@fr\/115792106280780625","error":""},"_links":{"self":[{"href":"https:\/\/www.europesays.com\/fr\/wp-json\/wp\/v2\/posts\/625395","targetHints":{"allow":["GET"]}}],"collection":[{"href":"https:\/\/www.europesays.com\/fr\/wp-json\/wp\/v2\/posts"}],"about":[{"href":"https:\/\/www.europesays.com\/fr\/wp-json\/wp\/v2\/types\/post"}],"author":[{"embeddable":true,"href":"https:\/\/www.europesays.com\/fr\/wp-json\/wp\/v2\/users\/2"}],"replies":[{"embeddable":true,"href":"https:\/\/www.europesays.com\/fr\/wp-json\/wp\/v2\/comments?post=625395"}],"version-history":[{"count":0,"href":"https:\/\/www.europesays.com\/fr\/wp-json\/wp\/v2\/posts\/625395\/revisions"}],"wp:featuredmedia":[{"embeddable":true,"href":"https:\/\/www.europesays.com\/fr\/wp-json\/wp\/v2\/media\/625396"}],"wp:attachment":[{"href":"https:\/\/www.europesays.com\/fr\/wp-json\/wp\/v2\/media?parent=625395"}],"wp:term":[{"taxonomy":"category","embeddable":true,"href":"https:\/\/www.europesays.com\/fr\/wp-json\/wp\/v2\/categories?post=625395"},{"taxonomy":"post_tag","embeddable":true,"href":"https:\/\/www.europesays.com\/fr\/wp-json\/wp\/v2\/tags?post=625395"}],"curies":[{"name":"wp","href":"https:\/\/api.w.org\/{rel}","templated":true}]}}