{"id":625407,"date":"2025-12-27T15:06:25","date_gmt":"2025-12-27T15:06:25","guid":{"rendered":"https:\/\/www.europesays.com\/fr\/625407\/"},"modified":"2025-12-27T15:06:25","modified_gmt":"2025-12-27T15:06:25","slug":"que-faire-a-lille-et-dans-ses-alentours-ce-dimanche-28-decembre-voici-nos-10-idees-de-sorties","status":"publish","type":"post","link":"https:\/\/www.europesays.com\/fr\/625407\/","title":{"rendered":"Que faire \u00e0 Lille et dans ses alentours ce dimanche 28 d\u00e9cembre ? Voici nos 10 id\u00e9es de sorties"},"content":{"rendered":"<p>                    Par<br \/>\n        <strong><br \/>\n            <a href=\"https:\/\/actu.fr\/auteur\/nicolas-demollien\" title=\"Consulter tous les articles de Nicolas Demollien\" target=\"_blank\" rel=\"noopener\">Nicolas Demollien<\/a><br \/>\n                    <\/strong><\/p>\n<p>        Publi\u00e9 le<\/p>\n<p>            27 d\u00e9c. 2025 \u00e0 15h22        <\/p>\n<p>Comment occuper votre dernier <b>repos dominical<\/b> de l\u2019ann\u00e9e ? Que ce soit \u00e0 <a href=\"https:\/\/actu.fr\/hauts-de-france\/lille_59350\" target=\"_blank\" rel=\"noopener\">Lille<\/a> (Nord) ou dans ses alentours, nous avons s\u00e9lectionn\u00e9 <b>10 id\u00e9es de sorties<\/b> pour vous aider un passer d\u2019agr\u00e9ables moments ce <b>dimanche 28 d\u00e9cembre 2025<\/b>. Et il y en a pour tous les go\u00fbts !<\/p>\n<p>10 id\u00e9es de sorties \u00e0 Lille pour dimanche 28 d\u00e9cembre 2025<\/p>\n<ul class=\" wall-content\">\n<li><a href=\"https:\/\/actu.fr\/hauts-de-france\/le-cateau-cambresis_59136\/apres-les-travaux-dagrandissement-matisse-de-retour-chez-lui-en-son-musee-du-cateau-cambresis_61977808.html\" target=\"_blank\" rel=\"noopener\">Apr\u00e8s les travaux d\u2019agrandissement, Matisse de retour chez lui en son mus\u00e9e du Cateau-Cambr\u00e9sis<\/a><\/li>\n<\/ul>\n<p class=\" wall-content\">C\u2019est un mus\u00e9e Matisse agrandi et modernis\u00e9, qui a rouvert ses portes au Cateau-Cambr\u00e9sis (Nord). Ses \u0153uvres ont, pendant les travaux, voyag\u00e9 jusqu\u2019en Asie. Visite.<\/p>\n<ul class=\" wall-content\">\n<li><a href=\"https:\/\/actu.fr\/hauts-de-france\/arras_62041\/cinq-marches-de-noel-du-nord-pas-de-calais-encore-ouverts-apres-le-25-decembre_63614038.html\" target=\"_blank\" rel=\"noopener\">Cinq march\u00e9s de No\u00ebl du Nord \u2013 Pas-de-Calais encore ouverts apr\u00e8s le 25 d\u00e9cembre<\/a><\/li>\n<\/ul>\n<p class=\" wall-content\">Les balades dans les march\u00e9s de No\u00ebl ne se terminent pas forc\u00e9ment le 24. Certaines \u00ab\u00a0\u2009villes\u2009\u00a0\u00bb th\u00e9matiques restent ouvertes apr\u00e8s le 25\u00a0d\u00e9cembre 2025, dans le Nord \u2013 Pas-de-Calais.<\/p>\n<ul class=\" wall-content\">\n<li><a href=\"https:\/\/actu.fr\/hauts-de-france\/boulogne-sur-mer_62160\/noel-a-nausicaa-des-animations-a-ne-pas-manquer-au-plus-grand-aquarium-deurope-jusquen-janvier_63490472.html\" target=\"_blank\" rel=\"noopener\">No\u00ebl \u00e0 Nausica\u00e1 : des animations \u00e0 ne pas manquer au plus grand aquarium d\u2019Europe jusqu\u2019en janvier<\/a><\/li>\n<\/ul>\n<p class=\" wall-content\">Le plus grand aquarium d\u2019Europe se met aux couleurs de No\u00ebl. Voici ce qui attend les visiteurs au Naussic\u00e1 de Boulogne-sur-Mer (Pas-de-Calais) jusqu\u2019au 6\u00a0janvier 2026.<\/p>\n<p>Votre r\u00e9gion, votre actu !<\/p>\n<p>Recevez chaque jour les infos qui comptent pour vous.<\/p>\n<p>\t<a href=\"https:\/\/actu.fr\/newsletter\" class=\"ac-btn ac-btn--corner ac-btn--medium ac-btn--blue800\" target=\"_blank\" rel=\"noopener\">S&rsquo;incrire<\/a><\/p>\n<ul class=\" wall-content\">\n<li><a href=\"https:\/\/actu.fr\/hauts-de-france\/tourcoing_59599\/tourcoing-plongez-dans-lunivers-de-ce-jeu-video-mondialement-connu-dans-une-exposition_63610536.html\" target=\"_blank\" rel=\"noopener\">Tourcoing. Plongez dans l\u2019univers de ce jeu vid\u00e9o mondialement connu dans une exposition<\/a><\/li>\n<\/ul>\n<p class=\" wall-content\">Red\u00e9couvrir la ville de Bagdad \u00e0 travers son histoire et\u2026 \u00e0 la mani\u00e8re d\u2019Assassin\u2019s Creed\u2009! C\u2019est ce qui vous est propos\u00e9 jusqu\u2019\u00e0 d\u00e9but f\u00e9vrier\u00a02026 \u00e0 l\u2019IMA de Tourcoing (Nord).<\/p>\n<ul class=\" wall-content\">\n<li><a href=\"https:\/\/actu.fr\/hauts-de-france\/dunkerque_59183\/avec-sa-plage-et-ses-villas-ce-petit-coin-de-paradis-a-une-heure-de-lille_59625858.html\" target=\"_blank\" rel=\"noopener\">Avec sa plage et ses villas, ce petit coin de paradis \u00e0 une heure de Lille<\/a><\/li>\n<\/ul>\n<p class=\" wall-content\">Ce territoire du Nord est un tr\u00e9sor architectural et un petit coin de paradis avec sa magnifique plage. Le tout \u00e0 seulement une petite heure de Lille !<\/p>\n<ul class=\" wall-content\">\n<li><a href=\"https:\/\/actu.fr\/hauts-de-france\/lille_59350\/a-lille-une-experience-immersive-en-realite-virtuelle-fait-revivre-lepopee-de-napoleon_63593579.html\" target=\"_blank\" rel=\"noopener\">\u00c0 Lille, une exp\u00e9rience immersive en r\u00e9alit\u00e9 virtuelle fait revivre l\u2019\u00e9pop\u00e9e de Napol\u00e9on<\/a><\/li>\n<\/ul>\n<p class=\" wall-content\">Envie de faire un bond dans le pass\u00e9 ? Direction le Follow Park des Tanneurs \u00e0 Lille pour revivre l\u2019\u00e9pop\u00e9e de Napol\u00e9on avec la r\u00e9alit\u00e9 virtuelle. Instructif et ludique \u00e0 la fois.<\/p>\n<ul class=\" wall-content\">\n<li><a href=\"https:\/\/actu.fr\/hauts-de-france\/marcq-en-baroeul_59378\/une-des-plus-belles-patinoires-de-noel-de-la-metropole-de-lille-ouvre-ses-portes-ce-samedi_63516630.html\" target=\"_blank\" rel=\"noopener\">Une des plus belles patinoires de No\u00ebl de la m\u00e9tropole de Lille a ouvert ses portes<\/a><\/li>\n<\/ul>\n<p class=\" wall-content\">Elle est ind\u00e9niablement l\u2019une des plus belles de la m\u00e9tropole de Lille (Nord). Ce samedi 6\u00a0d\u00e9cembre 2025, la patinoire de No\u00ebl de Marcq-en-Bar\u0153ul va ouvrir ses portes. D\u00e9tails.<\/p>\n<ul class=\" wall-content\">\n<li><a href=\"https:\/\/actu.fr\/hauts-de-france\/lille_59350\/lille-quatre-parcours-immersifs-et-decors-de-cinema-sur-1200-m%c2%b2-devenez-le-heros-dune-aventure-fantastique_63492821.html\" target=\"_blank\" rel=\"noopener\">Lille. Quatre parcours immersifs et d\u00e9cors de cin\u00e9ma sur 1200 m\u00b2 : devenez le h\u00e9ros d\u2019une aventure fantastique<\/a><\/li>\n<\/ul>\n<p class=\" wall-content\">\u00c0 Lille, Inside Game transforme 1\u2009200 m\u00b2 du centre commercial Lillenium en univers fantastiques o\u00f9 les visiteurs, guid\u00e9s par des com\u00e9diens, vivent une aventure grandeur nature.<\/p>\n<ul class=\" wall-content\">\n<li><a href=\"https:\/\/actu.fr\/hauts-de-france\/pecquencourt_59456\/sur-les-traces-de-labbaye-danchin-a-40-minutes-de-lille-une-belle-disparue-reincarnee_63157781.html\" target=\"_blank\" rel=\"noopener\">Sur les traces de l\u2019abbaye d\u2019Anchin \u00e0 40 minutes de Lille : une belle disparue r\u00e9incarn\u00e9e<\/a><\/li>\n<\/ul>\n<p class=\" wall-content\">Une histoire de pr\u00e8s de 1000 ans \u00e0 40 minutes de Lille (Nord). On vous raconte l\u2019histoire incroyable de l\u2019abbaye d\u2019Anchin devenue institut de formation. D\u00e9tails.<\/p>\n<ul class=\" wall-content\">\n<li><a href=\"https:\/\/actu.fr\/hauts-de-france\/le-quesnoy_59481\/a-moins-dune-heure-de-lille-decouvrez-la-seule-petite-cite-de-caractere-du-nord_60710690.html\" target=\"_blank\" rel=\"noopener\">A moins d\u2019une heure de Lille, d\u00e9couvrez la seule petite cit\u00e9 de caract\u00e8re du Nord<\/a><\/li>\n<\/ul>\n<p class=\" wall-content\">Elle saura \u00e0 coup s\u00fbr vous subjuguer. Le Nord ne compte qu\u2019une seule ville labellis\u00e9e \u00ab\u00a0Petite cit\u00e9 de caract\u00e8re\u00a0\u00bb et elle se trouve \u00e0 moins d\u2019une heure de Lille. D\u00e9tails.<\/p>\n<p class=\" wall-content\">Personnalisez votre actualit\u00e9 en ajoutant vos villes et m\u00e9dias en favori avec <a href=\"https:\/\/moncompte.actu.fr\" title=\"D\u00e9couvez Mon Actu\" rel=\"nofollow noopener\" data-trk=\"{&quot;cta&quot;:{&quot;action&quot;:&quot;https:\\\/\\\/moncompte.actu.fr&quot;,&quot;category&quot;:&quot;mon compte&quot;,&quot;from&quot;:&quot;article footer&quot;,&quot;name&quot;:&quot;Mon actu&quot;,&quot;type&quot;:&quot;cta&quot;}}\" target=\"_blank\">Mon Actu<\/a>.<\/p>\n","protected":false},"excerpt":{"rendered":"Par Nicolas Demollien Publi\u00e9 le 27 d\u00e9c. 2025 \u00e0 15h22 Comment occuper votre dernier repos dominical de l\u2019ann\u00e9e&hellip;\n","protected":false},"author":2,"featured_media":625408,"comment_status":"","ping_status":"","sticky":false,"template":"","format":"standard","meta":{"footnotes":""},"categories":[2815],"tags":[1111,11,1777,674,1011,27,811,1307,1652,12,25],"class_list":{"0":"post-625407","1":"post","2":"type-post","3":"status-publish","4":"format-standard","5":"has-post-thumbnail","7":"category-lille","8":"tag-actu","9":"tag-actualites","10":"tag-eu","11":"tag-europe","12":"tag-fr","13":"tag-france","14":"tag-hauts-de-france","15":"tag-lille","16":"tag-loisirs-culture","17":"tag-news","18":"tag-republique-francaise"},"share_on_mastodon":{"url":"https:\/\/pubeurope.com\/@fr\/115792156175794976","error":""},"_links":{"self":[{"href":"https:\/\/www.europesays.com\/fr\/wp-json\/wp\/v2\/posts\/625407","targetHints":{"allow":["GET"]}}],"collection":[{"href":"https:\/\/www.europesays.com\/fr\/wp-json\/wp\/v2\/posts"}],"about":[{"href":"https:\/\/www.europesays.com\/fr\/wp-json\/wp\/v2\/types\/post"}],"author":[{"embeddable":true,"href":"https:\/\/www.europesays.com\/fr\/wp-json\/wp\/v2\/users\/2"}],"replies":[{"embeddable":true,"href":"https:\/\/www.europesays.com\/fr\/wp-json\/wp\/v2\/comments?post=625407"}],"version-history":[{"count":0,"href":"https:\/\/www.europesays.com\/fr\/wp-json\/wp\/v2\/posts\/625407\/revisions"}],"wp:featuredmedia":[{"embeddable":true,"href":"https:\/\/www.europesays.com\/fr\/wp-json\/wp\/v2\/media\/625408"}],"wp:attachment":[{"href":"https:\/\/www.europesays.com\/fr\/wp-json\/wp\/v2\/media?parent=625407"}],"wp:term":[{"taxonomy":"category","embeddable":true,"href":"https:\/\/www.europesays.com\/fr\/wp-json\/wp\/v2\/categories?post=625407"},{"taxonomy":"post_tag","embeddable":true,"href":"https:\/\/www.europesays.com\/fr\/wp-json\/wp\/v2\/tags?post=625407"}],"curies":[{"name":"wp","href":"https:\/\/api.w.org\/{rel}","templated":true}]}}