{"id":625411,"date":"2025-12-27T15:08:14","date_gmt":"2025-12-27T15:08:14","guid":{"rendered":"https:\/\/www.europesays.com\/fr\/625411\/"},"modified":"2025-12-27T15:08:14","modified_gmt":"2025-12-27T15:08:14","slug":"10-joueurs-du-psg-et-le-marseillais-greenwood-dans-lequipe-type-de-lannee","status":"publish","type":"post","link":"https:\/\/www.europesays.com\/fr\/625411\/","title":{"rendered":"10 joueurs du PSG et&#8230; le Marseillais Greenwood dans l&rsquo;Equipe type de l&rsquo;ann\u00e9e"},"content":{"rendered":"<p>Chaque ann\u00e9e, le journal l&rsquo;Equipe dresse le 11 type de Ligue 1 de la saison pass\u00e9e. Pas moins de dix joueurs du PSG forment l&rsquo;\u00e9quipe&#8230; et un Marseillais\u00a0: Mason Greenwood.  <\/p>\n<p>Le journal\u00a0L&rsquo;\u00c9quipe\u00a0a salu\u00e9 la saison des Parisiens, et n&rsquo;est pas pass\u00e9 loin d&rsquo;un carton plein, avec dix joueurs. <strong>Au poste d&rsquo;ailier droit&#8230;<\/strong>\u00a0<a target=\"_blank\" rel=\"nofollow noopener noreferrer\" class=\"IciLink ici-link IciArticleLink g-ici-body-regular-1 underline brand svelte-1chfe2s\" href=\"https:\/\/www.lequipe.fr\/Football\/Actualites\/Equipe-type-ligue-1-2025-avec-10-joueurs-sur-11-le-psg-proche-du-grand-chelem\/1629640\"><strong>un marseillais sauve la mise<\/strong>\u00a0: Mason Greenwood<\/a>.<\/p>\n<p>Le joueur de l&rsquo;OM est en t\u00eate du classement des buteurs de la saison pass\u00e9e avec Ousmane Demb\u00e9l\u00e9 <strong>(21 buts inscrits en Ligue 1<\/strong>). L&rsquo;OM a termin\u00e9 <strong>2e du classement<\/strong> de Ligue 1 de l&rsquo;exercice 2024-2025. Mason Greenwood a d\u00e9j\u00e0 inscrit <strong>11\u00a0buts en 15 matches lors de la saison actuellement en cours,<\/strong> il est cette fois seul en t\u00eate du classement des buteurs.<\/p>\n<p>En d\u00e9cembre dernier, lors d&rsquo;une conf\u00e9rence de presse d&rsquo;avant match, Roberto De Zerbi avait dit qu&rsquo;il \u00ab\u00a0<strong>voyait Greenwood comme un ballon d&rsquo;or<\/strong>\u00ab\u00a0. Puisse l&rsquo;avenir donner raison au coach, pour les supporters de l&rsquo;OM\u00a0!<\/p>\n<p>\u00c0 lire aussi   <img decoding=\"async\" src=\"https:\/\/www.europesays.com\/fr\/wp-content\/uploads\/2025\/12\/1766848094_12_400x400\" alt=\"\" style=\"--_image-preview:url('data:image\/jpeg;base64,\/9j\/2wBDACgcHiMeGSgjISMtKygwPGRBPDc3PHtYXUlkkYCZlo+AjIqgtObDoKrarYqMyP\/L2u71\/\/\/\/m8H\/\/\/\/6\/+b9\/\/j\/2wBDASstLTw1PHZBQXb4pYyl+Pj4+Pj4+Pj4+Pj4+Pj4+Pj4+Pj4+Pj4+Pj4+Pj4+Pj4+Pj4+Pj4+Pj4+Pj4+Pj4+Pj\/wAARCAAXACoDASIAAhEBAxEB\/8QAGAAAAwEBAAAAAAAAAAAAAAAAAAIDAQT\/xAAYEAEBAQEBAAAAAAAAAAAAAAAAAQIREv\/EABUBAQEAAAAAAAAAAAAAAAAAAAAB\/8QAFBEBAAAAAAAAAAAAAAAAAAAAAP\/aAAwDAQACEQMRAD8AlMm8tzDyKJ3JLl0WE1FHPcl4tqE4C2aeUBBvS0AE9FARH\/\/Z');\" loading=\"lazy\" fetchpriority=\"low\" aria-hidden=\"true\" class=\"svelte-1cksh76 rounded\" onload=\"this.__e=event\" onerror=\"this.__e=event\"\/> (function(w, d) {     if (w.FB &#038;&#038; w.FB.XFBML &#038;&#038; w.FB.XFBML.parse) {         if (&lsquo;undefined&rsquo; == typeof w.__fbTimeout) {             w.__fbTimeout = setTimeout(function() {                 w.FB.XFBML.parse();                 w.__fbTimeout = undefined;             }, 1000);         }     } else if (&lsquo;undefined&rsquo; == typeof w.__fbTimeout) {         if (d.querySelectorAll(&lsquo;#fb-root&rsquo;).length === 0) {             var fbRoot = d.createElement(&lsquo;div&rsquo;);             fbRoot.id = &lsquo;fb-root&rsquo;;             d.querySelector(&lsquo;body&rsquo;).append(fbRoot);         }         if (d.querySelectorAll(&lsquo;#facebook-jssdk&rsquo;).length === 0) {             var fbScript = d.createElement(&lsquo;script&rsquo;);             fbScript.id = &lsquo;facebook-jssdk&rsquo;;             fbScript.src=\u00a0\u00bb\/\/connect.facebook.net\/fr_FR\/sdk.js#xfbml=1&#038;version=v2.8&#038;appId=593991304071705&Prime;;             fbScript.async = 1;             d.querySelector(&lsquo;head&rsquo;).append(fbScript);         }     } })(window, window.document); \\u003C\/script>\\\u00a0\u00bb,\\\u00a0\u00bbprovider\\\u00a0\u00bb:\\\u00a0\u00bbfacebook\\\u00a0\u00bb,\\\u00a0\u00bbdidomiPurposes\\\u00a0\u00bb:\\\u00a0\u00bbPour afficher ce contenu Facebook, vous devez accepter les cookies \\u003Cb>R\u00e9seaux Sociaux\\u003C\/b>.\\u003Cbr>\\u003Cbr>Ces cookies permettent de partager ou r\u00e9agir directement sur les r\u00e9seaux sociaux auxquels vous \u00eates connect\u00e9s ou d&rsquo;int\u00e9grer du contenu initialement post\u00e9 sur ces r\u00e9seaux sociaux. Ils permettent aussi aux r\u00e9seaux sociaux d&rsquo;utiliser vos visites sur nos sites et applications \u00e0 des fins de personnalisation et de ciblage publicitaire.\\\u00a0\u00bb,\\\u00a0\u00bbdidomiVendorId\\\u00a0\u00bb:\\\u00a0\u00bbc:facebookc-rgacRMQm\\\u00a0\u00bb}},{\\\u00a0\u00bbtype\\\u00a0\u00bb:\\\u00a0\u00bbtext\\\u00a0\u00bb,\\\u00a0\u00bbchildren\\\u00a0\u00bb:[{\\\u00a0\u00bbtype\\\u00a0\u00bb:\\\u00a0\u00bbtext\\\u00a0\u00bb,\\\u00a0\u00bbvalue\\\u00a0\u00bb:\\\u00a0\u00bbLe joueur de l&rsquo;OM est en t\u00eate du classement des buteurs de la saison pass\u00e9e avec Ousmane Demb\u00e9l\u00e9 \\u003Cstrong>(21 buts inscrits en Ligue 1\\u003C\/strong>). L&rsquo;OM a termin\u00e9 \\u003Cstrong>2e du classement\\u003C\/strong> de Ligue 1 de l&rsquo;exercice 2024-2025. Mason Greenwood a d\u00e9j\u00e0 inscrit \\u003Cstrong>11\u00a0buts en 15 matches lors de la saison actuellement en cours,\\u003C\/strong> il est cette fois seul en t\u00eate du classement des buteurs.\\\u00a0\u00bb}]},{\\\u00a0\u00bbtype\\\u00a0\u00bb:\\\u00a0\u00bbtext\\\u00a0\u00bb,\\\u00a0\u00bbchildren\\\u00a0\u00bb:[{\\\u00a0\u00bbtype\\\u00a0\u00bb:\\\u00a0\u00bbtext\\\u00a0\u00bb,\\\u00a0\u00bbvalue\\\u00a0\u00bb:\\\u00a0\u00bbEn d\u00e9cembre dernier, lors d&rsquo;une conf\u00e9rence de presse d&rsquo;avant match, Roberto De Zerbi avait dit qu&rsquo;il \\\\\\\u00a0\u00bb\\u003Cem>\\u003Cstrong>voyait Greenwood comme un ballon d&rsquo;or\\u003C\/strong>\\u003C\/em>\\\\\\\u00a0\u00bb. Puisse l&rsquo;avenir donner raison au coach, pour les supporters de l&rsquo;OM\u00a0!\\\u00a0\u00bb}]},{\\\u00a0\u00bbtype\\\u00a0\u00bb:\\\u00a0\u00bbbounce\\\u00a0\u00bb,\\\u00a0\u00bbdata\\\u00a0\u00bb:{\\\u00a0\u00bbtitle\\\u00a0\u00bb:\\\u00a0\u00bbCoupe de France\u00a0: Qualification en beaut\u00e9 de l&rsquo;OM contre Bourg-en-Bresse-P\u00e9ronnas (0-6) !\\\u00a0\u00bb,\\\u00a0\u00bbpath\\\u00a0\u00bb:\\\u00a0\u00bbsports\/football\/direct-suivez-sur-ici-provence-l-entree-de-l-om-en-coupe-de-france-contre-bourg-peronnas-5622502\\\u00a0\u00bb,\\\u00a0\u00bbvisual\\\u00a0\u00bb:{\\\u00a0\u00bbid\\\u00a0\u00bb:\\\u00a0\u00bb08044e3c-9620-439e-a837-9454e20ef271\\\u00a0\u00bb,\\\u00a0\u00bbpreview\\\u00a0\u00bb:\\\u00a0\u00bb\/9j\/2wBDACgcHiMeGSgjISMtKygwPGRBPDc3PHtYXUlkkYCZlo+AjIqgtObDoKrarYqMyP\/L2u71\/\/\/\/m8H\/\/\/\/6\/+b9\/\/j\/2wBDASstLTw1PHZBQXb4pYyl+Pj4+Pj4+Pj4+Pj4+Pj4+Pj4+Pj4+Pj4+Pj4+Pj4+Pj4+Pj4+Pj4+Pj4+Pj4+Pj4+Pj\/wAARCAAXACoDASIAAhEBAxEB\/8QAGAAAAwEBAAAAAAAAAAAAAAAAAAIDAQT\/xAAYEAEBAQEBAAAAAAAAAAAAAAAAAQIREv\/EABUBAQEAAAAAAAAAAAAAAAAAAAAB\/8QAFBEBAAAAAAAAAAAAAAAAAAAAAP\/aAAwDAQACEQMRAD8AlMm8tzDyKJ3JLl0WE1FHPcl4tqE4C2aeUBBvS0AE9FARH\/\/Z\\\u00a0\u00bb},\\\u00a0\u00bbpublishedDate\\\u00a0\u00bb:\\\u00a0\u00bb21\/12\/2025\\\u00a0\u00bb,\\\u00a0\u00bbmedia\\\u00a0\u00bb:null,\\\u00a0\u00bbduration\\\u00a0\u00bb:null,\\\u00a0\u00bblocation\\\u00a0\u00bb:\\\u00a0\u00bbMarseille\\\u00a0\u00bb}}]}},\\\u00a0\u00bbdisplay\\\u00a0\u00bb:{\\\u00a0\u00bbhighBanner\\\u00a0\u00bb:true}}\u00a0\u00bb}<\/p>\n","protected":false},"excerpt":{"rendered":"Chaque ann\u00e9e, le journal l&rsquo;Equipe dresse le 11 type de Ligue 1 de la saison pass\u00e9e. Pas moins&hellip;\n","protected":false},"author":2,"featured_media":625412,"comment_status":"","ping_status":"","sticky":false,"template":"","format":"standard","meta":{"footnotes":""},"categories":[2814],"tags":[1111,11,1777,674,1011,27,884,12,882,25],"class_list":{"0":"post-625411","1":"post","2":"type-post","3":"status-publish","4":"format-standard","5":"has-post-thumbnail","7":"category-marseille","8":"tag-actu","9":"tag-actualites","10":"tag-eu","11":"tag-europe","12":"tag-fr","13":"tag-france","14":"tag-marseille","15":"tag-news","16":"tag-provence-alpes-cote-dazur","17":"tag-republique-francaise"},"share_on_mastodon":{"url":"https:\/\/pubeurope.com\/@fr\/115792164767659149","error":""},"_links":{"self":[{"href":"https:\/\/www.europesays.com\/fr\/wp-json\/wp\/v2\/posts\/625411","targetHints":{"allow":["GET"]}}],"collection":[{"href":"https:\/\/www.europesays.com\/fr\/wp-json\/wp\/v2\/posts"}],"about":[{"href":"https:\/\/www.europesays.com\/fr\/wp-json\/wp\/v2\/types\/post"}],"author":[{"embeddable":true,"href":"https:\/\/www.europesays.com\/fr\/wp-json\/wp\/v2\/users\/2"}],"replies":[{"embeddable":true,"href":"https:\/\/www.europesays.com\/fr\/wp-json\/wp\/v2\/comments?post=625411"}],"version-history":[{"count":0,"href":"https:\/\/www.europesays.com\/fr\/wp-json\/wp\/v2\/posts\/625411\/revisions"}],"wp:featuredmedia":[{"embeddable":true,"href":"https:\/\/www.europesays.com\/fr\/wp-json\/wp\/v2\/media\/625412"}],"wp:attachment":[{"href":"https:\/\/www.europesays.com\/fr\/wp-json\/wp\/v2\/media?parent=625411"}],"wp:term":[{"taxonomy":"category","embeddable":true,"href":"https:\/\/www.europesays.com\/fr\/wp-json\/wp\/v2\/categories?post=625411"},{"taxonomy":"post_tag","embeddable":true,"href":"https:\/\/www.europesays.com\/fr\/wp-json\/wp\/v2\/tags?post=625411"}],"curies":[{"name":"wp","href":"https:\/\/api.w.org\/{rel}","templated":true}]}}