{"id":625421,"date":"2025-12-27T15:15:20","date_gmt":"2025-12-27T15:15:20","guid":{"rendered":"https:\/\/www.europesays.com\/fr\/625421\/"},"modified":"2025-12-27T15:15:20","modified_gmt":"2025-12-27T15:15:20","slug":"un-homme-sans-domicile-fixe-retrouve-mort-dans-lincendie-dun-box-dans-un-parking-souterrain-a-paris","status":"publish","type":"post","link":"https:\/\/www.europesays.com\/fr\/625421\/","title":{"rendered":"Un homme sans domicile fixe retrouv\u00e9 mort dans l&rsquo;incendie d&rsquo;un box dans un parking souterrain \u00e0 Paris"},"content":{"rendered":"<p class=\"mb-4 text-lg md:leading-8 break-words\">Une enqu\u00eate a \u00e9t\u00e9 ouverte apr\u00e8s la d\u00e9couverte du corps d&rsquo;un homme sans-abri samedi matin par les pompiers qui intervenaient dans l&rsquo;incendie d&rsquo;un box dans un parking souterrain du 13e arrondissement de <a data-i13n=\"cpos:1;pos:1\" href=\"https:\/\/fr.news.yahoo.com\/lon-sait-lhomme-soup%C3%A7onn%C3%A9-davoir-065719135.html\" data-ylk=\"slk:Paris;cpos:1;pos:1;elm:context_link;itc:0;sec:content-canvas;outcm:mb_qualified_link;_E:mb_qualified_link;ct:story;\" class=\"link  yahoo-link\" target=\"_blank\" rel=\"noopener\">Paris<\/a>, a-t-on appris aupr\u00e8s du parquet.<\/p>\n<p class=\"mb-4 text-lg md:leading-8 break-words\">\u00ab\u00a0Une enqu\u00eate en recherche des causes de la mort a \u00e9t\u00e9 confi\u00e9e au commissariat du 13e arrondissement apr\u00e8s la d\u00e9couverte du corps sans vie d&rsquo;une personne sans domicile fixe, d\u00e9c\u00e9d\u00e9e dans un incendie qui semble s&rsquo;\u00eatre d\u00e9clar\u00e9 dans un parking situ\u00e9 avenue de Choisy\u00a0\u00bb, dans le sud de la capitale, a indiqu\u00e9 le parquet de Paris, sollicit\u00e9 par l&rsquo;AFP.<\/p>\n<p class=\"mb-4 text-lg md:leading-8 break-words\">\u00ab\u00a0Les investigations visant \u00e0 comprendre les circonstances et le d\u00e9roulement des faits sont en cours\u00a0\u00bb, a-t-il ajout\u00e9.<\/p>\n<p>La mairie de Paris demande le plan grand froid<\/p>\n<p class=\"mb-4 text-lg md:leading-8 break-words\">Le <a data-i13n=\"cpos:2;pos:1\" href=\"https:\/\/www.bfmtv.com\/societe\/video-a-paris-le-secours-populaire-demande-l-activation-du-plan-grand-froid_VN-202512270028.html\" rel=\"nofollow noopener\" target=\"_blank\" data-ylk=\"slk:plan grand froid;cpos:2;pos:1;elm:context_link;itc:0;sec:content-canvas\" class=\"link \">plan grand froid<\/a> n&rsquo;a pas \u00e9t\u00e9 activ\u00e9 en Ile-de-France, o\u00f9 les temp\u00e9ratures sont n\u00e9gatives la nuit et oscillent entre 3\u00b0 et 5\u00b0 le jour. La mairie de Paris a appel\u00e9 vendredi l&rsquo;\u00c9tat \u00e0 d\u00e9clencher \u00ab\u00a0sans attendre\u00a0\u00bb ce plan grand froid, en alertant sur la situation \u00ab\u00a0dramatique\u00a0\u00bb des plusieurs milliers de sans-abri.<\/p>\n<p class=\"mb-4 text-lg md:leading-8 break-words\">La pr\u00e9fecture d&rsquo;Ile-de-France a assur\u00e9 \u00eatre \u00ab\u00a0largement\u00a0\u00bb mobilis\u00e9e depuis le 23 d\u00e9cembre, \u00ab\u00a0en lien avec les op\u00e9rateurs et les acteurs de la veille sociale\u00a0\u00bb, \u00ab\u00a0pour intensifier l&rsquo;accompagnement des publics en situation de rue\u00a0\u00bb.<\/p>\n<p class=\"mb-4 text-lg md:leading-8 break-words\"><a data-i13n=\"cpos:3;pos:1\" href=\"https:\/\/www.bfmtv.com\/police-justice\/un-homme-sans-domicile-fixe-retrouve-mort-dans-l-incendie-d-un-box-dans-un-parking-souterrain-a-paris_AD-202512270181.html#xtor=AL-68\" rel=\"nofollow noopener\" target=\"_blank\" data-ylk=\"slk:Article original publi\u00e9 sur BFMTV.com;cpos:3;pos:1;elm:context_link;itc:0;sec:content-canvas\" class=\"link \">Article original publi\u00e9 sur BFMTV.com<\/a><\/p>\n","protected":false},"excerpt":{"rendered":"Une enqu\u00eate a \u00e9t\u00e9 ouverte apr\u00e8s la d\u00e9couverte du corps d&rsquo;un homme sans-abri samedi matin par les pompiers&hellip;\n","protected":false},"author":2,"featured_media":625422,"comment_status":"","ping_status":"","sticky":false,"template":"","format":"standard","meta":{"footnotes":""},"categories":[1888],"tags":[73476,1111,1928,11,1927,3763,1777,674,1011,27,2381,12,1926,626,1925,41175,73314,25],"class_list":{"0":"post-625421","1":"post","2":"type-post","3":"status-publish","4":"format-standard","5":"has-post-thumbnail","7":"category-paris","8":"tag-13e-arrondissement","9":"tag-actu","10":"tag-actu-paris","11":"tag-actualites","12":"tag-actualites-paris","13":"tag-decouverte-du-corps","14":"tag-eu","15":"tag-europe","16":"tag-fr","17":"tag-france","18":"tag-mairie-de-paris","19":"tag-news","20":"tag-news-paris","21":"tag-paris","22":"tag-paris-news","23":"tag-parking-souterrain","24":"tag-plan-grand-froid","25":"tag-republique-francaise"},"share_on_mastodon":{"url":"https:\/\/pubeurope.com\/@fr\/115792191517639997","error":""},"_links":{"self":[{"href":"https:\/\/www.europesays.com\/fr\/wp-json\/wp\/v2\/posts\/625421","targetHints":{"allow":["GET"]}}],"collection":[{"href":"https:\/\/www.europesays.com\/fr\/wp-json\/wp\/v2\/posts"}],"about":[{"href":"https:\/\/www.europesays.com\/fr\/wp-json\/wp\/v2\/types\/post"}],"author":[{"embeddable":true,"href":"https:\/\/www.europesays.com\/fr\/wp-json\/wp\/v2\/users\/2"}],"replies":[{"embeddable":true,"href":"https:\/\/www.europesays.com\/fr\/wp-json\/wp\/v2\/comments?post=625421"}],"version-history":[{"count":0,"href":"https:\/\/www.europesays.com\/fr\/wp-json\/wp\/v2\/posts\/625421\/revisions"}],"wp:featuredmedia":[{"embeddable":true,"href":"https:\/\/www.europesays.com\/fr\/wp-json\/wp\/v2\/media\/625422"}],"wp:attachment":[{"href":"https:\/\/www.europesays.com\/fr\/wp-json\/wp\/v2\/media?parent=625421"}],"wp:term":[{"taxonomy":"category","embeddable":true,"href":"https:\/\/www.europesays.com\/fr\/wp-json\/wp\/v2\/categories?post=625421"},{"taxonomy":"post_tag","embeddable":true,"href":"https:\/\/www.europesays.com\/fr\/wp-json\/wp\/v2\/tags?post=625421"}],"curies":[{"name":"wp","href":"https:\/\/api.w.org\/{rel}","templated":true}]}}