{"id":625423,"date":"2025-12-27T15:16:16","date_gmt":"2025-12-27T15:16:16","guid":{"rendered":"https:\/\/www.europesays.com\/fr\/625423\/"},"modified":"2025-12-27T15:16:16","modified_gmt":"2025-12-27T15:16:16","slug":"un-huis-clos-avec-leur-bebe-a-paris-le-quotidien-sans-repit-des-jeunes-parents-sans-famille-a-proximite","status":"publish","type":"post","link":"https:\/\/www.europesays.com\/fr\/625423\/","title":{"rendered":"\u00ab\u00a0Un huis clos avec leur b\u00e9b\u00e9\u00a0\u00bb\u00a0: \u00e0 Paris, le quotidien sans r\u00e9pit des jeunes parents sans famille \u00e0 proximit\u00e9"},"content":{"rendered":"<p class=\"paragraph text_align_left lp-f-body-02\">Leur nouveau-n\u00e9, bien emmitoufl\u00e9 dans son porte-b\u00e9b\u00e9, Adam et Christelle (les pr\u00e9noms ont \u00e9t\u00e9 chang\u00e9s), respectivement \u00e2g\u00e9s de 35 et 30 ans, profitent de la sieste de leur b\u00e9b\u00e9 pour prendre l\u2019air, le long du bassin de la Villette (XIXe arrondissement de<a href=\"https:\/\/www.leparisien.fr\/paris-75\/\" target=\"_self\" rel=\"noopener\"> Paris<\/a>). Aujourd\u2019hui, ils vont mieux, il y a la fatigue des nuits hach\u00e9es, bien s\u00fbr, mais les difficult\u00e9s des d\u00e9buts s\u2019\u00e9loignent peu \u00e0 peu.<\/p>\n<p class=\"\">\u00ab Mon <a href=\"https:\/\/www.leparisien.fr\/sentinelles\/maternite-la-depression-post-partum-cette-inconnue-si-repandue-07-04-2021-7H3LWN2KKZHZPNMVGTGS6DPVBA.php\" target=\"_self\" rel=\"noopener\">post-partum <\/a>a \u00e9t\u00e9 tr\u00e8s compliqu\u00e9 \u00bb, confie la jeune m\u00e8re avec retenue. Pendant l\u2019accouchement, en ao\u00fbt, elle a fait une h\u00e9morragie de la d\u00e9livrance et v\u00e9cu des complications qu\u2019elle pr\u00e9f\u00e8re taire.<\/p>\n","protected":false},"excerpt":{"rendered":"Leur nouveau-n\u00e9, bien emmitoufl\u00e9 dans son porte-b\u00e9b\u00e9, Adam et Christelle (les pr\u00e9noms ont \u00e9t\u00e9 chang\u00e9s), respectivement \u00e2g\u00e9s de&hellip;\n","protected":false},"author":2,"featured_media":625424,"comment_status":"","ping_status":"","sticky":false,"template":"","format":"standard","meta":{"footnotes":""},"categories":[1888],"tags":[11,1777,674,1011,27,1944,12,626,25,104],"class_list":{"0":"post-625423","1":"post","2":"type-post","3":"status-publish","4":"format-standard","5":"has-post-thumbnail","7":"category-paris","8":"tag-actualites","9":"tag-eu","10":"tag-europe","11":"tag-fr","12":"tag-france","13":"tag-ma-ville","14":"tag-news","15":"tag-paris","16":"tag-republique-francaise","17":"tag-societe"},"share_on_mastodon":{"url":"https:\/\/pubeurope.com\/@fr\/115792195437923578","error":""},"_links":{"self":[{"href":"https:\/\/www.europesays.com\/fr\/wp-json\/wp\/v2\/posts\/625423","targetHints":{"allow":["GET"]}}],"collection":[{"href":"https:\/\/www.europesays.com\/fr\/wp-json\/wp\/v2\/posts"}],"about":[{"href":"https:\/\/www.europesays.com\/fr\/wp-json\/wp\/v2\/types\/post"}],"author":[{"embeddable":true,"href":"https:\/\/www.europesays.com\/fr\/wp-json\/wp\/v2\/users\/2"}],"replies":[{"embeddable":true,"href":"https:\/\/www.europesays.com\/fr\/wp-json\/wp\/v2\/comments?post=625423"}],"version-history":[{"count":0,"href":"https:\/\/www.europesays.com\/fr\/wp-json\/wp\/v2\/posts\/625423\/revisions"}],"wp:featuredmedia":[{"embeddable":true,"href":"https:\/\/www.europesays.com\/fr\/wp-json\/wp\/v2\/media\/625424"}],"wp:attachment":[{"href":"https:\/\/www.europesays.com\/fr\/wp-json\/wp\/v2\/media?parent=625423"}],"wp:term":[{"taxonomy":"category","embeddable":true,"href":"https:\/\/www.europesays.com\/fr\/wp-json\/wp\/v2\/categories?post=625423"},{"taxonomy":"post_tag","embeddable":true,"href":"https:\/\/www.europesays.com\/fr\/wp-json\/wp\/v2\/tags?post=625423"}],"curies":[{"name":"wp","href":"https:\/\/api.w.org\/{rel}","templated":true}]}}