{"id":62543,"date":"2025-04-29T19:23:10","date_gmt":"2025-04-29T19:23:10","guid":{"rendered":"https:\/\/www.europesays.com\/fr\/62543\/"},"modified":"2025-04-29T19:23:10","modified_gmt":"2025-04-29T19:23:10","slug":"om-les-olympiens-partis-a-rome-deja-tournes-vers-le-match-crucial-a-lille","status":"publish","type":"post","link":"https:\/\/www.europesays.com\/fr\/62543\/","title":{"rendered":"OM. Les Olympiens, partis \u00e0 Rome, d\u00e9j\u00e0 tourn\u00e9s vers le match crucial \u00e0 Lille"},"content":{"rendered":"<p><a href=\"https:\/\/www.laprovence.com\/article\/om\/18357698199446\/pourquoi-lom-retourne-a-rome-avant-le-deplacement-a-lille\" target=\"_blank\" rel=\"nofollow noopener\">L\u2019acte\u00a0II du ritiro<\/a> a d\u00e9marr\u00e9 mardi soir, avec la nouvelle migration de la d\u00e9l\u00e9gation de l\u2019OM vers Rome, et <a href=\"https:\/\/www.laprovence.com\/article\/om\/1777473695023814\/hotel-de-luxe-centre-dentrainement-dernier-cri-voila-ce-qui-attend-lom-pour-son-stage-de-cohesion-a-rome\" target=\"_blank\" rel=\"nofollow noopener\">cette mise au vert<\/a> va s\u2019\u00e9tirer jusqu\u2019\u00e0 la fin de la semaine avant de voir l\u2019OM mettre le cap sur Lille pour un duel d\u00e9terminant. Le succ\u00e8s avec la mani\u00e8re acquis contre Brest (4-1) a \u00e9t\u00e9 c\u00e9l\u00e9br\u00e9 comme il se doit, m\u00eame si le clan olympien savait pertinemment que la bagarre pour une qualification directe en Ligue des champions, si elle \u00e9tait mieux engag\u00e9e, n\u2019\u00e9tait pas encore gagn\u00e9e. Les chances pour la bande \u00e0 Roberto De Zerbi de terminer dans le trio de t\u00eate s\u2019\u00e9l\u00e8vent d\u00e9sormais \u00e0 71,4% d\u2019apr\u00e8s le statisticien Opta, \u00e0 86,2% si on \u00e9largit le champ \u00e0 l\u2019une des quatre premi\u00e8res places.<\/p>\n<p>Apr\u00e8s avoir c\u00e9l\u00e9br\u00e9 cette victoire entre eux dans l\u2019intimit\u00e9 du vestiaire, Leonardo Balerdi et ses partenaires ont ralli\u00e9 le salon des familles du V\u00e9lodrome pour recevoir de nouvelles f\u00e9licitations. Suspendus de vestiaire, Pablo Longoria et Medhi Benatia ont pris la parole pour f\u00e9liciter leurs troupes, prenant la roue du technicien italien. Les louanges ne se sont pas arr\u00eat\u00e9es l\u00e0. Frank McCourt, de nouveau install\u00e9 <a href=\"https:\/\/www.laprovence.com\/article\/om\/3164002400473314\/info-la-provence-om-frank-mccourt-de-retour-a-marseille-ce-dimanche-pour-la-reception-de-brest\" target=\"_blank\" rel=\"nofollow noopener\">dans la corbeille du Vel&rsquo;pour la deuxi\u00e8me fois au cours de ce mois d\u2019avril<\/a>, a savour\u00e9. Pr\u00e9sent dans le vestiaire o\u00f9 il a chaudement compliment\u00e9 <a href=\"https:\/\/www.laprovence.com\/article\/om\/6234877274075614\/om-avant-amine-gouiri-face-a-brest-qui-etait-le-dernier-joueur-marseillais-a-avoir-inscrit-un-triple-en-ligue-1\" target=\"_blank\" rel=\"nofollow noopener\">Amine Gouiri<\/a> pour son tripl\u00e9, le propri\u00e9taire de l\u2019OM a de nouveau pris la parole. Il a tenu \u00e0 mettre en avant le fighting spirit dont les joueurs avaient fait preuve.<\/p>\n<p>Diakhit\u00e9 suspendu<\/p>\n<p>Tous les regards sont tourn\u00e9s vers Lille, d\u00e9sormais, qui s\u2019avance vers le rendez-vous majuscule de dimanche bard\u00e9 d\u2019une confiance n\u00e9e de trois succ\u00e8s cons\u00e9cutifs dont le dernier \u00e0 Angers, dimanche. L\u2019\u00e9quipe driv\u00e9e par Bruno Genesio a appris \u00e0 jouer et \u00e0 gagner sans son maestro <a href=\"https:\/\/www.laprovence.com\/article\/om\/1898872292102114\/om-lille-les-3-choses-a-savoir-sur-le-match\" target=\"_blank\" rel=\"nofollow noopener\">Edon Zhegrova<\/a>, toujours handicap\u00e9 par une pubalgie tenace qui le tient \u00e9loign\u00e9 des terrains depuis\u2026 le match aller au V\u00e9lodrome, le 14\u00a0d\u00e9cembre.<\/p>\n<p>Si la saison d\u2019Ethan Mbapp\u00e9, touch\u00e9e aux ischios dans le Maine-et-Loire, est termin\u00e9e, si Tiago Santos reste en r\u00e9athl\u00e9tisation, le LOSC, qui a repris l\u2019entra\u00eenement ce mardi, va devoir composer sans l\u2019un de ses piliers d\u00e9fensifs. Exclu \u00e0 Angers, Bafod\u00e9 Diakhit\u00e9 va rater la r\u00e9ception de l\u2019OM, ce qui devait d\u00e9j\u00e0 \u00eatre le cas apr\u00e8s avoir accumul\u00e9 trois avertissements en moins de dix sorties. Buteur au Vel&rsquo;lors d\u2019<a href=\"https:\/\/www.laprovence.com\/article\/om\/21917692403414\/direct-laprovence-direct-om-lille-la-passe-de-4-pour-la-derniere-de-2024-au-velodrome-suivez-lavant-match\" target=\"_blank\" rel=\"nofollow noopener\">une rencontre tr\u00e8s intense<\/a>, le solide d\u00e9fenseur form\u00e9 \u00e0 Toulouse n\u2019a manqu\u00e9 qu\u2019un seul match, cette saison, la r\u00e9ception du\u00a0Havre, conclue par une d\u00e9faite nordiste (1-2). Un coup dur pour la deuxi\u00e8me meilleure d\u00e9fense de l\u2019\u00e9lite hexagonale (32 buts encaiss\u00e9s). Genesio devrait le remplacer par A\u00efssa Mandi.<\/p>\n<p><img alt=\"\" loading=\"lazy\" width=\"18\" height=\"18\" decoding=\"async\" data-nimg=\"1\" class=\"mx-[8px]\" style=\"color:transparent\" src=\"https:\/\/www.europesays.com\/fr\/wp-content\/uploads\/2025\/04\/comment.b95dda91.svg.svg+xml\"\/>D\u00e9marrez la conversation<\/p>\n<p class=\"text-[1.8rem] mt-[32px]\">Votre opinion compte pour nous. Rejoignez la communaut\u00e9 laprovence.com en r\u00e9agissant sur l&rsquo;article OM. Les Olympiens, partis \u00e0 Rome, d\u00e9j\u00e0 tourn\u00e9s vers le match crucial \u00e0 Lille.<\/p>\n","protected":false},"excerpt":{"rendered":"L\u2019acte\u00a0II du ritiro a d\u00e9marr\u00e9 mardi soir, avec la nouvelle migration de la d\u00e9l\u00e9gation de l\u2019OM vers Rome,&hellip;\n","protected":false},"author":2,"featured_media":62544,"comment_status":"","ping_status":"","sticky":false,"template":"","format":"standard","meta":{"footnotes":""},"categories":[2815],"tags":[17,1111,11,1442,1777,674,1011,27,811,151,1307,12,12072,149,3848,25,3499,16032],"class_list":{"0":"post-62543","1":"post","2":"type-post","3":"status-publish","4":"format-standard","5":"has-post-thumbnail","7":"category-lille","8":"tag-17","9":"tag-actu","10":"tag-actualites","11":"tag-deja","12":"tag-eu","13":"tag-europe","14":"tag-fr","15":"tag-france","16":"tag-hauts-de-france","17":"tag-les","18":"tag-lille","19":"tag-news","20":"tag-olympiens","21":"tag-om","22":"tag-partis","23":"tag-republique-francaise","24":"tag-rome","25":"tag-tournes"},"share_on_mastodon":{"url":"https:\/\/pubeurope.com\/@fr\/114422887607197029","error":""},"_links":{"self":[{"href":"https:\/\/www.europesays.com\/fr\/wp-json\/wp\/v2\/posts\/62543","targetHints":{"allow":["GET"]}}],"collection":[{"href":"https:\/\/www.europesays.com\/fr\/wp-json\/wp\/v2\/posts"}],"about":[{"href":"https:\/\/www.europesays.com\/fr\/wp-json\/wp\/v2\/types\/post"}],"author":[{"embeddable":true,"href":"https:\/\/www.europesays.com\/fr\/wp-json\/wp\/v2\/users\/2"}],"replies":[{"embeddable":true,"href":"https:\/\/www.europesays.com\/fr\/wp-json\/wp\/v2\/comments?post=62543"}],"version-history":[{"count":0,"href":"https:\/\/www.europesays.com\/fr\/wp-json\/wp\/v2\/posts\/62543\/revisions"}],"wp:featuredmedia":[{"embeddable":true,"href":"https:\/\/www.europesays.com\/fr\/wp-json\/wp\/v2\/media\/62544"}],"wp:attachment":[{"href":"https:\/\/www.europesays.com\/fr\/wp-json\/wp\/v2\/media?parent=62543"}],"wp:term":[{"taxonomy":"category","embeddable":true,"href":"https:\/\/www.europesays.com\/fr\/wp-json\/wp\/v2\/categories?post=62543"},{"taxonomy":"post_tag","embeddable":true,"href":"https:\/\/www.europesays.com\/fr\/wp-json\/wp\/v2\/tags?post=62543"}],"curies":[{"name":"wp","href":"https:\/\/api.w.org\/{rel}","templated":true}]}}