{"id":625433,"date":"2025-12-27T15:21:13","date_gmt":"2025-12-27T15:21:13","guid":{"rendered":"https:\/\/www.europesays.com\/fr\/625433\/"},"modified":"2025-12-27T15:21:13","modified_gmt":"2025-12-27T15:21:13","slug":"son-transfert-en-angleterre-assure-pour-pres-dun-milliard-deuros","status":"publish","type":"post","link":"https:\/\/www.europesays.com\/fr\/625433\/","title":{"rendered":"son transfert en Angleterre assur\u00e9 pour pr\u00e8s d\u2019un milliard d\u2019euros"},"content":{"rendered":"<p>\n    La tapisserie de Bayeux sera expos\u00e9e \u00e0 Londres de septembre\u00a02026 \u00e0 juillet\u00a02027, dans le cadre d\u2019un pr\u00eat historique de la France au Royaume-Uni. Selon le Financial Times, le Tr\u00e9sor britannique va couvrir le pr\u00eat \u00e0 hauteur de 800\u00a0millions de livres.<\/p>\n<p class=\"fig-paragraph\">Pour permettre d\u2019assurer le transport de la\u00a0<a href=\"http:\/\/www.lefigaro.fr\/culture\/patrimoine\/tapisserie-de-bayeux-le-voyage-en-angleterre-sera-organise-a-blanc-avec-un-fac-simile-20250922\" data-fig-type=\"Article\" data-gtm-custom-categorie=\"navigation\" data-gtm-custom-action=\"crossclick\" data-gtm-custom-label=\"Contextuel\" data-gtm-event=\"customEventSPE\" data-fig-domain=\"LEFIGARO\" target=\"_blank\" rel=\"noopener\">Tapisserie de Bayeux<\/a>, chef-d\u2019\u0153uvre m\u00e9di\u00e9val, et son exposition au\u00a0<a href=\"http:\/\/www.lefigaro.fr\/culture\/patrimoine\/lumieres-parcours-le-british-museum-devoile-des-details-sur-les-conditions-d-exposition-de-la-tapisserie-de-bayeux-20251016\" data-fig-type=\"Article\" data-gtm-custom-categorie=\"navigation\" data-gtm-custom-action=\"crossclick\" data-gtm-custom-label=\"Contextuel\" data-gtm-event=\"customEventSPE\" data-fig-domain=\"LEFIGARO\" target=\"_blank\" rel=\"noopener\">British Museum<\/a>, le Royaume-Uni va devoir fournir une garantie estim\u00e9e \u00e0 800 millions de livres sterling, soit 917 millions d\u2019euros.<\/p>\n<p class=\"fig-paragraph\">\u00abLe Tr\u00e9sor public a re\u00e7u une \u00e9valuation estim\u00e9e de la Tapisserie de Bayeux qui a \u00e9t\u00e9 provisoirement approuv\u00e9e\u00bb, a indiqu\u00e9 le gouvernement britannique dans un communiqu\u00e9 ce vendredi 26\u00a0d\u00e9cembre 2025. R\u00e9v\u00e9l\u00e9e par le\u00a0<a href=\"https:\/\/www.ft.com\/content\/ec9ac8eb-adce-43b1-914d-c2a7a381bf0d?utm_social_post_id=634050500&amp;utm_social_handle_id=8860325749&amp;fbclid=IwY2xjawO7nK5leHRuA2FlbQIxMABicmlkETFWYUt5Mm5CZTl4RkNXTDBhc3J0YwZhcHBfaWQQMjIyMDM5MTc4ODIwMDg5MgABHuCndKiBNrNpaq3sTgriZhM88RW6d99_sxB0IePlTqgA7hevDr9YKz6rRk9V_aem_3h7Pt7eyJcL7iIqVXoPLag\" target=\"_blank\" rel=\"sponsored noopener\" data-gtm-custom-categorie=\"navigation\" data-gtm-custom-action=\"crossclick\" data-gtm-custom-label=\"Contextuel\" data-gtm-event=\"customEventSPE\">Financial Times<\/a>, vendredi, cette information doit d\u00e9sormais \u00eatre valid\u00e9e par le minist\u00e8re des Finances britannique.<\/p>\n<p>                                            <a class=\"fig-a11y-skip\" href=\"#fig-a11y-skip-main-inarticle\" data-module=\"a11y-skip\" data-context=\"was @visible\"><br \/>\n    Passer la publicit\u00e9<br \/>\n<\/a>            <\/p>\n<p class=\"fig-paragraph\">D\u2019apr\u00e8s le quotidien britannique, les 800\u00a0millions de livres couvriront la tapisserie contre les dommages ou pertes lors de son transfert de Bayeux \u00e0 Londres et pendant toute la dur\u00e9e de son exposition.<\/p>\n<p class=\"fig-paragraph\">Ce montant repr\u00e9sente plus du double de la valeur de l\u2019\u0153uvre la plus ch\u00e8re jamais vendue aux ench\u00e8res, le \u00abSalvator Mundi\u00bb de L\u00e9onard de Vinci,\u00a0vendue par<a href=\"https:\/\/www.lefigaro.fr\/culture\/encheres\/2017\/11\/16\/03016-20171116ARTFIG00020-ce-tableau-de-leonard-de-vinci-est-la-toile-la-plus-chere-au-monde.php\" data-fig-type=\"Article\" data-gtm-custom-categorie=\"navigation\" data-gtm-custom-action=\"crossclick\" data-gtm-custom-label=\"Contextuel\" data-gtm-event=\"customEventSPE\" data-fig-domain=\"LEFIGARO\" target=\"_blank\" rel=\"noopener\">\u00a0Christie\u2019s en 2017 pour 450 millions de dollars<\/a>.<\/p>\n<p class=\"fig-paragraph\">Depuis l\u2019annonce de ce pr\u00eat par Emmanuel Macron en juillet, la perspective d\u2019un transport longue dur\u00e9e de cette broderie du XIe si\u00e8cle, longue de 70 m\u00e8tres et haute de 50 centim\u00e8tres, fragilis\u00e9e par les ann\u00e9es, inqui\u00e8te des experts et certains d\u00e9fenseurs du patrimoine.<\/p>\n","protected":false},"excerpt":{"rendered":"La tapisserie de Bayeux sera expos\u00e9e \u00e0 Londres de septembre\u00a02026 \u00e0 juillet\u00a02027, dans le cadre d\u2019un pr\u00eat historique&hellip;\n","protected":false},"author":2,"featured_media":625434,"comment_status":"","ping_status":"","sticky":false,"template":"","format":"standard","meta":{"footnotes":""},"categories":[1588],"tags":[11,1777,674,27,12,473,1853,52975,1851,1850,1852],"class_list":{"0":"post-625433","1":"post","2":"type-post","3":"status-publish","4":"format-standard","5":"has-post-thumbnail","7":"category-royaume-uni","8":"tag-actualites","9":"tag-eu","10":"tag-europe","11":"tag-france","12":"tag-news","13":"tag-royaume-uni","14":"tag-royaume-uni-de-grande-bretagne-et-dirlande-du-nord","15":"tag-tapisserie","16":"tag-uk","17":"tag-united-kingdom","18":"tag-united-kingdom-of-great-britain-and-northern-ireland"},"share_on_mastodon":{"url":"https:\/\/pubeurope.com\/@fr\/115792215086849526","error":""},"_links":{"self":[{"href":"https:\/\/www.europesays.com\/fr\/wp-json\/wp\/v2\/posts\/625433","targetHints":{"allow":["GET"]}}],"collection":[{"href":"https:\/\/www.europesays.com\/fr\/wp-json\/wp\/v2\/posts"}],"about":[{"href":"https:\/\/www.europesays.com\/fr\/wp-json\/wp\/v2\/types\/post"}],"author":[{"embeddable":true,"href":"https:\/\/www.europesays.com\/fr\/wp-json\/wp\/v2\/users\/2"}],"replies":[{"embeddable":true,"href":"https:\/\/www.europesays.com\/fr\/wp-json\/wp\/v2\/comments?post=625433"}],"version-history":[{"count":0,"href":"https:\/\/www.europesays.com\/fr\/wp-json\/wp\/v2\/posts\/625433\/revisions"}],"wp:featuredmedia":[{"embeddable":true,"href":"https:\/\/www.europesays.com\/fr\/wp-json\/wp\/v2\/media\/625434"}],"wp:attachment":[{"href":"https:\/\/www.europesays.com\/fr\/wp-json\/wp\/v2\/media?parent=625433"}],"wp:term":[{"taxonomy":"category","embeddable":true,"href":"https:\/\/www.europesays.com\/fr\/wp-json\/wp\/v2\/categories?post=625433"},{"taxonomy":"post_tag","embeddable":true,"href":"https:\/\/www.europesays.com\/fr\/wp-json\/wp\/v2\/tags?post=625433"}],"curies":[{"name":"wp","href":"https:\/\/api.w.org\/{rel}","templated":true}]}}