{"id":625435,"date":"2025-12-27T15:22:14","date_gmt":"2025-12-27T15:22:14","guid":{"rendered":"https:\/\/www.europesays.com\/fr\/625435\/"},"modified":"2025-12-27T15:22:14","modified_gmt":"2025-12-27T15:22:14","slug":"trafic-aerien-perturbe-en-allemagne-apres-le-survol-de-drones-non-identifies","status":"publish","type":"post","link":"https:\/\/www.europesays.com\/fr\/625435\/","title":{"rendered":"Trafic a\u00e9rien perturb\u00e9 en Allemagne apr\u00e8s le survol de drones non identifi\u00e9s"},"content":{"rendered":"<p class=\"ap-StoryElement ap-StoryElement--mb ap-StoryText\">Ces derniers mois, plusieurs a\u00e9roports allemands ont \u00e9t\u00e9 perturb\u00e9s en raison d&rsquo;incidents similaires. La Russie est point\u00e9e du doigt mais aucune preuve n&rsquo;a \u00e9t\u00e9 apport\u00e9e \u00e0 ce stade.<\/p>\n<p><a href=\"https:\/\/www.lalibre.be\/belgique\/2025\/11\/07\/un-pion-silencieux-dans-la-guerre-hybride-une-flotte-fantome-russe-est-elle-a-lorigine-des-drones-suspects-en-belgique-QYFZWZEBTRGFDIVIHOO7W2VNHI\/\" target=\"_self\" class=\"ap-StoryInterstitialLink ap-StoryElement ap-StoryElement--mb\" rel=\"noopener\">\u00ab\u00a0Un pion silencieux dans la guerre hybride\u00a0\u00bb : une flotte fant\u00f4me russe est-elle \u00e0 l&rsquo;origine des drones suspects en Belgique ?<\/a><\/p>\n<p class=\"ap-StoryElement ap-StoryElement--mb ap-StoryText\">D\u00e9but d\u00e9cembre, le chef de la police criminelle f\u00e9d\u00e9rale avait indiqu\u00e9 que plus d&rsquo;un millier de vols suspects de drones avaient \u00e9t\u00e9 signal\u00e9s au cours de l&rsquo;ann\u00e9e 2025 dans le ciel allemand, la plupart du temps au-dessus d&rsquo;a\u00e9roports, de camps militaires ou d&rsquo;autres infrastructures critiques.<\/p>\n","protected":false},"excerpt":{"rendered":"Ces derniers mois, plusieurs a\u00e9roports allemands ont \u00e9t\u00e9 perturb\u00e9s en raison d&rsquo;incidents similaires. La Russie est point\u00e9e du&hellip;\n","protected":false},"author":2,"featured_media":625436,"comment_status":"","ping_status":"","sticky":false,"template":"","format":"standard","meta":{"footnotes":""},"categories":[1587],"tags":[11,296,672,1804,1805,1803,1777,674,1801,12,1802,132,656],"class_list":{"0":"post-625435","1":"post","2":"type-post","3":"status-publish","4":"format-standard","5":"has-post-thumbnail","7":"category-allemagne","8":"tag-actualites","9":"tag-aeronautique","10":"tag-allemagne","11":"tag-bundesrepublik-deutschland","12":"tag-de","13":"tag-deutschland","14":"tag-eu","15":"tag-europe","16":"tag-germany","17":"tag-news","18":"tag-republique-federale-dallemagne","19":"tag-russie","20":"tag-securite"},"share_on_mastodon":{"url":"https:\/\/pubeurope.com\/@fr\/115792219044631514","error":""},"_links":{"self":[{"href":"https:\/\/www.europesays.com\/fr\/wp-json\/wp\/v2\/posts\/625435","targetHints":{"allow":["GET"]}}],"collection":[{"href":"https:\/\/www.europesays.com\/fr\/wp-json\/wp\/v2\/posts"}],"about":[{"href":"https:\/\/www.europesays.com\/fr\/wp-json\/wp\/v2\/types\/post"}],"author":[{"embeddable":true,"href":"https:\/\/www.europesays.com\/fr\/wp-json\/wp\/v2\/users\/2"}],"replies":[{"embeddable":true,"href":"https:\/\/www.europesays.com\/fr\/wp-json\/wp\/v2\/comments?post=625435"}],"version-history":[{"count":0,"href":"https:\/\/www.europesays.com\/fr\/wp-json\/wp\/v2\/posts\/625435\/revisions"}],"wp:featuredmedia":[{"embeddable":true,"href":"https:\/\/www.europesays.com\/fr\/wp-json\/wp\/v2\/media\/625436"}],"wp:attachment":[{"href":"https:\/\/www.europesays.com\/fr\/wp-json\/wp\/v2\/media?parent=625435"}],"wp:term":[{"taxonomy":"category","embeddable":true,"href":"https:\/\/www.europesays.com\/fr\/wp-json\/wp\/v2\/categories?post=625435"},{"taxonomy":"post_tag","embeddable":true,"href":"https:\/\/www.europesays.com\/fr\/wp-json\/wp\/v2\/tags?post=625435"}],"curies":[{"name":"wp","href":"https:\/\/api.w.org\/{rel}","templated":true}]}}