{"id":625447,"date":"2025-12-27T15:29:11","date_gmt":"2025-12-27T15:29:11","guid":{"rendered":"https:\/\/www.europesays.com\/fr\/625447\/"},"modified":"2025-12-27T15:29:11","modified_gmt":"2025-12-27T15:29:11","slug":"gourin-volley-ball-a-organise-un-tournoi-interne-de-noel-au-gymnase-municipal","status":"publish","type":"post","link":"https:\/\/www.europesays.com\/fr\/625447\/","title":{"rendered":"Gourin Volley-ball a organis\u00e9 un tournoi interne de No\u00ebl au gymnase municipal"},"content":{"rendered":"<p>Pour f\u00eater la fin d\u2019ann\u00e9e, le Gourin volley-ball (GVB) a organis\u00e9 un tournoi interne, lundi soir 22 d\u00e9cembre 2025, au gymnase municipal. Trois \u00e9quipes mixtes de six joueurs et joueuses ont \u00e9t\u00e9 compos\u00e9es pour disputer des rencontres dans une ambiance particuli\u00e8rement festive et d\u00e9tendue. \u00ab\u00a0Nous disposons cette saison de 23 licenci\u00e9s avec l\u2019arriv\u00e9e de sept nouveaux. L\u2019effectif n\u2019avait pas \u00e9t\u00e9 aussi \u00e9lev\u00e9 depuis une dizaine d\u2019ann\u00e9es. Nos joueurs et joueuses viennent de Gourin, Roudouallec, Sca\u00ebr, Le Faou\u00ebt, Le Saint, Pl\u00e9vin, Priziac, Guilligomarc\u2019h, Ploun\u00e9v\u00e9zel\u00a0\u00bb, explique Ludovic Collet, le pr\u00e9sident. Le GVB a une \u00e9quipe inscrite dans le groupe trois du championnat corpo VBCQ (Volley-ball Corpo Quimper).<\/p>\n<p>Pour la reprise, le GVB se d\u00e9placera \u00e0 Plon\u00e9our-Lanvern, dans le pays Bigouden, vendredi soir 9 janvier. Le club gourinois annonce aussi qu\u2019il organisera son traditionnel tournoi le dimanche 26 avril. \u00ab\u00a0Ce tournoi sera au profit de l\u2019\u0153uvre des pupilles pour les orphelins des sapeurs-pompiers\u00a0\u00bb, expliquent les dirigeants du GVB.<\/p>\n","protected":false},"excerpt":{"rendered":"Pour f\u00eater la fin d\u2019ann\u00e9e, le Gourin volley-ball (GVB) a organis\u00e9 un tournoi interne, lundi soir 22 d\u00e9cembre&hellip;\n","protected":false},"author":2,"featured_media":625448,"comment_status":"","ping_status":"","sticky":false,"template":"","format":"standard","meta":{"footnotes":""},"categories":[1417],"tags":[1011,27,4222,60,1470,1469],"class_list":{"0":"post-625447","1":"post","2":"type-post","3":"status-publish","4":"format-standard","5":"has-post-thumbnail","7":"category-volley","8":"tag-fr","9":"tag-france","10":"tag-gourin","11":"tag-sports","12":"tag-volley","13":"tag-volleyball"},"share_on_mastodon":{"url":"https:\/\/pubeurope.com\/@fr\/115792246538131699","error":""},"_links":{"self":[{"href":"https:\/\/www.europesays.com\/fr\/wp-json\/wp\/v2\/posts\/625447","targetHints":{"allow":["GET"]}}],"collection":[{"href":"https:\/\/www.europesays.com\/fr\/wp-json\/wp\/v2\/posts"}],"about":[{"href":"https:\/\/www.europesays.com\/fr\/wp-json\/wp\/v2\/types\/post"}],"author":[{"embeddable":true,"href":"https:\/\/www.europesays.com\/fr\/wp-json\/wp\/v2\/users\/2"}],"replies":[{"embeddable":true,"href":"https:\/\/www.europesays.com\/fr\/wp-json\/wp\/v2\/comments?post=625447"}],"version-history":[{"count":0,"href":"https:\/\/www.europesays.com\/fr\/wp-json\/wp\/v2\/posts\/625447\/revisions"}],"wp:featuredmedia":[{"embeddable":true,"href":"https:\/\/www.europesays.com\/fr\/wp-json\/wp\/v2\/media\/625448"}],"wp:attachment":[{"href":"https:\/\/www.europesays.com\/fr\/wp-json\/wp\/v2\/media?parent=625447"}],"wp:term":[{"taxonomy":"category","embeddable":true,"href":"https:\/\/www.europesays.com\/fr\/wp-json\/wp\/v2\/categories?post=625447"},{"taxonomy":"post_tag","embeddable":true,"href":"https:\/\/www.europesays.com\/fr\/wp-json\/wp\/v2\/tags?post=625447"}],"curies":[{"name":"wp","href":"https:\/\/api.w.org\/{rel}","templated":true}]}}