{"id":625453,"date":"2025-12-27T15:35:12","date_gmt":"2025-12-27T15:35:12","guid":{"rendered":"https:\/\/www.europesays.com\/fr\/625453\/"},"modified":"2025-12-27T15:35:12","modified_gmt":"2025-12-27T15:35:12","slug":"nathan-bommenel-il-faut-que-je-me-fasse-confiance-actualite","status":"publish","type":"post","link":"https:\/\/www.europesays.com\/fr\/625453\/","title":{"rendered":"Nathan Bommenel : \u00ab Il faut que je me fasse confiance \u00bb &#8211; Actualit\u00e9"},"content":{"rendered":"<p><strong id=\"docs-internal-guid-597af553-7fff-ed53-7c1f-199be4570712\">Toujours pr\u00e9sent aux alentours de la vingti\u00e8me place en Coupe du Monde depuis le d\u00e9but de la saison, Nathan Bommenel a r\u00e9alis\u00e9 son meilleur r\u00e9sultat de l\u2019hiver dans la comp\u00e9tition vendredi, <a href=\"https:\/\/www.directvelo.com\/epreuve\/49031\/cc-gavere-coupe-du-monde-elite-hommes-2025\" target=\"_blank\" rel=\"noopener\">en prenant place aux portes du Top 15 \u00e0 Gavere<\/a>. Une satisfaction et une belle promesse pour les courses \u00e0 venir. Pr\u00e9sent sur l\u2019\u00e9v\u00e9nement, DirectVelo a recueilli la r\u00e9action du soci\u00e9taire de l\u2019ACT Cycling, quelques minutes apr\u00e8s qu\u2019il en ait termin\u00e9. <br \/><\/strong><\/p>\n<p><strong>DirectVelo : Comment s\u2019est pass\u00e9e ce nouveau rendez-vous international ?<\/strong><br \/>Nathan Bommenel : 16e c\u2019est bien, c\u2019est cool, \u00e7a fait du bien. Je savais que j\u2019\u00e9tais capable de faire de bonnes places comme celle-l\u00e0. Avec deux-trois probl\u00e8mes en moins, le Top 15 \u00e9tait jouable. J\u2019avais un peu froid pendant la course, j\u2019aurais peut-\u00eatre d\u00fb mettre des jambi\u00e8res. Mais globalement, c\u2019est satisfaisant. Je montre que je peux rentrer dans le Top 20 et jouer de plus en plus. La semaine derni\u00e8re d\u00e9j\u00e0, j\u2019avais r\u00e9ussi \u00e0 faire deux fois 22e dans le sable, sachant qu\u2019il faut faire des gros starts dans le sable et que ce n\u2019est pas mon point fort. \u00c7a me satisfait vraiment de faire un bon Top 20.<\/p>\n<p><strong>Sur un circuit rapide \u00e0 Gavere\u2026<\/strong><br \/>Oui, je venais d\u2019ailleurs ici avec la peur du circuit. Il est vraiment dur. D\u2019habitude, c\u2019est gras, il y a beaucoup de portages et on avance tr\u00e8s peu en v\u00e9lo, \u00e7a va tr\u00e8s doucement. Cette fois-ci, c\u2019\u00e9tait vachement rapide, on a fait deux ou trois tours de plus que d\u2019habitude. C\u2019\u00e9tait vraiment roulant, on \u00e9tait en boyaux interm\u00e9diaires, ce n\u2019\u00e9tait pas comme d\u2019habitude. <\/p>\n<p><strong>\u00ab J\u2019AI PEUT-\u00caTRE UN PEU TROP G\u00c9R\u00c9 \u00bb<\/strong> <\/p>\n<p><strong>Tu t\u2019es tr\u00e8s vite retrouv\u00e9 avec de gros clients qui jouent r\u00e9guli\u00e8rement les Top 15 voire les Top 10 en Coupe du Monde. Comment as-tu g\u00e9r\u00e9 ta course ?<\/strong><br \/>Je n\u2019ai pas eu peur d\u2019\u00eatre en surr\u00e9gime, j\u2019avais confiance en moi. Pour une fois, j\u2019ai fait un bon start, une dizaine de places de mieux que d\u2019habitude. J\u2019ai voulu g\u00e9rer et en r\u00e9alit\u00e9, j\u2019ai peut-\u00eatre un peu trop g\u00e9r\u00e9. Je l\u2019ai senti \u00e0 la mi-course, il m\u2019en restait encore pas mal. Lorsque j\u2019ai voulu en remettre, j\u2019ai fait pas mal d\u2019erreurs techniques. Il faut que je me fasse confiance. Quand je suis en forme, je peux faire de belles choses. J\u2019esp\u00e8re confirmer dimanche.<\/p>\n<p><strong>Tu \u00e9tais au contact avec R\u00e9mi Lelandais dans les deux derniers tours. Vous vous \u00eates soutenus ?<\/strong><br \/>Oui, c\u2019est \u00e7a, on jouait le Top 16 ensemble car devant, c\u2019\u00e9tait assez loin et \u00e7a semblait inaccessible mais on est bien revenus, pas loin. On a bien jou\u00e9 le coup. Il m\u2019a fait p\u00e9ter dans la grosse c\u00f4te (rire), il \u00e9tait quand m\u00eame plus fort sur le dernier tour. Quand j\u2019ai vu que c\u2019\u00e9tait assez loin derri\u00e8re, j\u2019ai fini par g\u00e9r\u00e9 mon effort pour ne pas commettre d\u2019erreurs et assurer ce r\u00e9sultat.<\/p>\n","protected":false},"excerpt":{"rendered":"Toujours pr\u00e9sent aux alentours de la vingti\u00e8me place en Coupe du Monde depuis le d\u00e9but de la saison,&hellip;\n","protected":false},"author":2,"featured_media":625454,"comment_status":"","ping_status":"","sticky":false,"template":"","format":"standard","meta":{"footnotes":""},"categories":[1411],"tags":[834,828,836,829,837,827,83,826,824,823,1154,207,814,817,815,816,822,821,832,211,839,1011,27,820,818,819,835,831,830,833,838,60,212,208,825],"class_list":{"0":"post-625453","1":"post","2":"type-post","3":"status-publish","4":"format-standard","5":"has-post-thumbnail","7":"category-cyclisme","8":"tag-attaque","9":"tag-belgique","10":"tag-braquet","11":"tag-bretagne","12":"tag-chute","13":"tag-competition","14":"tag-coupe-de-france","15":"tag-coureur","16":"tag-course-cyclisme","17":"tag-course-cycliste","18":"tag-cycling","19":"tag-cyclisme","20":"tag-direct","21":"tag-direct-velo","22":"tag-directvelo","23":"tag-directvelo-com","24":"tag-epreuve","25":"tag-epreuve-cycliste","26":"tag-federation-francaise-de-cyclisme","27":"tag-ffc","28":"tag-flandres","29":"tag-fr","30":"tag-france","31":"tag-live","32":"tag-live-course","33":"tag-live-epreuve","34":"tag-peloton","35":"tag-radio-peloton","36":"tag-radio-tour","37":"tag-ravitaillement","38":"tag-relance","39":"tag-sports","40":"tag-uci","41":"tag-velo","42":"tag-velos"},"share_on_mastodon":{"url":"https:\/\/pubeurope.com\/@fr\/115792270154483043","error":""},"_links":{"self":[{"href":"https:\/\/www.europesays.com\/fr\/wp-json\/wp\/v2\/posts\/625453","targetHints":{"allow":["GET"]}}],"collection":[{"href":"https:\/\/www.europesays.com\/fr\/wp-json\/wp\/v2\/posts"}],"about":[{"href":"https:\/\/www.europesays.com\/fr\/wp-json\/wp\/v2\/types\/post"}],"author":[{"embeddable":true,"href":"https:\/\/www.europesays.com\/fr\/wp-json\/wp\/v2\/users\/2"}],"replies":[{"embeddable":true,"href":"https:\/\/www.europesays.com\/fr\/wp-json\/wp\/v2\/comments?post=625453"}],"version-history":[{"count":0,"href":"https:\/\/www.europesays.com\/fr\/wp-json\/wp\/v2\/posts\/625453\/revisions"}],"wp:featuredmedia":[{"embeddable":true,"href":"https:\/\/www.europesays.com\/fr\/wp-json\/wp\/v2\/media\/625454"}],"wp:attachment":[{"href":"https:\/\/www.europesays.com\/fr\/wp-json\/wp\/v2\/media?parent=625453"}],"wp:term":[{"taxonomy":"category","embeddable":true,"href":"https:\/\/www.europesays.com\/fr\/wp-json\/wp\/v2\/categories?post=625453"},{"taxonomy":"post_tag","embeddable":true,"href":"https:\/\/www.europesays.com\/fr\/wp-json\/wp\/v2\/tags?post=625453"}],"curies":[{"name":"wp","href":"https:\/\/api.w.org\/{rel}","templated":true}]}}