{"id":625457,"date":"2025-12-27T15:37:14","date_gmt":"2025-12-27T15:37:14","guid":{"rendered":"https:\/\/www.europesays.com\/fr\/625457\/"},"modified":"2025-12-27T15:37:14","modified_gmt":"2025-12-27T15:37:14","slug":"gregory-lemarchal-qui-est-gaspard-la-reincarnation-du-chanteur-dapres-les-internautes","status":"publish","type":"post","link":"https:\/\/www.europesays.com\/fr\/625457\/","title":{"rendered":"Gr\u00e9gory Lemarchal : qui est Gaspard, la \u201cr\u00e9incarnation\u201d du chanteur d\u2019apr\u00e8s les internautes ?"},"content":{"rendered":"<p>Depuis quelques jours, un jeune gar\u00e7on pr\u00e9nomm\u00e9<br \/>\n<strong>Gaspard<\/strong> attire particuli\u00e8rement<br \/>\n<strong>l\u2019attention<\/strong> sur les r\u00e9seaux sociaux. Passionn\u00e9 de<br \/>\n<strong>chant<\/strong>, il partage r\u00e9guli\u00e8rement des<br \/>\n<strong>reprises<\/strong>\u00a0sur TikTok. Mais l\u2019une<br \/>\nd\u2019elles, un cover d\u2019Autrement de <a href=\"https:\/\/www.closermag.fr\/tv_tele_realite\/soyons-fair-play-julie-zenatti-a-la-defaite-amere-face-a-julien-lieb-dans-les-12-coups-de-midi-et-cest-genant-3563498\" target=\"_blank\" rel=\"noopener\"><br \/>\nJulien Lieb<\/a>, a touch\u00e9 en plein c\u0153ur. En effet, les internautes<br \/>\nont imm\u00e9diatement not\u00e9 une <strong>troublante similitude<\/strong><br \/>\navec <a href=\"https:\/\/www.closermag.fr\/tv_tele_realite\/flashback-star-ac-gregory-lemarchal-faustine-nogherotto-ces-drames-qui-ont-frappe-lemission-3583342\" target=\"_blank\" rel=\"noopener\"><br \/>\nGr\u00e9gory Lemarchal, disparu en 2007.<\/a> <strong>Voix douce, \u00e9motion<br \/>\npalpable, allure juv\u00e9nile.<\/strong> Le parall\u00e8le s\u2019est impos\u00e9 de<br \/>\nlui-m\u00eame pour de nombreux fans du chanteur r\u00e9v\u00e9l\u00e9 par la Star<br \/>\nAcademy.<\/p>\n<p>Tr\u00e8s vite, sa vid\u00e9o a <strong>circul\u00e9<\/strong> bien au-del\u00e0 de<br \/>\nla plateforme, \u00e9mouvant ceux qui ont connu <strong>Gr\u00e9gory<br \/>\nLemarchal<\/strong> comme les plus jeunes qui l\u2019ont d\u00e9couvert apr\u00e8s<br \/>\ncoup. Certains internautes ont m\u00eame avou\u00e9 avoir eu l\u2019impression de<br \/>\n\u201c<strong>l\u2019entendre \u00e0 nouveau<\/strong>\u201d, tant la<br \/>\n<strong>ressemblance<\/strong> artistique et physique para\u00eet<br \/>\n<strong>frappante<\/strong>. Face \u00e0 ces r\u00e9actions, Gaspard s\u2019est<br \/>\nmontr\u00e9 <strong>humble<\/strong> et a expliqu\u00e9 qu\u2019il vivait cet \u00e9lan<br \/>\ncomme un <strong>honneur<\/strong>.<\/p>\n<p>Une ressemblance avec Gr\u00e9gory Lemarchal qui bouleverse les<br \/>\ninternautes<\/p>\n<p>Sous ses publications, les <strong>commentaires<\/strong> se<br \/>\nmultiplient. Beaucoup \u00e9voquent un v\u00e9ritable <strong>sosie<\/strong><br \/>\nquand d\u2019autres vont jusqu\u2019\u00e0 parler de<br \/>\n\u201c<strong>r\u00e9incarnation<\/strong>\u201d. Devant l\u2019\u00e9motion<br \/>\nsuscit\u00e9e, Gaspard r\u00e9pond avec <strong>simplicit\u00e9<\/strong> et<br \/>\n<strong>gratitude<\/strong>, conscient de la <strong>charge<br \/>\nsymbolique<\/strong> que repr\u00e9sente le nom du <a href=\"https:\/\/www.closermag.fr\/people\/gregory-lemarchal-le-voir-se-debattre-les-terribles-souvenirs-de-son-ultime-concert-avant-sa-mort-1713345\" target=\"_blank\" rel=\"noopener\"><br \/>\ntragique disparu Gr\u00e9gory Lemarchal<\/a> pour le public. Plusieurs<br \/>\nabonn\u00e9s ont m\u00eame cru, dans un premier temps, \u00e0 une <strong>vid\u00e9o<br \/>\ntruqu\u00e9e ou g\u00e9n\u00e9r\u00e9e par intelligence artificielle<\/strong> avant de<br \/>\nd\u00e9couvrir qu\u2019il s\u2019agissait bien d\u2019un jeune <strong>chanteur bien<br \/>\nr\u00e9el.<\/strong><\/p>\n<p>Le ph\u00e9nom\u00e8ne ne date pas d\u2019hier : d\u00e9j\u00e0 il y a quelques mois,<br \/>\nGaspard s\u2019\u00e9tait illustr\u00e9 en reprenant SOS d\u2019un terrien en<br \/>\nd\u00e9tresse, <strong>morceau mythique que Gr\u00e9gory<br \/>\nLemarchal<\/strong> avait sublim\u00e9 sur la sc\u00e8ne de la Star<br \/>\nAcademy. L\u00e0 encore, la <strong>magie<\/strong> op\u00e8re. Avec<br \/>\n<strong>\u00e9motion<\/strong> et <strong>nostalgie<\/strong>, les<br \/>\ninternautes disent retrouver un peu de <strong>l\u2019\u00e2me du chanteur<br \/>\ndisparu<\/strong> sans manquer de saluer le <strong>talent<br \/>\npersonnel<\/strong> du jeune gar\u00e7on.<\/p>\n<blockquote class=\"instagram-media\" style=\"background: #ffffff;border: 0;margin: 1px;width: 100%;padding: 0;max-width: 500px;\" data-instgrm-permalink=\"https:\/\/www.instagram.com\/reel\/DSvEqluDLQu\/?igsh=dGdhcmZiZGYxaGZ4\" data-instgrm-version=\"14\"\/><p>\nGaspard, nouveau candidat de la<br \/>\nStar Academy ?<\/p>\n<p>Aujourd\u2019hui, la vid\u00e9o d\u2019Autrement conna\u00eet un v\u00e9ritable<br \/>\n<strong>succ\u00e8s<\/strong> en ligne. Elle cumule des <strong>milliers<br \/>\nde vues<\/strong> et de partages notamment sur X. Certains<br \/>\ninternautes, troubl\u00e9s, ont m\u00eame pens\u00e9 qu\u2019il s\u2019agissait<br \/>\n<strong>d\u2019archives de Gr\u00e9gory Lemarchal enfant<\/strong>. Cette<br \/>\nnotori\u00e9t\u00e9 soudaine ouvre forc\u00e9ment la porte aux<br \/>\n<strong>questions<\/strong>. Gaspard pourrait-il un jour<br \/>\n<strong>fouler la sc\u00e8ne de la Star Academy<\/strong> ?<br \/>\nBeaucoup aimeraient le voir <strong>invit\u00e9<\/strong> sur un prime<br \/>\npour un moment <strong>d\u2019\u00e9motion<\/strong> partag\u00e9.<\/p>\n<p>Quoi qu\u2019il en soit, la <strong>comparaison<\/strong> avec Gr\u00e9gory<br \/>\nLemarchal reste avant tout un immense <strong>compliment<\/strong>.<br \/>\nLe jeune gar\u00e7on semble vouloir continuer son<br \/>\n<strong>chemin<\/strong> avec <strong>humilit\u00e9<\/strong> et<br \/>\n<strong>passion<\/strong>. Et s\u2019il n\u2019est pas une<br \/>\n\u201c<strong>r\u00e9incarnation<\/strong>\u201d, il prouve que la musique<br \/>\npeut faire <strong>rena\u00eetre des souvenirs et transmettre,<\/strong><br \/>\nencore et toujours, cette voix qui a tant marqu\u00e9 une<br \/>\n<strong>g\u00e9n\u00e9ration<\/strong>.<\/p>\n<p><script async src=\"\/\/www.instagram.com\/embed.js\"><\/script><\/p>\n","protected":false},"excerpt":{"rendered":"Depuis quelques jours, un jeune gar\u00e7on pr\u00e9nomm\u00e9 Gaspard attire particuli\u00e8rement l\u2019attention sur les r\u00e9seaux sociaux. Passionn\u00e9 de chant,&hellip;\n","protected":false},"author":2,"featured_media":625458,"comment_status":"","ping_status":"","sticky":false,"template":"","format":"standard","meta":{"footnotes":""},"categories":[1359],"tags":[21303,58,59,1011,27,70426,973,65861],"class_list":{"0":"post-625457","1":"post","2":"type-post","3":"status-publish","4":"format-standard","5":"has-post-thumbnail","7":"category-people","8":"tag-buzz_nonli","9":"tag-divertissement","10":"tag-entertainment","11":"tag-fr","12":"tag-france","13":"tag-marfeel_news","14":"tag-people","15":"tag-trend"},"share_on_mastodon":{"url":"https:\/\/pubeurope.com\/@fr\/115792278014823049","error":""},"_links":{"self":[{"href":"https:\/\/www.europesays.com\/fr\/wp-json\/wp\/v2\/posts\/625457","targetHints":{"allow":["GET"]}}],"collection":[{"href":"https:\/\/www.europesays.com\/fr\/wp-json\/wp\/v2\/posts"}],"about":[{"href":"https:\/\/www.europesays.com\/fr\/wp-json\/wp\/v2\/types\/post"}],"author":[{"embeddable":true,"href":"https:\/\/www.europesays.com\/fr\/wp-json\/wp\/v2\/users\/2"}],"replies":[{"embeddable":true,"href":"https:\/\/www.europesays.com\/fr\/wp-json\/wp\/v2\/comments?post=625457"}],"version-history":[{"count":0,"href":"https:\/\/www.europesays.com\/fr\/wp-json\/wp\/v2\/posts\/625457\/revisions"}],"wp:featuredmedia":[{"embeddable":true,"href":"https:\/\/www.europesays.com\/fr\/wp-json\/wp\/v2\/media\/625458"}],"wp:attachment":[{"href":"https:\/\/www.europesays.com\/fr\/wp-json\/wp\/v2\/media?parent=625457"}],"wp:term":[{"taxonomy":"category","embeddable":true,"href":"https:\/\/www.europesays.com\/fr\/wp-json\/wp\/v2\/categories?post=625457"},{"taxonomy":"post_tag","embeddable":true,"href":"https:\/\/www.europesays.com\/fr\/wp-json\/wp\/v2\/tags?post=625457"}],"curies":[{"name":"wp","href":"https:\/\/api.w.org\/{rel}","templated":true}]}}