{"id":62547,"date":"2025-04-29T19:25:13","date_gmt":"2025-04-29T19:25:13","guid":{"rendered":"https:\/\/www.europesays.com\/fr\/62547\/"},"modified":"2025-04-29T19:25:13","modified_gmt":"2025-04-29T19:25:13","slug":"comment-marseille-est-devenue-une-capitale-mondiale-des-centres-de-donnees","status":"publish","type":"post","link":"https:\/\/www.europesays.com\/fr\/62547\/","title":{"rendered":"Comment Marseille est devenue une capitale mondiale des centres de donn\u00e9es"},"content":{"rendered":"<p><strong>D\u00c9CRYPTAGE &#8211; <\/strong>La ville, qui b\u00e9n\u00e9ficie d\u2019une position strat\u00e9gique dans l\u2019acheminement de l\u2019internet mondial par des c\u00e2bles sous-marins, voit les projets se multiplier. Ce qui ne va pas sans frictions avec les riverains et les pouvoirs publics.<\/p>\n<p class=\"fig-paragraph\">Empreintes digitales et badge pour passer les portiques, pes\u00e9e \u00e0 chaque passage de sas\u2026 Dans cette ancienne base sous-marine du port de Marseille Fos,\u00a0<a href=\"http:\/\/www.lefigaro.fr\/secteur\/high-tech\/energie-infrastructures-pourquoi-la-france-attire-plus-d-implantations-de-data-centers-20240515\" data-fig-type=\"Article\" data-gtm-custom-categorie=\"navigation\" data-gtm-custom-action=\"crossclick\" data-gtm-custom-label=\"Contextuel\" data-gtm-event=\"customEventSPE\" data-fig-domain=\"LEFIGARO\" target=\"_blank\" rel=\"noopener\">transform\u00e9e en un data center baptis\u00e9 \u00ab\u00a0MRS3\u00a0\u00bb<\/a>, il s\u2019agit de montrer patte blanche. \u00c0 l\u2019int\u00e9rieur de ce b\u00e2timent dernier cri, exploit\u00e9 depuis 2020 par Digital Realty, un des leaders mondiaux, des centaines d\u2019entreprises dont des Gafam (Google, Amazon, Facebook\u2026) y louent des salles abritant des rang\u00e9es d\u2019armoires informatiques &#8211; pr\u00e8s de 3000. Elles prot\u00e8gent ainsi leurs serveurs, \u00e0 prix d\u2019or.<\/p>\n<p class=\"fig-paragraph\">Ce centre de donn\u00e9es \u00e0 l\u2019int\u00e9rieur d\u2019une enceinte fortifi\u00e9e, est l\u2019un des symboles de la r\u00e9volution que conna\u00eet la Cit\u00e9 phoc\u00e9enne. En \u00e0 peine cinq\u00a0ans, elle s\u2019est transform\u00e9e en eldorado pour le stockage informatique. La ville en compte d\u00e9j\u00e0 six data centers, dont trois sur le port, \u00e0 quelques encablures de l\u2019embarquement des bateaux de croisi\u00e8re.<\/p>\n<p class=\"fig-body-link\">\n            \u00c0 lire aussi<br \/>\n        <a class=\"fig-body-link__link fig-premium-mark\" href=\"http:\/\/www.lefigaro.fr\/secteur\/high-tech\/data-center-ia-rachats-d-entreprises-ou-s-arretera-l-odyssee-d-iliad-free-et-de-xavier-niel-dans-les-telecoms-europeens-20250325\" data-fig-type=\"Article\" data-gtm-custom-categorie=\"navigation\" data-gtm-custom-action=\"crossclick\" data-gtm-custom-label=\"Contextuel\" data-gtm-event=\"customEventSPE\" data-fig-domain=\"LEFIGARO\" target=\"_blank\" rel=\"noopener\">Rachats d\u2019entreprises, data center, IA&#8230; O\u00f9 s\u2019arr\u00eatera l\u2019odyss\u00e9e d\u2019Iliad (Free) et de Xavier Niel dans les t\u00e9l\u00e9coms europ\u00e9ens?<br \/>\n    <\/a>\n<\/p>\n<p class=\"fig-paragraph\">Un septi\u00e8me est en construction \u00e0 quelques m\u00e8tres de l\u00e0, en lieu et place d\u2019un ancien silo \u00e0 sucre abandonn\u00e9\u2026<\/p>\n<p class=\"fig-premium-paywall__infos\">\n        Cet article est r\u00e9serv\u00e9 aux abonn\u00e9s.        Il vous reste 84% \u00e0 d\u00e9couvrir.\n    <\/p>\n<p>                <img  data- alt=\"Le Figaro\" class=\"fig-img--complete fig-img\"\/><\/p>\n<p class=\"fig-premium-paywall__title\">Je m&rsquo;informe, je m&rsquo;inspire, je m&rsquo;abonne.<\/p>\n<p class=\"fig-premium-paywall__subtitle\">D\u00e9couvrez notre offre de bienvenue.<\/p>\n<p class=\"fig-premium-paywall__connect\">\n                D\u00e9j\u00e0 abonn\u00e9\u00a0?                <a class=\"fig-premium-paywall__connect-link\" href=\"https:\/\/connect.lefigaro.fr\/login?client=horizon_web&amp;type=main&amp;redirect_uri=https%3A%2F%2Fwww.lefigaro.fr%2Fsecteur%2Fhigh-tech%2Fcomment-marseille-est-devenue-une-capitale-mondiale-des-centres-de-donnees-20250429\" data-js-gtm=\"{&quot;customCategorie&quot;: &quot;conversion&quot;, &quot;customAction&quot;: &quot;before_Landing_Connexion_paywall_auto&quot;, &quot;customLabel&quot;: &quot;bGVmaWdhcm8uZnJfXzFmMDI0ZjJlLTZhODAtNmQ3OC05MWZhLTQ5NWQ0ZmVmNTc5ZV9fQXJ0aWNsZQ==_Comment Marseille est devenue une capitale mondiale des centres de donn\u00e9es_100&quot;, &quot;customIDSPE&quot;: &quot;bGVmaWdhcm8uZnJfXzFmMDI0ZjJlLTZhODAtNmQ3OC05MWZhLTQ5NWQ0ZmVmNTc5ZV9fQXJ0aWNsZQ==&quot;, &quot;event&quot;: &quot;customEventSPE&quot;}\" target=\"_blank\" rel=\"noopener\"><br \/>\n                    Connectez-vous<br \/>\n                <\/a>\n            <\/p>\n","protected":false},"excerpt":{"rendered":"D\u00c9CRYPTAGE &#8211; La ville, qui b\u00e9n\u00e9ficie d\u2019une position strat\u00e9gique dans l\u2019acheminement de l\u2019internet mondial par des c\u00e2bles sous-marins,&hellip;\n","protected":false},"author":2,"featured_media":62548,"comment_status":"","ping_status":"","sticky":false,"template":"","format":"standard","meta":{"footnotes":""},"categories":[2814],"tags":[1111,47,11,722,723,1777,674,1011,27,727,726,142,310,655,884,720,12,719,882,25,724,725,16033,717,718,721,728],"class_list":{"0":"post-62547","1":"post","2":"type-post","3":"status-publish","4":"format-standard","5":"has-post-thumbnail","7":"category-marseille","8":"tag-actu","9":"tag-actualite","10":"tag-actualites","11":"tag-blog","12":"tag-blogs","13":"tag-eu","14":"tag-europe","15":"tag-fr","16":"tag-france","17":"tag-gadget","18":"tag-gadgets","19":"tag-high-tech","20":"tag-internet","21":"tag-iphone","22":"tag-marseille","23":"tag-multimedia","24":"tag-news","25":"tag-nouvelles-technolgies","26":"tag-provence-alpes-cote-dazur","27":"tag-republique-francaise","28":"tag-smartphone","29":"tag-tablette","30":"tag-tech","31":"tag-technologie","32":"tag-tic","33":"tag-web","34":"tag-widgets"},"share_on_mastodon":{"url":"https:\/\/pubeurope.com\/@fr\/114422895428114380","error":""},"_links":{"self":[{"href":"https:\/\/www.europesays.com\/fr\/wp-json\/wp\/v2\/posts\/62547","targetHints":{"allow":["GET"]}}],"collection":[{"href":"https:\/\/www.europesays.com\/fr\/wp-json\/wp\/v2\/posts"}],"about":[{"href":"https:\/\/www.europesays.com\/fr\/wp-json\/wp\/v2\/types\/post"}],"author":[{"embeddable":true,"href":"https:\/\/www.europesays.com\/fr\/wp-json\/wp\/v2\/users\/2"}],"replies":[{"embeddable":true,"href":"https:\/\/www.europesays.com\/fr\/wp-json\/wp\/v2\/comments?post=62547"}],"version-history":[{"count":0,"href":"https:\/\/www.europesays.com\/fr\/wp-json\/wp\/v2\/posts\/62547\/revisions"}],"wp:featuredmedia":[{"embeddable":true,"href":"https:\/\/www.europesays.com\/fr\/wp-json\/wp\/v2\/media\/62548"}],"wp:attachment":[{"href":"https:\/\/www.europesays.com\/fr\/wp-json\/wp\/v2\/media?parent=62547"}],"wp:term":[{"taxonomy":"category","embeddable":true,"href":"https:\/\/www.europesays.com\/fr\/wp-json\/wp\/v2\/categories?post=62547"},{"taxonomy":"post_tag","embeddable":true,"href":"https:\/\/www.europesays.com\/fr\/wp-json\/wp\/v2\/tags?post=62547"}],"curies":[{"name":"wp","href":"https:\/\/api.w.org\/{rel}","templated":true}]}}