{"id":625471,"date":"2025-12-27T15:46:14","date_gmt":"2025-12-27T15:46:14","guid":{"rendered":"https:\/\/www.europesays.com\/fr\/625471\/"},"modified":"2025-12-27T15:46:14","modified_gmt":"2025-12-27T15:46:14","slug":"quelle-est-cette-curieuse-etude-associant-des-bacteries-a-la-presence-de-nanoparticules-dor-dans-des-aiguilles-de-sapin","status":"publish","type":"post","link":"https:\/\/www.europesays.com\/fr\/625471\/","title":{"rendered":"quelle est cette curieuse \u00e9tude associant des bact\u00e9ries \u00e0 la pr\u00e9sence de nanoparticules d&rsquo;or dans des aiguilles de sapin ?"},"content":{"rendered":"<p><strong>Dans le cadre de r\u00e9cents travaux, des chercheurs finlandais ont \u00e9tabli pour la premi\u00e8re fois un lien entre la pr\u00e9sence de nanoparticules d\u2019or dans les aiguilles de certains conif\u00e8res et des bact\u00e9ries. L\u2019utilit\u00e9 de ces recherches n\u2019est pas anodine puisqu\u2019il est \u00e9ventuellement question de trouver un moyen d\u2019assainir les eaux contamin\u00e9es par l\u2019industrie mini\u00e8re.<\/strong><\/p>\n<p>Un processus encore assez m\u00e9connu<\/p>\n<p>Tout d\u2019abord, il incombe de donner quelques pr\u00e9cisions \u00e0 propos de la biomin\u00e9ralisation. Il s\u2019agit du processus via lequel <strong>des organismes vivants fabriquent des structures min\u00e9rales<\/strong> en contr\u00f4lant la pr\u00e9cipitation (formation d\u2019un solide insoluble) d\u2019ions min\u00e9raux dissous. La biomin\u00e9ralisation donne donc des mat\u00e9riaux composites uniques aux propri\u00e9t\u00e9s sp\u00e9cifiques, <strong>jouant souvent un r\u00f4le important dans les cycles g\u00e9ochimiques<\/strong>. Cependant, ce processus reste encore assez mal compris et fait assez r\u00e9guli\u00e8rement l\u2019objet de recherches scientifiques.<\/p>\n<p>A l\u2019Universit\u00e9 d\u2019Oulu (Finlande), une \u00e9quipe a men\u00e9 des travaux mettant en sc\u00e8ne des conif\u00e8res de type \u00e9pic\u00e9a, des nanoparticules d\u2019or et des bact\u00e9ries, comme en t\u00e9moigne <a href=\"https:\/\/link.springer.com\/article\/10.1186\/s40793-025-00770-x\" target=\"_blank\" rel=\"noopener\">leur publication dans la revue Environmental Microbiome<\/a> en aout 2025. Les auteurs <strong>ont pr\u00e9lev\u00e9 138 \u00e9chantillons d\u2019aiguilles sur 23 \u00e9pic\u00e9as communs<\/strong> (Picea abies) se trouvant pr\u00e8s d\u2019un gisement de la mine d\u2019or de Kittil\u00e4, en Laponie finlandaise. Or, des nanoparticules d\u2019or \u00e0 l\u2019\u00e9chelle nano \u2013 de l\u2019ordre du millioni\u00e8me de millim\u00e8tre \u2013 ont \u00e9t\u00e9 <strong>d\u00e9couvertes \u00e0 l\u2019int\u00e9rieur de quatre \u00e9chantillons.<\/strong><\/p>\n<p>\u00ab\u00a0Au total, quatre \u00e9pic\u00e9as, repr\u00e9sentant 17,4 % de la population \u00e9chantillonn\u00e9e, contenaient des nanoparticules d\u2019or. Ces nanoparticules \u00e9taient entour\u00e9es de cellules microbiennes encapsul\u00e9es dans une matrice de biofilm. La richesse bact\u00e9rienne \u00e9tait plus faible chez les arbres pr\u00e9sentant des concentrations \u00e9lev\u00e9es en or, tandis que la diversit\u00e9 bact\u00e9rienne et la composition des communaut\u00e9s dans les aiguilles d\u2019\u00e9pic\u00e9a ne diff\u00e9raient pas entre les arbres avec et sans nanoparticules d\u2019or.\u00a0\u00bb, peut-on lire dans l\u2019\u00e9tude.<\/p>\n<p><img loading=\"lazy\" data-lazyloaded=\"1\" decoding=\"async\" class=\"size-full wp-image-321784\" src=\"https:\/\/www.europesays.com\/fr\/wp-content\/uploads\/2025\/12\/nanoparticules-dor-sapin-bacteries.jpg\" alt=\"nanoparticules d'or sapin bact\u00e9ries.\" width=\"866\" height=\"711\"  data-\/>Cr\u00e9dit : Cr\u00e9dits : Lehosmaa et al., Environmental Microbiome., 2025Microscopie \u00e9lectronique \u00e0 balayage (MEB) des nanoparticules d\u2019or dans les tissus d\u2019aiguilles d\u2019\u00e9pic\u00e9a commun colonis\u00e9s par des bact\u00e9ries.Un potentiel int\u00e9r\u00eat dans la d\u00e9pollution des eaux<\/p>\n<p>Il s\u2019av\u00e8re que les nanoparticules d\u2019or d\u00e9couvertes \u00e9taient en quelque sorte <strong>emball\u00e9es dans des biofilms d\u2019origine bact\u00e9rienne<\/strong>. Plus pr\u00e9cis\u00e9ment, ces biofilms provienent de bact\u00e9ries capables de s\u00e9cr\u00e9ter des substances protectrices. Gr\u00e2ce au s\u00e9quen\u00e7age ADN de ces biofilms, les scientifiques ont d\u00e9couvert que les bact\u00e9ries des genres Cutibacterium et Corynebacterium \u00e9taient plus pr\u00e9sentes dans les aiguilles renfermant des particules d\u2019or. Ceci laisse donc penser que ces bact\u00e9ries sp\u00e9cifiques \u00e0 l\u2019\u00e9pic\u00e9a <strong>contribuent \u00e0 la transformation de l\u2019or soluble <\/strong>en particules solides et ce, \u00e0 l\u2019int\u00e9rieur m\u00eame des aiguilles.<\/p>\n<p>Rappelons au passage que dans la nature, <strong>les gisements miniers lib\u00e8rent des ions m\u00e9talliques<\/strong> via l\u2019oxydation mais \u00e9galement, l\u2019activit\u00e9 bact\u00e9rienne. Par la suite, ces ions migrent vers la surface. Comme l\u2019indiquent les auteurs de l\u2019\u00e9tude, l\u2019or est pr\u00e9sent dans le sol sous forme liquide et soluble et lors de son transport par l\u2019eau, celui-ci p\u00e9n\u00e8tre dans les aiguilles des arbres. En bout de chaine, les microbes se trouvant dans les arbres sont <strong>susceptibles de \u00ab\u00a0pr\u00e9cipiter\u00a0\u00bb l\u2019or soluble en particules solides.<\/strong><\/p>\n<p>Enfin, il est n\u00e9cessaire de souligner que ces fameuses nanoparticules d\u2019or sont \u00e9videmment <strong>trop petites pour \u00eatre collect\u00e9es \u00e0 des fins commerciales<\/strong>. Autrement dit, l\u2019utilit\u00e9 de ces travaux est ailleurs. Pour les scientifiques, leurs d\u00e9couvertes pourraient s\u2019av\u00e9rer tr\u00e8s importantes <a href=\"https:\/\/sciencepost.fr\/ce-nanofiltre-peut-purifier-leau-100-fois-plus-rapidement\/\" target=\"_blank\" rel=\"noopener\">dans le domaine de la d\u00e9pollution des eaux<\/a>. Ainsi, ces derniers explorent actuellement la fa\u00e7on dont les bact\u00e9ries vivent dans des mousses aquatiques, afin d\u2019\u00e9valuer <strong>leur potentiel dans l\u2019\u00e9limination des m\u00e9taux pr\u00e9sents dans l\u2019eau<\/strong> suite aux rejets de l\u2019industrie mini\u00e8re.<\/p>\n","protected":false},"excerpt":{"rendered":"Dans le cadre de r\u00e9cents travaux, des chercheurs finlandais ont \u00e9tabli pour la premi\u00e8re fois un lien entre&hellip;\n","protected":false},"author":2,"featured_media":625472,"comment_status":"","ping_status":"","sticky":false,"template":"","format":"standard","meta":{"footnotes":""},"categories":[7],"tags":[1011,27,43,40,41,39,42,44],"class_list":{"0":"post-625471","1":"post","2":"type-post","3":"status-publish","4":"format-standard","5":"has-post-thumbnail","7":"category-sciences-et-technologies","8":"tag-fr","9":"tag-france","10":"tag-science","11":"tag-science-and-technology","12":"tag-sciences","13":"tag-sciences-et-technologies","14":"tag-technologies","15":"tag-technology"},"share_on_mastodon":{"url":"https:\/\/pubeurope.com\/@fr\/115792314520853053","error":""},"_links":{"self":[{"href":"https:\/\/www.europesays.com\/fr\/wp-json\/wp\/v2\/posts\/625471","targetHints":{"allow":["GET"]}}],"collection":[{"href":"https:\/\/www.europesays.com\/fr\/wp-json\/wp\/v2\/posts"}],"about":[{"href":"https:\/\/www.europesays.com\/fr\/wp-json\/wp\/v2\/types\/post"}],"author":[{"embeddable":true,"href":"https:\/\/www.europesays.com\/fr\/wp-json\/wp\/v2\/users\/2"}],"replies":[{"embeddable":true,"href":"https:\/\/www.europesays.com\/fr\/wp-json\/wp\/v2\/comments?post=625471"}],"version-history":[{"count":0,"href":"https:\/\/www.europesays.com\/fr\/wp-json\/wp\/v2\/posts\/625471\/revisions"}],"wp:featuredmedia":[{"embeddable":true,"href":"https:\/\/www.europesays.com\/fr\/wp-json\/wp\/v2\/media\/625472"}],"wp:attachment":[{"href":"https:\/\/www.europesays.com\/fr\/wp-json\/wp\/v2\/media?parent=625471"}],"wp:term":[{"taxonomy":"category","embeddable":true,"href":"https:\/\/www.europesays.com\/fr\/wp-json\/wp\/v2\/categories?post=625471"},{"taxonomy":"post_tag","embeddable":true,"href":"https:\/\/www.europesays.com\/fr\/wp-json\/wp\/v2\/tags?post=625471"}],"curies":[{"name":"wp","href":"https:\/\/api.w.org\/{rel}","templated":true}]}}